{"id":59141,"date":"2025-04-28T11:45:12","date_gmt":"2025-04-28T11:45:12","guid":{"rendered":"https:\/\/www.europesays.com\/fr\/59141\/"},"modified":"2025-04-28T11:45:12","modified_gmt":"2025-04-28T11:45:12","slug":"affaire-de-la-station-depuration-de-saint-laurent-du-var-la-regie-eau-dazur-via-la-mairie-va-indemniser-les-clubs-nautiques","status":"publish","type":"post","link":"https:\/\/www.europesays.com\/fr\/59141\/","title":{"rendered":"Affaire de la station d\u2019\u00e9puration de Saint-Laurent-du-Var: la r\u00e9gie Eau d\u2019Azur, via la mairie, va indemniser les clubs nautiques"},"content":{"rendered":"<p>Lors du conseil municipal laurentin de ce lundi 28 avril 2025, deux subventions exceptionnelles devraient \u00eatre adopt\u00e9es. L\u2019une pour le Club Var Mer de 41.880 euros (1) afin de compenser \u00ab\u00a0la perte de recettes subie \u00e0 la suite de l\u2019arr\u00eat\u00e9 d\u2019interdiction de navigation sur la p\u00e9riode du 1er f\u00e9vrier au 30 avril 2025\u00a0\u00bb. Et l\u2019autre pour l\u2019AGASC de 44.175 euros (2) pour exactement les m\u00eames raisons.<\/p>\n<p>\u00ab\u00a0Pour r\u00e9agir tr\u00e8s vite, une subvention va \u00eatre attribu\u00e9e par la mairie de Saint-Laurent-du-Var, et par convention la r\u00e9gie Eau d\u2019Azur remboursera la Ville. C\u2019est notre responsabilit\u00e9 comme ma\u00eetre d\u2019ouvrage [de la station d\u2019\u00e9puration de Saint-Laurent-du-Var]. Il n\u2019est pas question pour nous de faire comme s\u2019il ne s\u2019\u00e9tait rien pass\u00e9. Il y a des salari\u00e9s, des adh\u00e9rents et des activit\u00e9s. On ne peut pas laisser les associations en difficult\u00e9. Il faut les aider\u00a0\u00bb, affirme Herv\u00e9 Paul, pr\u00e9sident de la r\u00e9gie Eau d\u2019Azur (propri\u00e9taire de l\u2019ouvrage). Et de poursuivre: \u00ab\u00a0Si des responsabilit\u00e9s directes sont \u00e9tablies, on se retournera contre celui qui a occasionn\u00e9 ce sinistre pour couvrir le pr\u00e9judice.\u00a0\u00bb<\/p>\n<p>\u00ab\u00a0Respecter les principes de transparence et d\u2019\u00e9quit\u00e9 \u00a0\u00bb<\/p>\n<p>Car les deux clubs \u00e9taient quasiment exsangues financi\u00e8rement. \u00ab\u00a0La situation est catastrophique, rapportait dans nos colonnes l\u2019un des responsables du Club Var Mer. Au 31 mars, nous totalisons un pr\u00e9judice de 95.000 euros: emprunts, charges courantes et salaires non pris en charge par le ch\u00f4mage partiel. Des adh\u00e9rents commencent m\u00eame \u00e0 nous exiger des remboursements d\u2019adh\u00e9sion.\u00a0\u00bb<\/p>\n<p>M\u00eame constat pour la pr\u00e9sidente de l\u2019AGASC: \u00ab\u00a0De fin janvier \u00e0 fin avril, on a cumul\u00e9 plus de 40.000 euros de perte. \u00c7a nous a bien perturb\u00e9s.\u00a0\u00bb Fran\u00e7oise Benne se r\u00e9jouit donc de cette subvention: \u00ab\u00a0C\u2019est une tr\u00e8s bonne nouvelle. On esp\u00e8re maintenant beaucoup de la r\u00e9ouverture des plages pour \u00e9viter de perdre les deux derniers mois des classes mer.\u00a0\u00bb<\/p>\n<p>Patrick Villardry, \u00e9lu d\u2019opposition (Union des droites pour la R\u00e9publique), demande \u00ab\u00a0des justificatifs et de la transparence dans l\u2019attribution de ces deux subventions. Il ne s\u2019agit aucunement de remettre en question la bonne foi des associations, ni de nuire \u00e0 leur fonctionnement, mais bien de respecter les principes de transparence et d\u2019\u00e9quit\u00e9\u00a0\u00bb.<\/p>\n<p>1. Le Club Var Mer devrait recevoir \u00e9galement une subvention annuelle de fonctionnement de 9.000 euros et une subvention exceptionnelle suppl\u00e9mentaire de 5.970 euros.<\/p>\n<p>2. L\u2019AGASC b\u00e9n\u00e9ficie de financement via la signature le 14 avril 2022 d\u2019une convention pluriannuelle d\u2019objectifs pour une dur\u00e9e de 5 ans. Un avenant a \u00e9t\u00e9 sign\u00e9 le 18 avril 2023.<\/p>\n","protected":false},"excerpt":{"rendered":"Lors du conseil municipal laurentin de ce lundi 28 avril 2025, deux subventions exceptionnelles devraient \u00eatre adopt\u00e9es. L\u2019une&hellip;\n","protected":false},"author":2,"featured_media":59142,"comment_status":"","ping_status":"","sticky":false,"template":"","format":"standard","meta":{"footnotes":""},"categories":[2819],"tags":[1111,11,33,436,1777,674,1011,27,12,2401,882,25],"class_list":{"0":"post-59141","1":"post","2":"type-post","3":"status-publish","4":"format-standard","5":"has-post-thumbnail","7":"category-nice","8":"tag-actu","9":"tag-actualites","10":"tag-economie","11":"tag-environnement","12":"tag-eu","13":"tag-europe","14":"tag-fr","15":"tag-france","16":"tag-news","17":"tag-nice","18":"tag-provence-alpes-cote-dazur","19":"tag-republique-francaise"},"share_on_mastodon":{"url":"https:\/\/pubeurope.com\/@fr\/114415424198868171","error":""},"_links":{"self":[{"href":"https:\/\/www.europesays.com\/fr\/wp-json\/wp\/v2\/posts\/59141","targetHints":{"allow":["GET"]}}],"collection":[{"href":"https:\/\/www.europesays.com\/fr\/wp-json\/wp\/v2\/posts"}],"about":[{"href":"https:\/\/www.europesays.com\/fr\/wp-json\/wp\/v2\/types\/post"}],"author":[{"embeddable":true,"href":"https:\/\/www.europesays.com\/fr\/wp-json\/wp\/v2\/users\/2"}],"replies":[{"embeddable":true,"href":"https:\/\/www.europesays.com\/fr\/wp-json\/wp\/v2\/comments?post=59141"}],"version-history":[{"count":0,"href":"https:\/\/www.europesays.com\/fr\/wp-json\/wp\/v2\/posts\/59141\/revisions"}],"wp:featuredmedia":[{"embeddable":true,"href":"https:\/\/www.europesays.com\/fr\/wp-json\/wp\/v2\/media\/59142"}],"wp:attachment":[{"href":"https:\/\/www.europesays.com\/fr\/wp-json\/wp\/v2\/media?parent=59141"}],"wp:term":[{"taxonomy":"category","embeddable":true,"href":"https:\/\/www.europesays.com\/fr\/wp-json\/wp\/v2\/categories?post=59141"},{"taxonomy":"post_tag","embeddable":true,"href":"https:\/\/www.europesays.com\/fr\/wp-json\/wp\/v2\/tags?post=59141"}],"curies":[{"name":"wp","href":"https:\/\/api.w.org\/{rel}","templated":true}]}}