{"id":591415,"date":"2025-12-10T21:09:18","date_gmt":"2025-12-10T21:09:18","guid":{"rendered":"https:\/\/www.europesays.com\/fr\/591415\/"},"modified":"2025-12-10T21:09:18","modified_gmt":"2025-12-10T21:09:18","slug":"brieuc-rolland-si-on-mavait-dit-ca-apres-le-tour-dalgarve-actualite","status":"publish","type":"post","link":"https:\/\/www.europesays.com\/fr\/591415\/","title":{"rendered":"Brieuc Rolland : \u00ab Si on m&rsquo;avait dit \u00e7a apr\u00e8s le Tour d&rsquo;Algarve\u2026 \u00bb &#8211; Actualit\u00e9"},"content":{"rendered":"<p style=\"text-align: justify;\">Pour <strong><a href=\"https:\/\/www.directvelo.com\/coureur\/39769\/brieuc-rolland\" target=\"_blank\" rel=\"noopener\">Brieuc Rolland<\/a><\/strong>, il y aura un avant et apr\u00e8s Tour d\u2019Espagne 2025. Pour sa premi\u00e8re exp\u00e9rience sur une course de trois semaines, le coureur de la Groupama-FDJ a \u00e9t\u00e9 pr\u00e9sent \u00e0 plusieurs reprises dans les \u00e9chapp\u00e9es, avec \u00e0 la cl\u00e9 une 8e <strong><a href=\"https:\/\/www.directvelo.com\/coureur\/39769\/brieuc-rolland\" target=\"_blank\" rel=\"noopener\">puis deux 3e places<\/a><\/strong>. \u201cSi on m&rsquo;avait dit \u00e7a apr\u00e8s le Tour d&rsquo;Algarve, je ne l&rsquo;aurais pas cru\u201d, reconna\u00eet-il aupr\u00e8s de DirectVelo.<\/p>\n<p style=\"text-align: justify;\"><strong>\u00ab JE SUIVAIS JUSTE SANS \u00caTRE ACTEUR \u00bb<\/strong><\/p>\n<p>Au Portugal en d\u00e9but de saison, comme sur les \u00e9tapes de montagne du Dauphin\u00e9 en juin, le Finist\u00e9rien reconna\u00eet \u201cavoir pris des claques\u201d. Alors jouer les victoires d\u2019\u00e9tapes sur la Vuelta lui a fait beaucoup de bien mentalement. \u201cJe me suis dit que c&rsquo;\u00e9tait possible de vraiment exister \u00e0 ce niveau-l\u00e0 en ciblant les \u00e9tapes. Auparavant, en WorldTour, j&rsquo;avais peur de faire les efforts au mauvais moment et du retour de b\u00e2ton. Donc en fait, je me renfermais un petit peu et je suivais juste sans \u00eatre acteur\u201d.<\/p>\n<p>Lors de la premi\u00e8re partie de saison, il avait perdu une certaine fougue retrouv\u00e9e sur les routes espagnoles. \u201cJe me suis rendu compte lors de ma premi\u00e8re \u00e9chapp\u00e9e que c&rsquo;\u00e9tait possible. Il fallait y aller \u00e0 fond et ne pas se poser de questions\u201d. Le voil\u00e0 totalement d\u00e9complex\u00e9 pour la saison \u00e0 venir. \u201cFinir ainsi m&rsquo;a permis de partir sur un bel hiver, avec de la confiance. J&rsquo;esp\u00e8re que ce n\u2019est pas pr\u00e8s de s\u2019arr\u00eater pour faire de belles choses en 2026\u201d.<\/p>\n<p><strong>\u00ab\u00a0LEVER LES BRAS, CE SERAIT VRAIMENT LE TOP \u00bb<\/strong><\/p>\n<p>Brieuc Rolland va courir l\u2019an prochain avec en t\u00eate l\u2019id\u00e9e de d\u00e9crocher un premier succ\u00e8s chez les professionnels. \u201cPeu importe l&rsquo;\u00e9chelon. Il n&rsquo;y a aucune course facile \u00e0 gagner. Lever les bras, ce serait vraiment le top pour moi\u201d. Son autre souhait est de continuer d&rsquo;exister et de jouer en WorldTour. \u201cC&rsquo;est vraiment ce qui me fait r\u00eaver\u201d. Mais pas forc\u00e9ment uniquement en prenant les devants. \u201cJ\u2019attends de voir comment mon niveau va \u00e9voluer. S\u2019il me le permet, j\u2019essaierai de jouer des classements si l\u2019\u00e9quipe est d\u2019accord. Mais j\u2019aime aussi chasser les \u00e9tapes dans des \u00e9chapp\u00e9es\u2026\u201d.<\/p>\n<p>Cet hiver, la Groupama-FDJ a recrut\u00e9 plusieurs coureurs avec des caract\u00e9ristiques plut\u00f4t proches des siennes. Plut\u00f4t une chance selon lui plut\u00f4t qu\u2019une nouvelle concurrence. \u201cJe ne fais pas la course contre les mecs de mon \u00e9quipe mais avec, sourit-il. \u00c7a va tirer tout le monde vers le haut. Franchement, je suis super content de retrouver Ewen (Costiou) et d\u2019\u00eatre avec quelqu&rsquo;un comme Cl\u00e9ment (Berthet). Ils ont beaucoup de choses \u00e0 m&rsquo;apprendre, tout comme Bastien (Tronchon) qui a un tr\u00e8s bon punch\u201d.<\/p>\n<p><strong>\u00ab C\u2019EST TOUJOURS LA MONTAGNE QUI ME FAIT R\u00caVER \u00bb<\/strong><\/p>\n<p>Le Breton install\u00e9 depuis un an \u00e0 Nice va continuer de travailler dans les cols pour passer des caps. \u201cJ\u2019ai mis des choses en place, comme le d\u00e9m\u00e9nagement ou le stage en altitude cette ann\u00e9e. Je ne change pas mon fusil d&rsquo;\u00e9paule, c&rsquo;est toujours la montagne qui me fait r\u00eaver m\u00eame si mes capacit\u00e9s intrins\u00e8ques sont plus sur des efforts type ardennaises et que je veux d\u00e9velopper toutes mes capacit\u00e9s\u201d.<\/p>\n<p>Un Grand Tour sera au programme de sa saison 2026. \u201cJ&rsquo;ai ador\u00e9 en faire un cette ann\u00e9e parce que c&rsquo;est plein de belles \u00e9motions, que ce soit positives ou parfois vraiment n\u00e9gatives. J\u2019ai beaucoup appris sur moi-m\u00eame, notamment sur les efforts en montagne et la prise de confiance\u201d. Brieuc Rolland ne serait pas oppos\u00e9 \u00e0 un retour sur Vuelta. \u201cLe Tour de France fait r\u00eaver mais je reste honn\u00eate envers moi-m\u00eame. Si je n&rsquo;ai pas encore les capacit\u00e9s d&rsquo;y \u00eatre, ce n&rsquo;est pas du tout un probl\u00e8me. La Vuelta, c&rsquo;est une mani\u00e8re de courir et des parcours que j&rsquo;appr\u00e9cie. Donc franchement, ce serait avec plaisir d\u2019y retourner\u201d. Et du plaisir, il en a pris beaucoup en Espagne l\u2019\u00e9t\u00e9 dernier.<\/p>\n","protected":false},"excerpt":{"rendered":"Pour Brieuc Rolland, il y aura un avant et apr\u00e8s Tour d\u2019Espagne 2025. Pour sa premi\u00e8re exp\u00e9rience sur&hellip;\n","protected":false},"author":2,"featured_media":591416,"comment_status":"","ping_status":"","sticky":false,"template":"","format":"standard","meta":{"footnotes":""},"categories":[1411],"tags":[834,828,836,829,837,827,83,826,824,823,1154,207,814,817,815,816,822,821,832,211,839,1011,27,820,818,819,835,831,830,833,838,60,212,208,825],"class_list":{"0":"post-591415","1":"post","2":"type-post","3":"status-publish","4":"format-standard","5":"has-post-thumbnail","7":"category-cyclisme","8":"tag-attaque","9":"tag-belgique","10":"tag-braquet","11":"tag-bretagne","12":"tag-chute","13":"tag-competition","14":"tag-coupe-de-france","15":"tag-coureur","16":"tag-course-cyclisme","17":"tag-course-cycliste","18":"tag-cycling","19":"tag-cyclisme","20":"tag-direct","21":"tag-direct-velo","22":"tag-directvelo","23":"tag-directvelo-com","24":"tag-epreuve","25":"tag-epreuve-cycliste","26":"tag-federation-francaise-de-cyclisme","27":"tag-ffc","28":"tag-flandres","29":"tag-fr","30":"tag-france","31":"tag-live","32":"tag-live-course","33":"tag-live-epreuve","34":"tag-peloton","35":"tag-radio-peloton","36":"tag-radio-tour","37":"tag-ravitaillement","38":"tag-relance","39":"tag-sports","40":"tag-uci","41":"tag-velo","42":"tag-velos"},"share_on_mastodon":{"url":"https:\/\/pubeurope.com\/@fr\/115697324298158841","error":""},"_links":{"self":[{"href":"https:\/\/www.europesays.com\/fr\/wp-json\/wp\/v2\/posts\/591415","targetHints":{"allow":["GET"]}}],"collection":[{"href":"https:\/\/www.europesays.com\/fr\/wp-json\/wp\/v2\/posts"}],"about":[{"href":"https:\/\/www.europesays.com\/fr\/wp-json\/wp\/v2\/types\/post"}],"author":[{"embeddable":true,"href":"https:\/\/www.europesays.com\/fr\/wp-json\/wp\/v2\/users\/2"}],"replies":[{"embeddable":true,"href":"https:\/\/www.europesays.com\/fr\/wp-json\/wp\/v2\/comments?post=591415"}],"version-history":[{"count":0,"href":"https:\/\/www.europesays.com\/fr\/wp-json\/wp\/v2\/posts\/591415\/revisions"}],"wp:featuredmedia":[{"embeddable":true,"href":"https:\/\/www.europesays.com\/fr\/wp-json\/wp\/v2\/media\/591416"}],"wp:attachment":[{"href":"https:\/\/www.europesays.com\/fr\/wp-json\/wp\/v2\/media?parent=591415"}],"wp:term":[{"taxonomy":"category","embeddable":true,"href":"https:\/\/www.europesays.com\/fr\/wp-json\/wp\/v2\/categories?post=591415"},{"taxonomy":"post_tag","embeddable":true,"href":"https:\/\/www.europesays.com\/fr\/wp-json\/wp\/v2\/tags?post=591415"}],"curies":[{"name":"wp","href":"https:\/\/api.w.org\/{rel}","templated":true}]}}