{"id":591419,"date":"2025-12-10T21:11:17","date_gmt":"2025-12-10T21:11:17","guid":{"rendered":"https:\/\/www.europesays.com\/fr\/591419\/"},"modified":"2025-12-10T21:11:17","modified_gmt":"2025-12-10T21:11:17","slug":"sarah-lopez-demandee-en-mariage-par-son-compagnon-gerald-martinez-leur-video-dannonce-parfaite","status":"publish","type":"post","link":"https:\/\/www.europesays.com\/fr\/591419\/","title":{"rendered":"Sarah Lopez demand\u00e9e en mariage par son compagnon G\u00e9rald Martinez : leur vid\u00e9o d\u2019annonce parfaite"},"content":{"rendered":"<p>Sur Instagram, elle n\u2019a pas simplement partag\u00e9 un moment intime : elle a offert \u00e0 ses abonn\u00e9s une sc\u00e8ne aussi dr\u00f4le qu\u2019attendrissante. <strong><a href=\"https:\/\/www.public.fr\/tag\/sarah-secret-story-10\" target=\"_blank\" rel=\"noopener\">Sarah Lopez<\/a><\/strong>, ancienne candidate de t\u00e9l\u00e9r\u00e9alit\u00e9 devenue influenceuse suivie par des centaines de milliers d&rsquo;internautes, a r\u00e9v\u00e9l\u00e9 la <strong>demande en mariage<\/strong> de son compagnon, le restaurateur cannois <strong>G\u00e9rald Martinez<\/strong>. Et le moins que l\u2019on puisse dire, c\u2019est que le couple a mis\u00e9 sur la simplicit\u00e9 et l\u2019humour <a href=\"https:\/\/www.public.fr\/le-deuxieme-enfant-cest-pour-fin-du-mois-sarah-lopez-et-gerald-font-une-enorme-revelation-sur-leur-vie-de-famille\" target=\"_blank\" rel=\"noopener\">pour annoncer cette grande nouvelle.<\/a><\/p>\n<p>Sarah Lopez annonce ses fian\u00e7ailles <\/p>\n<p>Sarah Lopez sera bient\u00f4t une femme mari\u00e9e ! Ce mercredi 10 d\u00e9cembre 2025, l&rsquo;ancienne candidate de \u00ab\u00a0Secret Story\u00a0\u00bb devenue influenceuse \u00e0 la t\u00eate d&rsquo;une communaut\u00e9 de millions de followers, a d\u00e9voil\u00e9 les coulisses de la demande en mariage de son ch\u00e9ri G\u00e9rald. Pas de d\u00e9cor f\u00e9erique, pas de genou \u00e0 terre au coucher du soleil, pas de grand discours. <strong>Juste Sarah, G\u00e9rald\u2026 et un McDo<\/strong> ! <\/p>\n<p>Dans la vid\u00e9o qui fait sourire, on y voir les deux amoureux, assis c\u00f4te \u00e0 c\u00f4te, en train de d\u00e9guster frites, burgers et boissons sucr\u00e9es. Une sc\u00e8ne du quotidien, tr\u00e8s loin des annonces hollywoodiennes souvent mises en sc\u00e8ne sur les r\u00e9seaux sociaux. Puis, avec un naturel d\u00e9sarmant, <strong>G\u00e9rald sort un petit \u00e9tui noir<\/strong> et le pose d\u00e9licatement sur la table, juste devant Sarah.<\/p>\n<p>La jeune maman, habitu\u00e9e \u00e0 filmer ces instants de vie simples, ouvre l\u2019\u00e9crin comme si de rien n\u2019\u00e9tait. <a href=\"https:\/\/www.public.fr\/sarah-lopez-le-bebe-et-maintenant-le-mariage-elle-fait-une-annonce-de-taille\" target=\"_blank\" rel=\"noopener\">Elle d\u00e9couvre alors une <strong>bague de fian\u00e7ailles<\/strong><\/a>, qu\u2019elle glisse \u00e0 son doigt\u2026 avant de reprendre son repas comme si tout cela \u00e9tait la chose la plus normale du monde. Un moment totalement d\u00e9cal\u00e9, qui a imm\u00e9diatement conquis les internautes.<\/p>\n<p><strong>\u201cUn duo sans chichis\u201d : un couple solide depuis 2022 <\/strong><\/p>\n<p>En l\u00e9gende de la vid\u00e9o , Sarah a tenu \u00e0 souligner l\u2019esprit de leur couple, l\u00e9ger, sinc\u00e8re, et sans prise de t\u00eate. Elle \u00e9crit :<strong> <\/strong><strong>\u00ab\u00a0Quand je vous dis qu\u2019on forme un duo sans chichis\u2026 La demande en mariage, c\u2019est fait  ! Nutriscore E mais on s\u2019en fiche, on s\u2019aime avec un grand A ! To be continued<\/strong>\u00ab\u00a0<\/p>\n<p>Une phrase qui r\u00e9sume parfaitement leur dynamique : de l\u2019amour, de la complicit\u00e9, et une bonne dose d\u2019humour. L\u00e0 o\u00f9 beaucoup de personnalit\u00e9s optent pour une annonce millim\u00e9tr\u00e9e, Sarah et G\u00e9rald ont pr\u00e9f\u00e9r\u00e9 la spontan\u00e9it\u00e9, offrant un moment \u201cvrai\u201d qui a touch\u00e9 leurs communaut\u00e9s respectives.<\/p>\n<p>Si son visage est moins connu du grand public, <strong>G\u00e9rald Martinez<\/strong> n\u2019est cependant pas un inconnu dans le milieu de la gastronomie. Restaurateur reconnu, il poss\u00e8de plusieurs \u00e9tablissements \u00e0 <strong>Cannes<\/strong>, o\u00f9 il a b\u00e2ti une r\u00e9putation solide. Ensemble, <a href=\"https:\/\/www.public.fr\/sarah-lopez-premier-shooting-pour-sa-fille-aaliyah-1-an-les-internautes-totalement-epates\" target=\"_blank\" rel=\"noopener\">ils ont accueilli en avril 2023 <strong>Aliyah<\/strong><\/a>, une petite fille qui a boulevers\u00e9 leur quotidien et combl\u00e9 leur bonheur.<\/p>\n<p>Depuis, Sarah partage r\u00e9guli\u00e8rement des instants familiaux, toujours avec la m\u00eame authenticit\u00e9. La demande en mariage film\u00e9e chez McDonald\u2019s illustre une fois de plus ce style de vie simple, joyeux et d\u00e9complex\u00e9, loin de toute superficialit\u00e9.<\/p>\n<p>\n          Hits &amp; People en continu\n        <\/p>\n<p>\n          Public Radio\n        <\/p>\n<p>      Mentionn\u00e9s dans cet article<\/p>\n<p>      Sur le m\u00eame sujet<\/p>\n","protected":false},"excerpt":{"rendered":"Sur Instagram, elle n\u2019a pas simplement partag\u00e9 un moment intime : elle a offert \u00e0 ses abonn\u00e9s une&hellip;\n","protected":false},"author":2,"featured_media":591420,"comment_status":"","ping_status":"","sticky":false,"template":"","format":"standard","meta":{"footnotes":""},"categories":[1359],"tags":[1193,58,59,1011,27,2440,1930,973,70445],"class_list":{"0":"post-591419","1":"post","2":"type-post","3":"status-publish","4":"format-standard","5":"has-post-thumbnail","7":"category-people","8":"tag-couple","9":"tag-divertissement","10":"tag-entertainment","11":"tag-fr","12":"tag-france","13":"tag-instagram","14":"tag-mariage","15":"tag-people","16":"tag-sarah-lopez"},"share_on_mastodon":{"url":"https:\/\/pubeurope.com\/@fr\/115697332297475156","error":""},"_links":{"self":[{"href":"https:\/\/www.europesays.com\/fr\/wp-json\/wp\/v2\/posts\/591419","targetHints":{"allow":["GET"]}}],"collection":[{"href":"https:\/\/www.europesays.com\/fr\/wp-json\/wp\/v2\/posts"}],"about":[{"href":"https:\/\/www.europesays.com\/fr\/wp-json\/wp\/v2\/types\/post"}],"author":[{"embeddable":true,"href":"https:\/\/www.europesays.com\/fr\/wp-json\/wp\/v2\/users\/2"}],"replies":[{"embeddable":true,"href":"https:\/\/www.europesays.com\/fr\/wp-json\/wp\/v2\/comments?post=591419"}],"version-history":[{"count":0,"href":"https:\/\/www.europesays.com\/fr\/wp-json\/wp\/v2\/posts\/591419\/revisions"}],"wp:featuredmedia":[{"embeddable":true,"href":"https:\/\/www.europesays.com\/fr\/wp-json\/wp\/v2\/media\/591420"}],"wp:attachment":[{"href":"https:\/\/www.europesays.com\/fr\/wp-json\/wp\/v2\/media?parent=591419"}],"wp:term":[{"taxonomy":"category","embeddable":true,"href":"https:\/\/www.europesays.com\/fr\/wp-json\/wp\/v2\/categories?post=591419"},{"taxonomy":"post_tag","embeddable":true,"href":"https:\/\/www.europesays.com\/fr\/wp-json\/wp\/v2\/tags?post=591419"}],"curies":[{"name":"wp","href":"https:\/\/api.w.org\/{rel}","templated":true}]}}