{"id":591421,"date":"2025-12-10T21:12:37","date_gmt":"2025-12-10T21:12:37","guid":{"rendered":"https:\/\/www.europesays.com\/fr\/591421\/"},"modified":"2025-12-10T21:12:37","modified_gmt":"2025-12-10T21:12:37","slug":"en-plein-centre-de-bordeaux-une-maison-historique-son-immense-jardin-et-sa-piscine","status":"publish","type":"post","link":"https:\/\/www.europesays.com\/fr\/591421\/","title":{"rendered":"En plein centre de Bordeaux, une maison historique, son immense jardin et sa piscine"},"content":{"rendered":"<p>Cette visite est la preuve en images qu&rsquo;on peut trouver, dans le c\u0153ur historique de <a href=\"https:\/\/www.admagazine.fr\/article\/anne-laure-mais-maison-bordeaux-bassin-arcachon\" target=\"_blank\" rel=\"noopener\">Bordeaux<\/a>, une maison aussi exceptionnelle. Rare, le bien est compos\u00e9 d&rsquo;une grande b\u00e2tisse de pr\u00e8s de 700 m\u00e8tres carr\u00e9s, agr\u00e9ment\u00e9e de colonnes n\u00e9oclassiques, ainsi que d&rsquo;un jardin de 1 100 m\u00e8tres carr\u00e9s. Con\u00e7ue en 1880 en m\u00eame temps que l&rsquo;\u00e9glise attenante, cette construction abritait d\u00e9j\u00e0 ses propri\u00e9taires actuels depuis plus de vingt ans. Apr\u00e8s avoir cherch\u00e9 \u00e0 quitter leur r\u00e9sidence pour une surface plus r\u00e9duite, \u00ab ils n&rsquo;arrivaient pas \u00e0 trouver de telles qualit\u00e9s dans l&rsquo;enceinte de Bordeaux \u00bb, et ont ainsi choisi de conserver leur maison, \u00e0 condition de la r\u00e9am\u00e9nager. C&rsquo;est ainsi que Florence Lazime, architecte de l&rsquo;agence locale Touton, est entr\u00e9e en sc\u00e8ne.<\/p>\n<p><img decoding=\"async\" alt=\"La salle \u00e0 manger dvoile une vue extraordinaire sur le grand jardin et sa piscine.\" loading=\"lazy\" class=\"ResponsiveImageContainer-eNxvmU cfBbTk responsive-image__image\"   src=\"https:\/\/www.europesays.com\/fr\/wp-content\/uploads\/2025\/12\/toutonarchitectes-ferdinand-06.jpg\"\/><\/p>\n<p>La salle \u00e0 manger d\u00e9voile une vue extraordinaire sur le grand jardin et sa piscine.<\/p>\n<p>\u00a9 Camille EgretaudUn important r\u00e9am\u00e9nagement<\/p>\n<p>\u00ab La <a href=\"https:\/\/www.admagazine.fr\/article\/architectes-realise-reve-parisien-maison-ville\" target=\"_blank\" rel=\"noopener\">maison<\/a> \u00e9tait trop grande pour eux, donc l&rsquo;enjeu \u00e9tait de la r\u00e9nover pour que le couple puisse vivre, \u00e0 terme, au rez-de-chauss\u00e9e, et r\u00e9server les \u00e9tages sup\u00e9rieurs \u00e0 la location, notamment pour les clients qu&rsquo;ils re\u00e7oivent dans le cadre de leur activit\u00e9 professionnelle \u00bb, pr\u00e9cise Florence Lazime. Le premier travail a donc \u00e9t\u00e9 de scinder la circulation de la b\u00e2tisse en deux parties, en cr\u00e9ant deux entr\u00e9es ind\u00e9pendantes et deux ascenseurs distincts. Le rez-de-chauss\u00e9e et le premier niveau, r\u00e9serv\u00e9s aux propri\u00e9taires, ont \u00e9t\u00e9 isol\u00e9s acoustiquement des espaces locatifs afin de pr\u00e9server l&rsquo;intimit\u00e9 de chacun.<\/p>\n<p><img decoding=\"async\" alt=\"L'ensemble des moulures a t rhabilit avec soin. La lampe Pipistrello blanche de Martinelli Luce s'impose comme lment...\" loading=\"lazy\" class=\"ResponsiveImageContainer-eNxvmU cfBbTk responsive-image__image\" src=\"https:\/\/www.europesays.com\/fr\/wp-content\/uploads\/2025\/12\/toutonarchitectes-ferdinand-08.jpg\"\/><\/p>\n<p>L&rsquo;ensemble des moulures a \u00e9t\u00e9 r\u00e9habilit\u00e9 avec soin. La lampe Pipistrello blanche de Martinelli Luce s&rsquo;impose comme \u00e9l\u00e9ment design central de la pi\u00e8ce.<\/p>\n<p>\u00a9 Camille Egretaud<img decoding=\"async\" alt=\"Le mobilier contemporain s'int\u00e8gre de fa\u00e7on naturelle au b\u00e2ti  la table Tulipe de Knoll est entoure de chaises Srie 7...\" loading=\"lazy\" class=\"ResponsiveImageContainer-eNxvmU cfBbTk responsive-image__image\"   src=\"https:\/\/www.europesays.com\/fr\/wp-content\/uploads\/2025\/12\/toutonarchitectes-ferdinand-09.jpg\"\/><\/p>\n<p>Le mobilier contemporain s&rsquo;int\u00e8gre de fa\u00e7on naturelle au b\u00e2ti : la table Tulipe de Knoll est entour\u00e9e de chaises S\u00e9rie 7 par Arne Jacobsen, de Tulip et Bertoia chairs de Knoll.<\/p>\n<p>\u00a9 Camille Egretaud<\/p>\n<p>Au rez-de-chauss\u00e9e, cuisine et salle \u00e0 manger ont enti\u00e8rement \u00e9t\u00e9 repens\u00e9es pour \u00e9pouser la structure <a href=\"https:\/\/www.admagazine.fr\/article\/maison-californienne-style-neo-espagnol-1930\" target=\"_blank\" rel=\"noopener\">ancienne de la maison<\/a>, tout en y apportant la fonctionnalit\u00e9 n\u00e9cessaire. \u00ab La cuisine donnait sur rue, \u00e9tait sombre, et les propri\u00e9taires ne profitaient pas assez des belles pi\u00e8ces situ\u00e9es derri\u00e8re la verri\u00e8re. \u00bb Les pi\u00e8ces de vie ont \u00e9t\u00e9 d\u00e9plac\u00e9es plus au c\u0153ur de la maison, renfor\u00e7ant leur importance, en lien avec la grande pi\u00e8ce \u00e0 vivre c\u00f4t\u00e9 jardin. L\u00e0, l&rsquo;immense salon baign\u00e9 de lumi\u00e8re offre une vue spectaculaire sur la verdure (difficile, ici, de croire que nous sommes \u00e0 Bordeaux\u2026). Aussi, une salle de bains et un bureau ont \u00e9t\u00e9 cr\u00e9\u00e9s au rez-de-chauss\u00e9e dans le but de devenir \u00e9ventuellement, un futur espace nuit pour le couple propri\u00e9taire. Pour l&rsquo;heure, ils ont \u00e9t\u00e9 install\u00e9s au premier \u00e9tage dans une <a href=\"https:\/\/www.admagazine.fr\/article\/maison-familiale-style-art-nouveau-auteuil-paris\" target=\"_blank\" rel=\"noopener\">suite parentale<\/a> dot\u00e9e d&rsquo;une salle d&rsquo;eau et d&rsquo;un dressing.<\/p>\n","protected":false},"excerpt":{"rendered":"Cette visite est la preuve en images qu&rsquo;on peut trouver, dans le c\u0153ur historique de Bordeaux, une maison&hellip;\n","protected":false},"author":2,"featured_media":591422,"comment_status":"","ping_status":"","sticky":false,"template":"","format":"standard","meta":{"footnotes":""},"categories":[1358],"tags":[1348,1384,1385,1386,58,59,1011,27,6997,70446,716],"class_list":{"0":"post-591421","1":"post","2":"type-post","3":"status-publish","4":"format-standard","5":"has-post-thumbnail","7":"category-arts-et-design","8":"tag-arts","9":"tag-arts-and-design","10":"tag-arts-et-design","11":"tag-design","12":"tag-divertissement","13":"tag-entertainment","14":"tag-fr","15":"tag-france","16":"tag-maison-darchitecte","17":"tag-maison-de-ville","18":"tag-renovation"},"share_on_mastodon":{"url":"https:\/\/pubeurope.com\/@fr\/115697338149486004","error":""},"_links":{"self":[{"href":"https:\/\/www.europesays.com\/fr\/wp-json\/wp\/v2\/posts\/591421","targetHints":{"allow":["GET"]}}],"collection":[{"href":"https:\/\/www.europesays.com\/fr\/wp-json\/wp\/v2\/posts"}],"about":[{"href":"https:\/\/www.europesays.com\/fr\/wp-json\/wp\/v2\/types\/post"}],"author":[{"embeddable":true,"href":"https:\/\/www.europesays.com\/fr\/wp-json\/wp\/v2\/users\/2"}],"replies":[{"embeddable":true,"href":"https:\/\/www.europesays.com\/fr\/wp-json\/wp\/v2\/comments?post=591421"}],"version-history":[{"count":0,"href":"https:\/\/www.europesays.com\/fr\/wp-json\/wp\/v2\/posts\/591421\/revisions"}],"wp:featuredmedia":[{"embeddable":true,"href":"https:\/\/www.europesays.com\/fr\/wp-json\/wp\/v2\/media\/591422"}],"wp:attachment":[{"href":"https:\/\/www.europesays.com\/fr\/wp-json\/wp\/v2\/media?parent=591421"}],"wp:term":[{"taxonomy":"category","embeddable":true,"href":"https:\/\/www.europesays.com\/fr\/wp-json\/wp\/v2\/categories?post=591421"},{"taxonomy":"post_tag","embeddable":true,"href":"https:\/\/www.europesays.com\/fr\/wp-json\/wp\/v2\/tags?post=591421"}],"curies":[{"name":"wp","href":"https:\/\/api.w.org\/{rel}","templated":true}]}}