{"id":591425,"date":"2025-12-10T21:16:13","date_gmt":"2025-12-10T21:16:13","guid":{"rendered":"https:\/\/www.europesays.com\/fr\/591425\/"},"modified":"2025-12-10T21:16:13","modified_gmt":"2025-12-10T21:16:13","slug":"nancy-nancy-open-air-2026-le-rap-sinvite-au-festin-lest-republicain","status":"publish","type":"post","link":"https:\/\/www.europesays.com\/fr\/591425\/","title":{"rendered":"Nancy. Nancy Open Air 2026 : le rap s\u2019invite au festin ! &#8211; L&#039;Est R\u00e9publicain"},"content":{"rendered":"<ol>\n<li><a href=\"https:\/\/news.google.com\/rss\/articles\/CBMipAFBVV95cUxOcGZYRXRPWDUyNDVkYnJxeEYyNjl1NlZERjJtalJnVTJKWmVwX0pUUmdGak0wSHhSVzl6TGpMUGlPWERJSTBaU1BHQWRicWZ1ZHh6c2xnMFQzVlFDNG1hUVlsVDJTeUpWVDJITHhhbU9BT2ZRY29mZFBIaHNUUlBYY2dGdkd0bkh6d0ItQU5ibEtzUjR6VWl1QmIxN0hxVlJGVENVVA?oc=5\" target=\"_blank\" rel=\"noopener\">Nancy. Nancy Open Air 2026 : le rap s\u2019invite au festin !<\/a>&nbsp;&nbsp;L&rsquo;Est R\u00e9publicain<\/li>\n<li><a href=\"https:\/\/news.google.com\/rss\/articles\/CBMi7AFBVV95cUxOZGN1Q2h5UE91WlBaTDhMTHVZNEdHa0J0ZDR4eTA2UjBMV0pZaElMa3pBQW1LdDc0WVoyVXRYaDhaNkY5dEZCYm5HZTJ3bVE1SnlCXzBjVVhsUEIxTlI3T185WDlFOTZKQlRPMzdhcnZrSVhmb0sxTGFpNjZVOHd4SGRKNjRGYWZyVm9OS2pnd3Q1eGVaelh5QmZDY09FQlhMOTRDTHZVY2xadzJzV3o2S2QyRU5TWU9vMk1STDV3VFNLODhFQVNTTXktZUE1aGl3a3RiVndNamdCWGxJYUFkNmlVaTUzRjZNUTFZVA?oc=5\" target=\"_blank\" rel=\"noopener\">Et de 2 ! Le 2\u00e8me concert de GIMS le 17 juin au th\u00e9\u00e2tre antique de Vienne, \u00e0 son tour complet<\/a>&nbsp;&nbsp;Vivre villes<\/li>\n<li><a href=\"https:\/\/news.google.com\/rss\/articles\/CBMi3gFBVV95cUxOTHlSVklPQVZEd2N6VFRLLWJIY2hVMU5WaTlmdDU0QzQ1cF9kMmV4TFNyWUNlbGVoNGZseXQ2Zkl4MXAxU0pEWWpnN2hVZDBtMWxqZThHRjhSaXB4a2ZFQXJJRnlkLXIteU9xSHNwOVBDeXdHb0VDcE0wbzFfaFRvSURwQWNQWFRJVFpBWDBwNE5kYWtmMFVYNmRzeTlaRmk0N28zOXJiV3ZwRHlyRVdtY2NBa01lWWRSVXcyd1gyMTdkeE5DdERsNnpod3lBclRyRDM3OFdRZ1B3eC1mcFE?oc=5\" target=\"_blank\" rel=\"noopener\">Nancy Open Air 2026 : Tayc, Jok\u2019Air, Bekar et Dakeez r\u00e9unis pour un co-plateau urbain explosif<\/a>&nbsp;&nbsp;ici-c-nancy.fr<\/li>\n<li><a href=\"https:\/\/news.google.com\/rss\/articles\/CBMitAFBVV95cUxQLUdwenRJNlpoXzRfcGFYczZ3d25sM19SbWtUR1NNakp5bE9leWFfeDkzYng3NUZxaUZ3TXpGeDBkMFI5YlpWZVgwelJ0UHRwT3VvR2sxNUV1WXYwbXBBcXFjUF9lSGpHTHU5bDdzdkFoZEJXMTV2dU1qdDJGbzRxVk1UQ0NBSjdZNXVMSUNraEFlT0NuQWhNTGVramcxX0tFVUF6ZThMV2NYRjYzM3pyb29qVUI?oc=5\" target=\"_blank\" rel=\"noopener\">Nancy Open Air : il n&rsquo;y aura pas un, mais deux concerts de Gims<\/a>&nbsp;&nbsp;francebleu.fr<\/li>\n<li><a href=\"https:\/\/news.google.com\/rss\/articles\/CBMiygFBVV95cUxOMi1BNTluSzV1N3hOYlBFelVtVllVNk1kaXRmbUJMOHhIbWNlYlNpRnYyRVh5eWU5V3h5WjhEcF9FNkZGTVN0cnM3d3ZzbkhiZjl4TUJKX0RBSDZCZnFjNG1VLVlwUTNJTXBxbVhDczlTVWlrRDlLdWlRZm9ZRzlpS1BIMWFDZ1RFclk0eHlyVUFmMnBCS0xUaVF3VG9qTlBrN1NnSlNpYVBnR2p5dHM0UGVVMWJSaE5oRWFrNUVOZl81SUZURlNxaWxB?oc=5\" target=\"_blank\" rel=\"noopener\">Vienne. Le premier des deux concerts de Gims au Th\u00e9\u00e2tre antique cet \u00e9t\u00e9 d\u00e9j\u00e0 complet<\/a>&nbsp;&nbsp;Le Dauphin\u00e9 Lib\u00e9r\u00e9<\/li>\n<\/ol>\n","protected":false},"excerpt":{"rendered":"Nancy. Nancy Open Air 2026 : le rap s\u2019invite au festin !&nbsp;&nbsp;L&rsquo;Est R\u00e9publicain Et de 2 ! Le&hellip;\n","protected":false},"author":2,"featured_media":591426,"comment_status":"","ping_status":"","sticky":false,"template":"","format":"standard","meta":{"footnotes":""},"categories":[1355],"tags":[1687,58,1707,1704,1706,1705,59,1011,27,1361,873,1702,1703,3456],"class_list":{"0":"post-591425","1":"post","2":"type-post","3":"status-publish","4":"format-standard","5":"has-post-thumbnail","7":"category-musique","8":"tag-culture-loisirs","9":"tag-divertissement","10":"tag-edition-luneville","11":"tag-edition-nancy-et-agglomeration","12":"tag-edition-pont-a-mousson","13":"tag-edition-toul","14":"tag-entertainment","15":"tag-fr","16":"tag-france","17":"tag-music","18":"tag-musique","19":"tag-nancy","20":"tag-nancy-ville-54b","21":"tag-region-lorraine"},"share_on_mastodon":{"url":"https:\/\/pubeurope.com\/@fr\/115697352603343906","error":""},"_links":{"self":[{"href":"https:\/\/www.europesays.com\/fr\/wp-json\/wp\/v2\/posts\/591425","targetHints":{"allow":["GET"]}}],"collection":[{"href":"https:\/\/www.europesays.com\/fr\/wp-json\/wp\/v2\/posts"}],"about":[{"href":"https:\/\/www.europesays.com\/fr\/wp-json\/wp\/v2\/types\/post"}],"author":[{"embeddable":true,"href":"https:\/\/www.europesays.com\/fr\/wp-json\/wp\/v2\/users\/2"}],"replies":[{"embeddable":true,"href":"https:\/\/www.europesays.com\/fr\/wp-json\/wp\/v2\/comments?post=591425"}],"version-history":[{"count":0,"href":"https:\/\/www.europesays.com\/fr\/wp-json\/wp\/v2\/posts\/591425\/revisions"}],"wp:featuredmedia":[{"embeddable":true,"href":"https:\/\/www.europesays.com\/fr\/wp-json\/wp\/v2\/media\/591426"}],"wp:attachment":[{"href":"https:\/\/www.europesays.com\/fr\/wp-json\/wp\/v2\/media?parent=591425"}],"wp:term":[{"taxonomy":"category","embeddable":true,"href":"https:\/\/www.europesays.com\/fr\/wp-json\/wp\/v2\/categories?post=591425"},{"taxonomy":"post_tag","embeddable":true,"href":"https:\/\/www.europesays.com\/fr\/wp-json\/wp\/v2\/tags?post=591425"}],"curies":[{"name":"wp","href":"https:\/\/api.w.org\/{rel}","templated":true}]}}