{"id":591434,"date":"2025-12-10T21:21:19","date_gmt":"2025-12-10T21:21:19","guid":{"rendered":"https:\/\/www.europesays.com\/fr\/591434\/"},"modified":"2025-12-10T21:21:19","modified_gmt":"2025-12-10T21:21:19","slug":"le-berger-allemand-vit-il-moins-longtemps-a-cause-de-son-intelligence-une-malediction-genetique-meconnue","status":"publish","type":"post","link":"https:\/\/www.europesays.com\/fr\/591434\/","title":{"rendered":"Le Berger Allemand vit-il moins longtemps \u00e0 cause de son intelligence ? Une mal\u00e9diction g\u00e9n\u00e9tique m\u00e9connue"},"content":{"rendered":"<p><strong>Cerveau d\u2019\u00e9lite, corps \u00e0 risque ? Le Berger Allemand impressionne par sa vivacit\u00e9, sa loyaut\u00e9 et son intelligence hors norme. Mais derri\u00e8re cette puissance c\u00e9r\u00e9brale se cache une fragilit\u00e9 physique bien r\u00e9elle. Sa sant\u00e9, souvent mise \u00e0 l\u2019\u00e9preuve, soul\u00e8ve une question d\u00e9rangeante : son g\u00e9nie pourrait-il raccourcir sa vie ?<\/strong><\/p>\n<p><img fetchpriority=\"high\" decoding=\"async\" width=\"1024\" height=\"576\" src=\"https:\/\/www.europesays.com\/fr\/wp-content\/uploads\/2025\/12\/le-berger-allemand-vit-il-moins-longtemps-1024x576.webp.webp\" alt=\"Jeune Berger Allemand marchant dans un parc ensoleill\u00e9.\" class=\"wp-image-998383\"  \/>Un jeune Berger Allemand profite d\u2019une balade en pleine nature, sous une douce lumi\u00e8re du matin \u2013 DailyGeekShow.com \/ Image Illustration<\/p>\n<p>Une croissance ultra-rapide qui met \u00e0 mal les <strong>articulations<\/strong> du jeune Berger Allemand<\/p>\n<p>Le <strong><a href=\"https:\/\/dailygeekshow.com\/enfant-chien-sauvetage\/\" target=\"_blank\" rel=\"noopener\">Berger Allemand<\/a><\/strong> grandit \u00e0 une <strong>vitesse fulgurante<\/strong>. En quelques mois, il passe de boule de poils maladroite \u00e0 adulte muscl\u00e9. Cette <strong>croissance rapide<\/strong> sollicite \u00e9norm\u00e9ment ses <strong>articulations<\/strong>, encore fragiles. Le <strong>squelette<\/strong> n\u2019a parfois pas le temps de suivre le reste du corps, ce qui entra\u00eene des <strong>d\u00e9s\u00e9quilibres<\/strong> parfois irr\u00e9versibles.<\/p>\n<p>Lire aussi <a href=\"https:\/\/dailygeekshow.com\/ce-que-votre-cerveau-fait-en-entendant-un-chimpanze-va-vous-surprendre-et-si-on-parlait-tous-primate-a-lorigine\/\" target=\"_blank\" rel=\"noopener\">Ce que votre cerveau fait en entendant un chimpanz\u00e9 va vous surprendre : et si on parlait tous \u00ab\u00a0primate\u00a0\u00bb \u00e0 l\u2019origine ?<\/a><\/p>\n<p>Une <strong>alimentation<\/strong> trop riche en <strong>calcium<\/strong>, des jeux trop intenses ou un <strong>manque d\u2019exercice<\/strong> pendant la jeunesse peuvent acc\u00e9l\u00e9rer les risques. Les probl\u00e8mes de <strong>hanches<\/strong> ou de <strong>coudes<\/strong> s\u2019installent t\u00f4t, parfois sans que le ma\u00eetre ne s\u2019en aper\u00e7oive. Ce sont pourtant des <strong>douleurs<\/strong> qui affectent profond\u00e9ment la <strong>qualit\u00e9<\/strong> \u2014 et la <strong>dur\u00e9e<\/strong> \u2014 de vie.<\/p>\n<p>L\u2019intelligence du Berger Allemand est un <strong>cadeau<\/strong>\u2026 qui demande une <strong>stimulation constante<\/strong> pour \u00e9viter le <strong>stress<\/strong><\/p>\n<p>On le sait <strong>brillant<\/strong>, parfois m\u00eame <strong>g\u00e9nial<\/strong>. Le <strong>Berger Allemand<\/strong> apprend plus vite que la moyenne. Mais cette <strong>intelligence<\/strong> a un revers : un besoin immense de <strong>stimulation mentale<\/strong>. Un chien trop peu sollicit\u00e9 s\u2019ennuie, d\u00e9veloppe des <strong>troubles du comportement<\/strong>, et son <strong>stress chronique<\/strong> peut faire des d\u00e9g\u00e2ts bien concrets sur sa <strong>sant\u00e9<\/strong>.<\/p>\n<p>Un <strong>stress<\/strong> mal g\u00e9r\u00e9, chez un chien aussi <strong>sensible<\/strong>, peut entra\u00eener des <strong>troubles digestifs<\/strong>, des <strong>probl\u00e8mes de peau<\/strong> ou m\u00eame un <strong>affaiblissement du syst\u00e8me immunitaire<\/strong>. Il ne suffit pas de l\u2019aimer : il faut le <strong>stimuler<\/strong>, <a href=\"https:\/\/dailygeekshow.com\/signe-chien-douleur\/\" target=\"_blank\" rel=\"noopener\">le <strong>comprendre<\/strong><\/a>, et surtout <strong>adapter son quotidien<\/strong> \u00e0 cette vivacit\u00e9 c\u00e9r\u00e9brale qui fait sa renomm\u00e9e.<\/p>\n<p>Lire aussi <a href=\"https:\/\/dailygeekshow.com\/corbeau-oiseau-rancune\/\" target=\"_blank\" rel=\"noopener\">Digne d\u2019Hitchcock : les corbeaux sont probablement bien plus rancuniers que vous<\/a><\/p>\n<p>Malgr\u00e9 les progr\u00e8s des <strong>\u00e9leveurs<\/strong>, les <strong>maladies g\u00e9n\u00e9tiques<\/strong> restent un frein majeur \u00e0 la <strong>long\u00e9vit\u00e9<\/strong><\/p>\n<p>Malgr\u00e9 les efforts de nombreux <strong>\u00e9leveurs responsables<\/strong>, <a href=\"https:\/\/dailygeekshow.com\/maladies-chiens\/\" target=\"_blank\" rel=\"noopener\">certaines <strong>pathologies<\/strong><\/a><strong> g\u00e9n\u00e9tiques<\/strong> restent tr\u00e8s fr\u00e9quentes dans la race. La <strong>dysplasie<\/strong> de la <strong>hanche<\/strong> ou du <strong>coude<\/strong>, certains <strong>troubles cardiaques<\/strong> et plusieurs types de <strong>cancers<\/strong> touchent r\u00e9guli\u00e8rement les individus issus de <strong>lign\u00e9es<\/strong> non contr\u00f4l\u00e9es ou s\u00e9lectionn\u00e9es pour l\u2019apparence.<\/p>\n<p>Heureusement, des <strong>outils<\/strong> existent pour limiter ces risques : <strong>d\u00e9pistages pr\u00e9coces<\/strong>, <strong>radiographies<\/strong>, <strong>tests ADN<\/strong> et <strong>bilans de sant\u00e9<\/strong> r\u00e9guliers. Un <strong>ma\u00eetre inform\u00e9<\/strong> peut ainsi prendre des d\u00e9cisions cruciales pour <strong>prolonger la vie<\/strong> de son compagnon. Mais tout commence d\u00e8s l\u2019<strong>achat<\/strong> : un bon <strong>\u00e9levage<\/strong>, c\u2019est d\u00e9j\u00e0 plusieurs ann\u00e9es de vie gagn\u00e9es.<\/p>\n<p>Ce sont les premi\u00e8res ann\u00e9es de vie qui d\u00e9terminent si un Berger Allemand vivra jusqu\u2019\u00e0 <strong>13 ans<\/strong> (ou plus)<\/p>\n<p>Les fondations d\u2019une <strong>longue vie<\/strong> se posent d\u00e8s les premiers mois. Une <strong>alimentation \u00e9quilibr\u00e9e<\/strong>, adapt\u00e9e au <strong>poids<\/strong> et \u00e0 l\u2019<strong>\u00e2ge<\/strong> du chien, permet d\u2019\u00e9viter <strong>surpoids<\/strong>, <strong>carences<\/strong> ou <strong>exc\u00e8s nocifs<\/strong>. Les erreurs les plus fr\u00e9quentes sont souvent <strong>alimentaires<\/strong>, et elles se paient parfois tr\u00e8s cher plus tard.<\/p>\n<p>Lire aussi <a href=\"https:\/\/dailygeekshow.com\/forme-pupille-seiche\/\" target=\"_blank\" rel=\"noopener\">Pourquoi les seiches ont-elles les pupilles ondul\u00e9es ?<\/a><\/p>\n<p>L\u2019<strong>environnement<\/strong> joue lui aussi un r\u00f4le d\u00e9cisif : un <strong>lieu de vie stable<\/strong>, une <strong>routine rassurante<\/strong>, des <strong>sorties r\u00e9guli\u00e8res<\/strong>\u2026 Un <strong>Berger Allemand<\/strong> <strong>heureux<\/strong>, <strong>entour\u00e9<\/strong>, bien nourri et bien exerc\u00e9 a toutes les chances d\u2019atteindre ou m\u00eame de d\u00e9passer les <strong>12 ans<\/strong>. Mais rien n\u2019est jamais acquis : tout se joue au <strong>quotidien<\/strong>.<\/p>\n<p>Autre facteur essentiel : la r\u00e9gularit\u00e9 du <strong>suivi v\u00e9t\u00e9rinaire<\/strong>. Des <strong>contr\u00f4les annuels<\/strong>, d\u00e8s le jeune \u00e2ge, permettent de <strong>d\u00e9pister pr\u00e9cocement<\/strong> certains <strong>troubles articulaires<\/strong>, <strong>digestifs<\/strong> ou <strong>m\u00e9taboliques<\/strong>. En les prenant en charge \u00e0 temps, on limite leur <strong>impact sur la dur\u00e9e de vie<\/strong>. <strong>Pr\u00e9vention<\/strong> et <strong>anticipation<\/strong> deviennent donc les meilleurs alli\u00e9s du <strong>ma\u00eetre attentif<\/strong>.<\/p>\n","protected":false},"excerpt":{"rendered":"Cerveau d\u2019\u00e9lite, corps \u00e0 risque ? Le Berger Allemand impressionne par sa vivacit\u00e9, sa loyaut\u00e9 et son intelligence&hellip;\n","protected":false},"author":2,"featured_media":591435,"comment_status":"","ping_status":"","sticky":false,"template":"","format":"standard","meta":{"footnotes":""},"categories":[7],"tags":[70448,8445,1011,27,43,40,41,39,42,44],"class_list":{"0":"post-591434","1":"post","2":"type-post","3":"status-publish","4":"format-standard","5":"has-post-thumbnail","7":"category-sciences-et-technologies","8":"tag-berger-allemand","9":"tag-esperance-de-vie","10":"tag-fr","11":"tag-france","12":"tag-science","13":"tag-science-and-technology","14":"tag-sciences","15":"tag-sciences-et-technologies","16":"tag-technologies","17":"tag-technology"},"share_on_mastodon":{"url":"https:\/\/pubeurope.com\/@fr\/115697372417440513","error":""},"_links":{"self":[{"href":"https:\/\/www.europesays.com\/fr\/wp-json\/wp\/v2\/posts\/591434","targetHints":{"allow":["GET"]}}],"collection":[{"href":"https:\/\/www.europesays.com\/fr\/wp-json\/wp\/v2\/posts"}],"about":[{"href":"https:\/\/www.europesays.com\/fr\/wp-json\/wp\/v2\/types\/post"}],"author":[{"embeddable":true,"href":"https:\/\/www.europesays.com\/fr\/wp-json\/wp\/v2\/users\/2"}],"replies":[{"embeddable":true,"href":"https:\/\/www.europesays.com\/fr\/wp-json\/wp\/v2\/comments?post=591434"}],"version-history":[{"count":0,"href":"https:\/\/www.europesays.com\/fr\/wp-json\/wp\/v2\/posts\/591434\/revisions"}],"wp:featuredmedia":[{"embeddable":true,"href":"https:\/\/www.europesays.com\/fr\/wp-json\/wp\/v2\/media\/591435"}],"wp:attachment":[{"href":"https:\/\/www.europesays.com\/fr\/wp-json\/wp\/v2\/media?parent=591434"}],"wp:term":[{"taxonomy":"category","embeddable":true,"href":"https:\/\/www.europesays.com\/fr\/wp-json\/wp\/v2\/categories?post=591434"},{"taxonomy":"post_tag","embeddable":true,"href":"https:\/\/www.europesays.com\/fr\/wp-json\/wp\/v2\/tags?post=591434"}],"curies":[{"name":"wp","href":"https:\/\/api.w.org\/{rel}","templated":true}]}}