{"id":591436,"date":"2025-12-10T21:22:14","date_gmt":"2025-12-10T21:22:14","guid":{"rendered":"https:\/\/www.europesays.com\/fr\/591436\/"},"modified":"2025-12-10T21:22:14","modified_gmt":"2025-12-10T21:22:14","slug":"la-classe-s-devient-un-robotaxi-autonome","status":"publish","type":"post","link":"https:\/\/www.europesays.com\/fr\/591436\/","title":{"rendered":"la Classe S devient un robotaxi autonome"},"content":{"rendered":"<p itemprop=\"description\">Le comble du luxe pour une limousine,<br \/>\nc&rsquo;est d&rsquo;avoir un chauffeur. Mais le comble de la technologie, c&rsquo;est<br \/>\nde s&rsquo;en passer. N&rsquo;est-ce pas Mercedes ?<\/p>\n<p>Mercedes-Benz franchit une nouvelle \u00e9tape vers la conduite<br \/>\nautonome totale (niveau 4) en s\u00a0\u00bbassociant \u00e0 la tech chinoise<br \/>\nMomenta. Le projet ? Transformer la limousine Classe S en robotaxi<br \/>\nde luxe. Les premiers tests grandeur nature d\u00e9butent \u00e0 Abu Dhabi,<br \/>\nop\u00e9r\u00e9s par la soci\u00e9t\u00e9 locale Lumo.<\/p>\n<p>Une Mercedes Classe S sans chauffeur<\/p>\n<p>C\u2019est une image qui risque de d\u00e9stabiliser les habitu\u00e9s des<br \/>\ngrands h\u00f4tels et des quartiers d&rsquo;affaires. <strong>La<\/strong><br \/>\n<a href=\"https:\/\/www.autoplus.fr\/marque\/classe-s\" target=\"_blank\" rel=\"noopener\"><strong>Mercedes<br \/>\nClasse S<\/strong><\/a><strong>, la voiture pr\u00e9f\u00e9r\u00e9e des diplomates<br \/>\net des capitaines d&rsquo;industrie, s&rsquo;appr\u00eate \u00e0 rouler toute<br \/>\nseule<\/strong>. Mercedes-Benz vient d&rsquo;officialiser un partenariat<br \/>\navec Momenta, son alli\u00e9 de longue date sur les aides \u00e0 la conduite<br \/>\nen Chine, pour lancer un service de robotaxi de niveau 4.<br \/>\n<strong>Pour rappel, le niveau 4 (sur une \u00e9chelle de 5) signifie<br \/>\nque la voiture g\u00e8re absolument tout dans des zones g\u00e9ographiques<br \/>\nd\u00e9finies<\/strong>. Plus besoin de toucher le volant, plus besoin de<br \/>\nregarder la route. C&rsquo;est la libert\u00e9 totale. Et pour inaugurer ce<br \/>\nservice d&rsquo;un nouveau genre, <a href=\"https:\/\/www.autoplus.fr\/marque\/mercedes\" target=\"_blank\" rel=\"noopener\">Mercedes<\/a> a choisi le<br \/>\nsoleil et les larges avenues d&rsquo;Abu Dhabi.<\/p>\n<p>Le choix de la Classe S n&rsquo;est pas anodin. Alors que Waymo ou<br \/>\nUber utilisent souvent des SUV bard\u00e9s de capteurs disgracieux,<br \/>\n<strong>Mercedes veut proposer une exp\u00e9rience premium<\/strong>.<br \/>\nL&rsquo;id\u00e9e n&rsquo;est pas seulement d&rsquo;aller d&rsquo;un point A \u00e0 un point B sans<br \/>\nconducteur, mais de le faire dans le silence feutr\u00e9 et le confort<br \/>\nabsolu d&rsquo;une limousine allemande. C&rsquo;est le pari de Joerg Burzer,<br \/>\nmembre du conseil d&rsquo;administration : \u00ab\u00a0combiner s\u00e9curit\u00e9 et<br \/>\nconfort\u00a0\u00bb pour \u00e9lever le standard de la mobilit\u00e9 automatis\u00e9e.<br \/>\nSi le robotaxi doit devenir une r\u00e9alit\u00e9, Mercedes veut en \u00eatre la<br \/>\nversion premi\u00e8re classe.<\/p>\n<p>Une offensive technologique sur tous les fronts<\/p>\n<p>Mercedes est engag\u00e9e dans une course de fond pour ne pas se<br \/>\nfaire distancer par <a href=\"https:\/\/www.autoplus.fr\/marque\/tesla\" target=\"_blank\" rel=\"noopener\">Tesla<\/a> ou les<br \/>\nconstructeurs chinois. La marque a d\u00e9j\u00e0 \u00e9t\u00e9 le premier constructeur<br \/>\ninternational \u00e0 recevoir l&rsquo;autorisation de tester des v\u00e9hicules de<br \/>\nniveau 4 dans la jungle urbaine de P\u00e9kin. L\u00e0-bas, les Classe S<br \/>\nd&rsquo;essai sont \u00e9quip\u00e9es d&rsquo;un arsenal de capteurs sp\u00e9cifiques (LiDAR,<br \/>\nradars, cam\u00e9ras) pour apprendre \u00e0 voir dans un trafic complexe.<\/p>\n<p>La strat\u00e9gie de Stuttgart repose sur son propre syst\u00e8me<br \/>\nd&rsquo;exploitation, le fameux MB.OS, mais aussi sur des alliances<br \/>\nsolides. Outre Momenta, Mercedes explore les possibilit\u00e9s offertes<br \/>\npar la plateforme <a href=\"https:\/\/developer.nvidia.com\/drive\" target=\"_blank\" rel=\"noopener\">Drive AV<\/a> de Nvidia.<\/p>\n<p><strong>Il faut dire que Mercedes a une r\u00e9putation \u00e0<br \/>\ntenir<\/strong>. La marque, qui a invent\u00e9 l&rsquo;automobile en 1886<br \/>\n(comme elle aime le rappeler), est d\u00e9j\u00e0 pionni\u00e8re sur la conduite<br \/>\nautonome actuelle. Elle a \u00e9t\u00e9 la premi\u00e8re au monde \u00e0 faire<br \/>\nhomologuer un syst\u00e8me de niveau 3, le fameux <a href=\"https:\/\/www.autoplus.fr\/mercedes\/mercedes-drive-pilot-zoom-systeme-de-conduite-autonome-de-niveau-3-599903.html\" target=\"_blank\" rel=\"noopener\"><br \/>\nDrive Pilot<\/a>, qui permet d\u00e9j\u00e0 de l\u00e2cher le volant dans les<br \/>\nbouchons sur autoroute. L&rsquo;objectif est maintenant de pousser ce<br \/>\nsyst\u00e8me jusqu&rsquo;\u00e0 130 km\/h d&rsquo;ici cinq ans. Avec ce projet de robotaxi<br \/>\nClasse S, Mercedes semble indiquer que l&rsquo;avenir de l&rsquo;automobile ne<br \/>\nsera pas seulement fait de petites navettes \u00e9lectriques<br \/>\nimpersonnelles. <strong>Il y aura toujours une place pour le luxe<br \/>\net la performance, m\u00eame quand c&rsquo;est un robot qui tient le<br \/>\nvolant<\/strong>.<\/p>\n","protected":false},"excerpt":{"rendered":"Le comble du luxe pour une limousine, c&rsquo;est d&rsquo;avoir un chauffeur. Mais le comble de la technologie, c&rsquo;est&hellip;\n","protected":false},"author":2,"featured_media":591437,"comment_status":"","ping_status":"","sticky":false,"template":"","format":"standard","meta":{"footnotes":""},"categories":[6],"tags":[35,33,34,1011,27,1638],"class_list":{"0":"post-591436","1":"post","2":"type-post","3":"status-publish","4":"format-standard","5":"has-post-thumbnail","7":"category-economie","8":"tag-business","9":"tag-economie","10":"tag-economy","11":"tag-fr","12":"tag-france","13":"tag-has_diapo"},"share_on_mastodon":{"url":"https:\/\/pubeurope.com\/@fr\/115697375279625729","error":""},"_links":{"self":[{"href":"https:\/\/www.europesays.com\/fr\/wp-json\/wp\/v2\/posts\/591436","targetHints":{"allow":["GET"]}}],"collection":[{"href":"https:\/\/www.europesays.com\/fr\/wp-json\/wp\/v2\/posts"}],"about":[{"href":"https:\/\/www.europesays.com\/fr\/wp-json\/wp\/v2\/types\/post"}],"author":[{"embeddable":true,"href":"https:\/\/www.europesays.com\/fr\/wp-json\/wp\/v2\/users\/2"}],"replies":[{"embeddable":true,"href":"https:\/\/www.europesays.com\/fr\/wp-json\/wp\/v2\/comments?post=591436"}],"version-history":[{"count":0,"href":"https:\/\/www.europesays.com\/fr\/wp-json\/wp\/v2\/posts\/591436\/revisions"}],"wp:featuredmedia":[{"embeddable":true,"href":"https:\/\/www.europesays.com\/fr\/wp-json\/wp\/v2\/media\/591437"}],"wp:attachment":[{"href":"https:\/\/www.europesays.com\/fr\/wp-json\/wp\/v2\/media?parent=591436"}],"wp:term":[{"taxonomy":"category","embeddable":true,"href":"https:\/\/www.europesays.com\/fr\/wp-json\/wp\/v2\/categories?post=591436"},{"taxonomy":"post_tag","embeddable":true,"href":"https:\/\/www.europesays.com\/fr\/wp-json\/wp\/v2\/tags?post=591436"}],"curies":[{"name":"wp","href":"https:\/\/api.w.org\/{rel}","templated":true}]}}