{"id":591438,"date":"2025-12-10T21:23:19","date_gmt":"2025-12-10T21:23:19","guid":{"rendered":"https:\/\/www.europesays.com\/fr\/591438\/"},"modified":"2025-12-10T21:23:19","modified_gmt":"2025-12-10T21:23:19","slug":"en-russie-les-faucons-preparent-deja-la-guerre-contre-leurope","status":"publish","type":"post","link":"https:\/\/www.europesays.com\/fr\/591438\/","title":{"rendered":"en Russie, les faucons pr\u00e9parent d\u00e9j\u00e0 la guerre contre l\u2019Europe"},"content":{"rendered":"<p>\n    <strong>D\u00c9CRYPTAGE &#8211; <\/strong>Alors que l\u2019id\u00e9ologue Sergue\u00ef Karaganov pr\u00f4ne la d\u00e9sagr\u00e9gation de l\u2019Europe, les attaques hybrides et cognitives contre le continent se multiplient et Vladimir Poutine s\u2019est trouv\u00e9 un nouvel alli\u00e9\u00a0: Donald Trump.<\/p>\n<p class=\"fig-paragraph\">Parce qu\u2019elle ne fait pas &#8211; encore &#8211; de morts et que les gouvernements n\u2019en parlent pas toujours,\u00a0<a href=\"http:\/\/www.lefigaro.fr\/international\/guerre-hybride-face-a-la-russie-l-otan-cherche-la-riposte-20251015\" target=\"_blank\" data-fig-type=\"Article\" rel=\"noopener\" data-gtm-custom-categorie=\"navigation\" data-gtm-custom-action=\"crossclick\" data-gtm-custom-label=\"Contextuel\" data-gtm-event=\"customEventSPE\" data-fig-domain=\"LEFIGARO\">la guerre hybride<\/a>\u00a0et cognitive men\u00e9e par la Russie en Europe reste invisible pour une grande partie des opinions occidentales. Mais, dans certains cercles du pouvoir\u00a0<a href=\"http:\/\/www.lefigaro.fr\/international\/je-ne-pense-qu-a-une-chose-comment-echapper-a-tout-ca-confiants-en-vladimir-poutine-les-russes-sont-fatigues-de-la-guerre-20251202\" target=\"_blank\" data-fig-type=\"Article\" rel=\"noopener\" data-gtm-custom-categorie=\"navigation\" data-gtm-custom-action=\"crossclick\" data-gtm-custom-label=\"Contextuel\" data-gtm-event=\"customEventSPE\" data-fig-domain=\"LEFIGARO\">en Russie<\/a>, elle n\u2019est que le pr\u00e9lude \u00e0 un conflit plus large contre les pays du Vieux Continent. C\u2019est le sens des menaces prof\u00e9r\u00e9es par le conseiller politique du Kremlin\u00a0<a href=\"http:\/\/www.lefigaro.fr\/international\/serguei-karaganov-architecte-de-la-politique-etrangere-russe-la-dissuasion-ne-fonctionne-plus-il-faut-reinstaurer-la-peur-20241203\" target=\"_blank\" data-fig-type=\"Article\" rel=\"noopener\" data-gtm-custom-categorie=\"navigation\" data-gtm-custom-action=\"crossclick\" data-gtm-custom-label=\"Contextuel\" data-gtm-event=\"customEventSPE\" data-fig-domain=\"LEFIGARO\">Sergue\u00ef Karaganov<\/a>, dans une interview accord\u00e9e la semaine derni\u00e8re \u00e0 la premi\u00e8re cha\u00eene russe\u00a0Pervyj Kanal et retransmise par la revue\u00a0<a href=\"https:\/\/legrandcontinent.eu\/fr\/2025\/12\/09\/selon-le-proche-de-poutine-karaganov-la-russie-est-en-guerre-contre-leurope\/\" target=\"_blank\" rel=\"noopener\" data-gtm-custom-categorie=\"navigation\" data-gtm-custom-action=\"crossclick\" data-gtm-custom-label=\"Contextuel\" data-gtm-event=\"customEventSPE\">Le Grand Continent<\/a> .<\/p>\n<p class=\"fig-paragraph\">\u00abCette guerre a d\u00e9j\u00e0 commenc\u00e9. Notre v\u00e9ritable adversaire est bien l\u2019Europe et non la malheureuse Ukraine, mis\u00e9rable et manipul\u00e9e.\u00bb L\u2019id\u00e9ologue russe poursuit\u00a0: \u00abN\u2019\u00e9tant pas pr\u00e9sident, je peux dire que cette guerre ne prendra fin que lorsque nous aurons inflig\u00e9 \u00e0 l\u2019Europe une d\u00e9faite morale et politique\u2026L\u2019Europe est redevenue l\u2019expression la plus absolue du mal qui ronge l\u2019humanit\u00e9\u2026 Elle finira par se\u2026<\/p>\n<p class=\"fig-premium-paywall__infos\">\n        Cet article est r\u00e9serv\u00e9 aux abonn\u00e9s.        Il vous reste 85% \u00e0 d\u00e9couvrir.\n    <\/p>\n<p>                <img  data- alt=\"Le Figaro\" class=\"fig-img--complete fig-img\"\/><\/p>\n<p class=\"fig-premium-paywall__title\">Vente Flash<\/p>\n<p class=\"fig-premium-paywall__subtitle\">-50% sur l&rsquo;abonnement num\u00e9rique<\/p>\n<p class=\"fig-premium-paywall__connect\">\n                D\u00e9j\u00e0 abonn\u00e9\u00a0?                <a class=\"fig-premium-paywall__connect-link\" href=\"https:\/\/connect.lefigaro.fr\/login?client=horizon_web&amp;type=main&amp;redirect_uri=https%3A%2F%2Fwww.lefigaro.fr%2Finternational%2Finfliger-une-defaite-morale-et-politique-en-russie-les-faucons-preparent-deja-la-guerre-contre-l-europe-20251210\" data-js-gtm=\"{&quot;customCategorie&quot;: &quot;conversion&quot;, &quot;customAction&quot;: &quot;before_Landing_Connexion_paywall_auto&quot;, &quot;customLabel&quot;: &quot;bGVmaWdhcm8uZnJfXzFmMGQ1YjI0LTIwMjMtNjI1MC1hODMwLTM5MWI0MTNlNjVlOV9fQXJ0aWNsZQ==_\u00abInfliger une d\u00e9faite morale et politique\u00bb\u00a0: en Russie, les faucons pr\u00e9parent d\u00e9j\u00e0 la guerre contre l\u2019Europe_409&quot;, &quot;customIDSPE&quot;: &quot;bGVmaWdhcm8uZnJfXzFmMGQ1YjI0LTIwMjMtNjI1MC1hODMwLTM5MWI0MTNlNjVlOV9fQXJ0aWNsZQ==&quot;, &quot;event&quot;: &quot;customEventSPE&quot;}\" target=\"_blank\" rel=\"noopener\"><br \/>\n                    Connectez-vous<br \/>\n                <\/a>\n            <\/p>\n","protected":false},"excerpt":{"rendered":"D\u00c9CRYPTAGE &#8211; Alors que l\u2019id\u00e9ologue Sergue\u00ef Karaganov pr\u00f4ne la d\u00e9sagr\u00e9gation de l\u2019Europe, les attaques hybrides et cognitives contre&hellip;\n","protected":false},"author":2,"featured_media":591439,"comment_status":"","ping_status":"","sticky":false,"template":"","format":"standard","meta":{"footnotes":""},"categories":[5],"tags":[11,1011,27,131,14,12,132,135,28],"class_list":{"0":"post-591438","1":"post","2":"type-post","3":"status-publish","4":"format-standard","5":"has-post-thumbnail","7":"category-international","8":"tag-actualites","9":"tag-fr","10":"tag-france","11":"tag-guerre-en-ukraine","12":"tag-international","13":"tag-news","14":"tag-russie","15":"tag-vladimir-poutine","16":"tag-world"},"share_on_mastodon":{"url":"https:\/\/pubeurope.com\/@fr\/115697379298862154","error":""},"_links":{"self":[{"href":"https:\/\/www.europesays.com\/fr\/wp-json\/wp\/v2\/posts\/591438","targetHints":{"allow":["GET"]}}],"collection":[{"href":"https:\/\/www.europesays.com\/fr\/wp-json\/wp\/v2\/posts"}],"about":[{"href":"https:\/\/www.europesays.com\/fr\/wp-json\/wp\/v2\/types\/post"}],"author":[{"embeddable":true,"href":"https:\/\/www.europesays.com\/fr\/wp-json\/wp\/v2\/users\/2"}],"replies":[{"embeddable":true,"href":"https:\/\/www.europesays.com\/fr\/wp-json\/wp\/v2\/comments?post=591438"}],"version-history":[{"count":0,"href":"https:\/\/www.europesays.com\/fr\/wp-json\/wp\/v2\/posts\/591438\/revisions"}],"wp:featuredmedia":[{"embeddable":true,"href":"https:\/\/www.europesays.com\/fr\/wp-json\/wp\/v2\/media\/591439"}],"wp:attachment":[{"href":"https:\/\/www.europesays.com\/fr\/wp-json\/wp\/v2\/media?parent=591438"}],"wp:term":[{"taxonomy":"category","embeddable":true,"href":"https:\/\/www.europesays.com\/fr\/wp-json\/wp\/v2\/categories?post=591438"},{"taxonomy":"post_tag","embeddable":true,"href":"https:\/\/www.europesays.com\/fr\/wp-json\/wp\/v2\/tags?post=591438"}],"curies":[{"name":"wp","href":"https:\/\/api.w.org\/{rel}","templated":true}]}}