{"id":591441,"date":"2025-12-10T21:25:16","date_gmt":"2025-12-10T21:25:16","guid":{"rendered":"https:\/\/www.europesays.com\/fr\/591441\/"},"modified":"2025-12-10T21:25:16","modified_gmt":"2025-12-10T21:25:16","slug":"les-bobards-et-arrangements-de-nicolas-sarkozy-de-la-taille-de-sa-cellule-aux-raisons-de-sa-detention-liberation","status":"publish","type":"post","link":"https:\/\/www.europesays.com\/fr\/591441\/","title":{"rendered":"les bobards et arrangements de Nicolas Sarkozy, de la taille de sa cellule aux raisons de sa d\u00e9tention \u2013 Lib\u00e9ration"},"content":{"rendered":"<p class=\"sc-cPiKLX AiZTS text-element\">Dans<a href=\"https:\/\/www.liberation.fr\/politique\/libe-a-lu-pour-vous-le-journal-dun-prisonnier-de-sarkozy-et-a-bien-failli-se-noyer-dans-le-pathos-20251208_NTE535REENBWZK4L7OGYVRWZHU\/?redirected=1\" target=\"_blank\" rel=\"noreferrer noopener\" title=\"https:\/\/www.liberation.fr\/politique\/libe-a-lu-pour-vous-le-journal-dun-prisonnier-de-sarkozy-et-a-bien-failli-se-noyer-dans-le-pathos-20251208_NTE535REENBWZK4L7OGYVRWZHU\/?redirected=1\"> son Journal d\u2019un prisonnier paru ce mercredi 10 d\u00e9cembre<\/a>, Nicolas Sarkozy revient sur ses trois semaines de d\u00e9tention \u00e0 la prison de la Sant\u00e9, s\u2019interroge sur les raisons justifiant sa condamnation et son incarc\u00e9ration, s\u2019\u00e9meut du soutien que lui t\u00e9moignent des proches comme des inconnus, et se livre sur des \u00e9pisodes de sa vie pass\u00e9e\u2026 sans r\u00e9sister \u00e0 la tentation de parfois tordre les faits.<\/p>\n<p class=\"sc-cPiKLX AiZTS text-element\">En parcourant l\u2019ouvrage, CheckNews a pu constater qu\u2019en plus de r\u00e9p\u00e9ter les m\u00eames contre-v\u00e9rit\u00e9s sur <a href=\"https:\/\/www.liberation.fr\/societe\/police-justice\/proces-sarkozy-sur-le-financement-libyen-delibere-sur-un-faisceau-dindices-20250924_NCGT6WXLPFDOPKUH6I4EHP37ZE\/\" target=\"_blank\" rel=\"noreferrer noopener\" title=\"https:\/\/www.liberation.fr\/societe\/police-justice\/proces-sarkozy-sur-le-financement-libyen-delibere-sur-un-faisceau-dindices-20250924_NCGT6WXLPFDOPKUH6I4EHP37ZE\/\">l\u2019affaire du financement libyen de sa campagne de 2007<\/a>, sur l\u2019enqu\u00eate du Parquet national financier et sur le jugement du tribunal correctionnel de Paris, l\u2019ancien pr\u00e9sident de la R\u00e9pub<\/p>\n","protected":false},"excerpt":{"rendered":"Dans son Journal d\u2019un prisonnier paru ce mercredi 10 d\u00e9cembre, Nicolas Sarkozy revient sur ses trois semaines de&hellip;\n","protected":false},"author":2,"featured_media":591442,"comment_status":"","ping_status":"","sticky":false,"template":"","format":"standard","meta":{"footnotes":""},"categories":[2],"tags":[11,1011,27,12,3091,5062],"class_list":{"0":"post-591441","1":"post","2":"type-post","3":"status-publish","4":"format-standard","5":"has-post-thumbnail","7":"category-actualites","8":"tag-actualites","9":"tag-fr","10":"tag-france","11":"tag-news","12":"tag-nicolas-sarkozy","13":"tag-sarkozy-face-a-la-justice"},"share_on_mastodon":{"url":"https:\/\/pubeurope.com\/@fr\/115697387106815133","error":""},"_links":{"self":[{"href":"https:\/\/www.europesays.com\/fr\/wp-json\/wp\/v2\/posts\/591441","targetHints":{"allow":["GET"]}}],"collection":[{"href":"https:\/\/www.europesays.com\/fr\/wp-json\/wp\/v2\/posts"}],"about":[{"href":"https:\/\/www.europesays.com\/fr\/wp-json\/wp\/v2\/types\/post"}],"author":[{"embeddable":true,"href":"https:\/\/www.europesays.com\/fr\/wp-json\/wp\/v2\/users\/2"}],"replies":[{"embeddable":true,"href":"https:\/\/www.europesays.com\/fr\/wp-json\/wp\/v2\/comments?post=591441"}],"version-history":[{"count":0,"href":"https:\/\/www.europesays.com\/fr\/wp-json\/wp\/v2\/posts\/591441\/revisions"}],"wp:featuredmedia":[{"embeddable":true,"href":"https:\/\/www.europesays.com\/fr\/wp-json\/wp\/v2\/media\/591442"}],"wp:attachment":[{"href":"https:\/\/www.europesays.com\/fr\/wp-json\/wp\/v2\/media?parent=591441"}],"wp:term":[{"taxonomy":"category","embeddable":true,"href":"https:\/\/www.europesays.com\/fr\/wp-json\/wp\/v2\/categories?post=591441"},{"taxonomy":"post_tag","embeddable":true,"href":"https:\/\/www.europesays.com\/fr\/wp-json\/wp\/v2\/tags?post=591441"}],"curies":[{"name":"wp","href":"https:\/\/api.w.org\/{rel}","templated":true}]}}