{"id":591443,"date":"2025-12-10T21:26:37","date_gmt":"2025-12-10T21:26:37","guid":{"rendered":"https:\/\/www.europesays.com\/fr\/591443\/"},"modified":"2025-12-10T21:26:37","modified_gmt":"2025-12-10T21:26:37","slug":"villars-un-nouveau-bail-de-trois-ans-pour-le-local-du-secours-populaire","status":"publish","type":"post","link":"https:\/\/www.europesays.com\/fr\/591443\/","title":{"rendered":"Villars. Un nouveau bail de trois ans pour le local du Secours populaire"},"content":{"rendered":"<p>Ouvert deux jours par semaine, lundi et samedi, le local du Secours populaire est une v\u00e9ritable caverne d\u2019Ali Baba o\u00f9 l\u2019on trouve un large panel d\u2019articles (habillement, vaisselle, jouets, mobilier\u2026) vendus \u00e0 tout petit prix. Ces objets, tous en bon \u00e9tat de fonctionnement, sont le produit de la g\u00e9n\u00e9rosit\u00e9 des donateurs essentiellement villardaires et ils trouvent ici une deuxi\u00e8me vie en proposant un&#8230;<\/p>\n","protected":false},"excerpt":{"rendered":"Ouvert deux jours par semaine, lundi et samedi, le local du Secours populaire est une v\u00e9ritable caverne d\u2019Ali&hellip;\n","protected":false},"author":2,"featured_media":591444,"comment_status":"","ping_status":"","sticky":false,"template":"","format":"standard","meta":{"footnotes":""},"categories":[9653],"tags":[1111,11,2430,7539,1777,674,1011,27,12,25,4001,9664,801,10246],"class_list":{"0":"post-591443","1":"post","2":"type-post","3":"status-publish","4":"format-standard","5":"has-post-thumbnail","7":"category-saint-etienne","8":"tag-actu","9":"tag-actualites","10":"tag-auvergne-rhone-alpes","11":"tag-edition-loire-sud","12":"tag-eu","13":"tag-europe","14":"tag-fr","15":"tag-france","16":"tag-news","17":"tag-republique-francaise","18":"tag-saint-etienne","19":"tag-saint-etienne-bassin","20":"tag-social","21":"tag-villars"},"share_on_mastodon":{"url":"https:\/\/pubeurope.com\/@fr\/115697391242111395","error":""},"_links":{"self":[{"href":"https:\/\/www.europesays.com\/fr\/wp-json\/wp\/v2\/posts\/591443","targetHints":{"allow":["GET"]}}],"collection":[{"href":"https:\/\/www.europesays.com\/fr\/wp-json\/wp\/v2\/posts"}],"about":[{"href":"https:\/\/www.europesays.com\/fr\/wp-json\/wp\/v2\/types\/post"}],"author":[{"embeddable":true,"href":"https:\/\/www.europesays.com\/fr\/wp-json\/wp\/v2\/users\/2"}],"replies":[{"embeddable":true,"href":"https:\/\/www.europesays.com\/fr\/wp-json\/wp\/v2\/comments?post=591443"}],"version-history":[{"count":0,"href":"https:\/\/www.europesays.com\/fr\/wp-json\/wp\/v2\/posts\/591443\/revisions"}],"wp:featuredmedia":[{"embeddable":true,"href":"https:\/\/www.europesays.com\/fr\/wp-json\/wp\/v2\/media\/591444"}],"wp:attachment":[{"href":"https:\/\/www.europesays.com\/fr\/wp-json\/wp\/v2\/media?parent=591443"}],"wp:term":[{"taxonomy":"category","embeddable":true,"href":"https:\/\/www.europesays.com\/fr\/wp-json\/wp\/v2\/categories?post=591443"},{"taxonomy":"post_tag","embeddable":true,"href":"https:\/\/www.europesays.com\/fr\/wp-json\/wp\/v2\/tags?post=591443"}],"curies":[{"name":"wp","href":"https:\/\/api.w.org\/{rel}","templated":true}]}}