{"id":591445,"date":"2025-12-10T21:27:26","date_gmt":"2025-12-10T21:27:26","guid":{"rendered":"https:\/\/www.europesays.com\/fr\/591445\/"},"modified":"2025-12-10T21:27:26","modified_gmt":"2025-12-10T21:27:26","slug":"la-place-saint-etienne-fete-noel-avec-les-strasbourgeoises","status":"publish","type":"post","link":"https:\/\/www.europesays.com\/fr\/591445\/","title":{"rendered":"la place Saint-\u00c9tienne f\u00eate No\u00ebl avec les Strasbourgeois(es)"},"content":{"rendered":"<p>    <img loading=\"lazy\" width=\"1800\" height=\"900\" src=\"https:\/\/www.europesays.com\/fr\/wp-content\/uploads\/2025\/11\/jeanne-callthepolice.jpg\" class=\"attachment-full size-full\" alt=\"\" id=\"imageLove\" decoding=\"async\"  \/><\/p>\n<p id=\"breadcrumbs\"><a href=\"https:\/\/pokaa.fr\/\" target=\"_blank\" rel=\"noopener\">Accueil<\/a> \/ <a href=\"https:\/\/pokaa.fr\/categories\/noel\/\" target=\"_blank\" rel=\"noopener\">No\u00ebl<\/a> \/ Ateliers gratuits, cr\u00e8che et chalet : la place Saint-\u00c9tienne f\u00eate No\u00ebl avec les Strasbourgeois(es)<\/p>\n<p>                    No\u00ebl<\/p>\n<p><b>Joyau architectural de Strasbourg, la place Saint-\u00c9tienne est l\u2019une des plus anciennes de la ville. \u00c0 l\u2019initiative de l\u2019Association des commer\u00e7ants de la rue des Fr\u00e8res et de la place Saint-\u00c9tienne, et du centenaire du Foyer de l\u2019\u00e9tudiant catholique (FEC), elle accueille ce mois-ci son premier march\u00e9 de No\u00ebl, jusqu\u2019au 24 d\u00e9cembre. Cr\u00e8che grandeur nature, ateliers pour enfants, animations\u2026 D\u00e9couverte d\u2019un march\u00e9 confidentiel.<\/b><\/p>\n<p>Bord\u00e9e par des maisons \u00e0 colombages, la place Saint-\u00c9tienne s\u2019\u00e9rige depuis 1400 ; et depuis 1598,<b> une b\u00e2tisse Renaissance : le Foyer de l\u2019\u00e9tudiant catholique (FEC), qui occupe ses locaux depuis 1925<\/b>. \u00c0 l\u2019occasion de <b>son centenaire<\/b>, ce dernier nous ouvre ses portes pendant toute la p\u00e9riode de l\u2019Avent.<\/p>\n<p>                <img width=\"375\" height=\"500\" src=\"https:\/\/www.europesays.com\/fr\/wp-content\/uploads\/2025\/12\/image00010-375x500.jpeg\" class=\"attachment-gallery size-gallery\" alt=\"Association des commer\u00e7ants de la rue des Fr\u00e8res et de la place Saint-\u00c9tienne\" data-full-url=\"https:\/\/pokaa.fr\/wp-content\/uploads\/2025\/12\/09\/image00010-rotated.jpeg\" decoding=\"async\" loading=\"lazy\"  \/>            <\/p>\n<p>                <img width=\"375\" height=\"500\" src=\"https:\/\/www.europesays.com\/fr\/wp-content\/uploads\/2025\/12\/image00003-375x500.jpeg\" class=\"attachment-gallery size-gallery\" alt=\"cr\u00e8che artisans + Association des commer\u00e7ants de la rue des Fr\u00e8res et de la place Saint-\u00c9tienne\" data-full-url=\"https:\/\/pokaa.fr\/wp-content\/uploads\/2025\/12\/09\/image00003.jpeg\" decoding=\"async\" loading=\"lazy\"  \/>            <\/p>\n<p>                    Centenaire du FEC et march\u00e9 de No\u00ebl rue des Fr\u00e8res-place Saint-\u00c9tienne. \u00a9 Anthony Jilli \/ Pokaa<\/p>\n<p>Dans sa cour se dresse, depuis la soir\u00e9e d\u2019inauguration de son march\u00e9 de No\u00ebl (le jeudi 4 d\u00e9cembre), <b>une cr\u00e8che grandeur nature<\/b>.<\/p>\n<p>Une cr\u00e8che elle-m\u00eame historique, puisqu\u2019elle a \u00e9t\u00e9 <b>sculpt\u00e9e en public en l\u2019an 2000 par les artisans de la corporation des sculpteurs sur bois du Bas-Rhin, <\/b>aujourd\u2019hui pr\u00eat\u00e9e par la Ville de Strasbourg, et qui f\u00eate cette ann\u00e9e son retour.<\/p>\n<p>                <img width=\"400\" height=\"500\" src=\"https:\/\/www.europesays.com\/fr\/wp-content\/uploads\/2025\/12\/rue-des-freres-la-rue-to-be-2-400x500.jpg\" class=\"attachment-gallery size-gallery\" alt=\"cr\u00e8che artisans + Association des commer\u00e7ants de la rue des Fr\u00e8res et de la place Saint-\u00c9tienne\" data-full-url=\"https:\/\/pokaa.fr\/wp-content\/uploads\/2025\/12\/09\/rue-des-freres-la-rue-to-be-2.jpg\" decoding=\"async\" loading=\"lazy\"  \/>            <\/p>\n<p>                <img width=\"400\" height=\"500\" src=\"https:\/\/www.europesays.com\/fr\/wp-content\/uploads\/2025\/12\/rue-des-freres-la-rue-to-be-400x500.jpg\" class=\"attachment-gallery size-gallery\" alt=\"cr\u00e8che artisans + Association des commer\u00e7ants de la rue des Fr\u00e8res et de la place Saint-\u00c9tienne\" data-full-url=\"https:\/\/pokaa.fr\/wp-content\/uploads\/2025\/12\/09\/rue-des-freres-la-rue-to-be.jpg\" decoding=\"async\" loading=\"lazy\"  \/>            <\/p>\n<p>                <img width=\"400\" height=\"500\" src=\"https:\/\/www.europesays.com\/fr\/wp-content\/uploads\/2025\/12\/rue-des-freres-la-rue-to-be-3-400x500.jpg\" class=\"attachment-gallery size-gallery\" alt=\"cr\u00e8che artisans + Association des commer\u00e7ants de la rue des Fr\u00e8res et de la place Saint-\u00c9tienne\" data-full-url=\"https:\/\/pokaa.fr\/wp-content\/uploads\/2025\/12\/09\/rue-des-freres-la-rue-to-be-3.jpg\" decoding=\"async\" loading=\"lazy\"  \/>            <\/p>\n<p>                    Cr\u00e8che r\u00e9alis\u00e9e par les artisans de la corporation des sculpteurs sur bois du Bas-Rhin. \u00a9 Page Facebook Rue des Fr\u00e8res, la rue to be \/ Capture d&rsquo;\u00e9cran<\/p>\n<p>    <img width=\"800\" height=\"600\" src=\"https:\/\/www.europesays.com\/fr\/wp-content\/uploads\/2025\/12\/image00007-800x600.jpeg\" class=\"attachment-image-size-L size-image-size-L\" alt=\"cr\u00e8che artisans + Association des commer\u00e7ants de la rue des Fr\u00e8res et de la place Saint-\u00c9tienne\" decoding=\"async\" loading=\"lazy\"  \/>         \u00a9 Anthony Jilli \/ Pokaa <\/p>\n<p>Un premier No\u00ebl pour le quartier<\/p>\n<p>Derri\u00e8re cette initiative\u00a0? <b>L\u2019Association des commer\u00e7ants de la rue des Fr\u00e8res et de la place Saint-\u00c9tienne <\/b>qui profite de la p\u00e9riode des f\u00eates pour valoriser son quartier. C\u00f4t\u00e9 rue, cette derni\u00e8re a install\u00e9 <b>un chalet d\u00e9di\u00e9 aux produits alsaciens et aux douceurs de No\u00ebl <\/b>(vin chaud, tartes flamb\u00e9es, soupe, bretzels, knacks, etc.).<\/p>\n<p>                <img width=\"667\" height=\"500\" src=\"https:\/\/www.europesays.com\/fr\/wp-content\/uploads\/2025\/12\/img-4427-667x500.jpg\" class=\"attachment-gallery size-gallery\" alt=\"Association des commer\u00e7ants de la rue des Fr\u00e8res et de la place Saint-\u00c9tienne\" data-full-url=\"https:\/\/pokaa.fr\/wp-content\/uploads\/2025\/12\/09\/img-4427.jpg\" decoding=\"async\" loading=\"lazy\"  \/>            <\/p>\n<p>                <img width=\"667\" height=\"500\" src=\"https:\/\/www.europesays.com\/fr\/wp-content\/uploads\/2025\/12\/img-4426-667x500.jpg\" class=\"attachment-gallery size-gallery\" alt=\"Association des commer\u00e7ants de la rue des Fr\u00e8res et de la place Saint-\u00c9tienne\" data-full-url=\"https:\/\/pokaa.fr\/wp-content\/uploads\/2025\/12\/09\/img-4426.jpg\" decoding=\"async\" loading=\"lazy\"  \/>            <\/p>\n<p>                    \u00a9 Coraline Lafon \/ Pokaa<\/p>\n<p>    <img width=\"800\" height=\"600\" src=\"https:\/\/www.europesays.com\/fr\/wp-content\/uploads\/2025\/12\/image00002-800x600.jpeg\" class=\"attachment-image-size-L size-image-size-L\" alt=\"Association des commer\u00e7ants de la rue des Fr\u00e8res et de la place Saint-\u00c9tienne\" decoding=\"async\" loading=\"lazy\"  \/>         \u00a9 Anthony Jilli \/ Pokaa <\/p>\n<p>Pour offrir un espace de convivialit\u00e9 aux passant(e)s et aux habitant(e)s, l\u2019association a mont\u00e9 <b>un chaleureux jardin d\u2019hiver <\/b>temporaire, pour une pause entre ami(e)s ou en famille en marge de la fr\u00e9n\u00e9sie de la ville.<\/p>\n<p><b>Un chapiteau anim\u00e9 au quotidien par des musiques de No\u00ebl et des bandes litt\u00e9raires <\/b>(avec les voix OFF des responsables de la Librairie Gutenberg, en partenariat avec la librairie et le Cactus de Barnab\u00e9).<\/p>\n<p>    <img width=\"480\" height=\"600\" src=\"https:\/\/www.europesays.com\/fr\/wp-content\/uploads\/2025\/12\/rue-des-freres-la-rue-to-be-4-480x600.jpg\" class=\"attachment-image-size-M size-image-size-M\" alt=\"cr\u00e8che artisans + Association des commer\u00e7ants de la rue des Fr\u00e8res et de la place Saint-\u00c9tienne\" decoding=\"async\" loading=\"lazy\"  \/>         \u00a9 Page Facebook Rue des Fr\u00e8res, la rue to be \/ Capture d&rsquo;\u00e9cran <\/p>\n<p>Envie d\u2019occuper vos enfants\u00a0? Rendez-vous tous <b>les mercredis de l\u2019Avent <\/b>(de 15h \u00e0 17h), pour des <b>ateliers gratuits <\/b>(sur r\u00e9servation, ouverts aux moins de 12 ans) de <b>confection et de d\u00e9gustation de tartes flamb\u00e9es<\/b>.<\/p>\n<p>Quant aux <b>dimanches de l\u2019Avent<\/b>, retrouvez-y des <b>ateliers de cr\u00e9ation de d\u00e9corations pour le sapin de la place<\/b>, et une <b>collecte de jouets<\/b> pour une association partenaire. Pour un No\u00ebl aussi convivial que solidaire.<\/p>\n<p>    <img width=\"800\" height=\"600\" src=\"https:\/\/www.europesays.com\/fr\/wp-content\/uploads\/2025\/12\/img-3904-800x600.jpeg\" class=\"attachment-image-size-L size-image-size-L\" alt=\"cr\u00e8che artisans + Association des commer\u00e7ants de la rue des Fr\u00e8res et de la place Saint-\u00c9tienne\" decoding=\"async\" loading=\"lazy\"  \/>         \u00a9 L&rsquo;Association des commer\u00e7ants de la rue des Fr\u00e8res et de la place Saint-\u00c9tienne \/ Document remis <\/p>\n<p>Pour ne rien perdre de l\u2019actu\u2019 de la place et de son march\u00e9 de No\u00ebl, <b>suivez <a href=\"https:\/\/www.facebook.com\/profile.php?id=61584287399541\" target=\"_blank\" rel=\"noopener\">les r\u00e9seaux sociaux<\/a> de l\u2019association<\/b>\u00a0: d\u2019autres \u00e9v\u00e9nements pourraient y \u00eatre annonc\u00e9s (chants et contes de No\u00ebl, histoires de la place et de la fontaine organis\u00e9es par le FEC, etc.).<\/p>\n<p>            March\u00e9 de No\u00ebl de la place Saint-\u00c9tienne et centenaire du FEC<\/p>\n<p>            Quoi ? <\/p>\n<p>Chalet (petite restauration), jardin d\u2019hiver et animations gratuites (ateliers, spectacles, etc.)<\/p>\n<p>                Quand ?<\/p>\n<p>Jusqu\u2019au 24 d\u00e9cembre (de 11h30 \u00e0 21h)<\/p>\n<p>            o\u00f9 ?<\/p>\n<p>Place Saint-\u00c9tienne, rue des Fr\u00e8res et dans la cour du FEC (Foyer de l\u2019\u00e9tudiant catholique), \u00e0 Strasbourg<\/p>\n<p>                Plus d&rsquo;infos ?<\/p>\n<p>L\u2019Association des commer\u00e7ants de la rue des Fr\u00e8res et de la place Saint-\u00c9tienne\u00a0:<br \/><a href=\"https:\/\/www.facebook.com\/profile.php?id=61584287399541\" target=\"_blank\" rel=\"noopener\">Sur Facebook<\/a><br \/><a href=\"https:\/\/www.instagram.com\/assocommercantsfreres\/\" target=\"_blank\" rel=\"noopener\">Sur Instagram<\/a><br \/>R\u00e9servation des ateliers sur <a href=\"http:\/\/pokaa.fr\/cdn-cgi\/l\/email-protection#c9a8babaa6aaa6a4a4acbb0a6ea8a7bdbabbbcacadacbaafbbacbbacba89aea4a8a0a5e7aaa6a4\" target=\"_blank\" rel=\"noopener\">assocommer\u00e7[email\u00a0protected]<\/a><\/p>\n<p><a href=\"https:\/\/www.fec-strasbourg.org\/centenaire\/\" target=\"_blank\" rel=\"noopener\">Centenaire du Foyer de l\u2019\u00e9tudiant catholique (FEC)<\/a><\/p>\n<p><script async src=\"\/\/www.instagram.com\/embed.js\"><\/script><\/p>\n","protected":false},"excerpt":{"rendered":"Accueil \/ No\u00ebl \/ Ateliers gratuits, cr\u00e8che et chalet : la place Saint-\u00c9tienne f\u00eate No\u00ebl avec les Strasbourgeois(es)&hellip;\n","protected":false},"author":2,"featured_media":591446,"comment_status":"","ping_status":"","sticky":false,"template":"","format":"standard","meta":{"footnotes":""},"categories":[9653],"tags":[1111,11,1063,4396,2430,11898,2695,1777,674,652,67932,70449,1011,27,36053,12,70450,25,70451,4001],"class_list":{"0":"post-591445","1":"post","2":"type-post","3":"status-publish","4":"format-standard","5":"has-post-thumbnail","7":"category-saint-etienne","8":"tag-actu","9":"tag-actualites","10":"tag-animations","11":"tag-atelier","12":"tag-auvergne-rhone-alpes","13":"tag-centre-ville","14":"tag-creche","15":"tag-eu","16":"tag-europe","17":"tag-famille","18":"tag-fec","19":"tag-foyer-etudiant-catholique","20":"tag-fr","21":"tag-france","22":"tag-marche-de-noel","23":"tag-news","24":"tag-place-saint-etienne","25":"tag-republique-francaise","26":"tag-rue-des-freres","27":"tag-saint-etienne"},"share_on_mastodon":{"url":"https:\/\/pubeurope.com\/@fr\/115697397019635124","error":""},"_links":{"self":[{"href":"https:\/\/www.europesays.com\/fr\/wp-json\/wp\/v2\/posts\/591445","targetHints":{"allow":["GET"]}}],"collection":[{"href":"https:\/\/www.europesays.com\/fr\/wp-json\/wp\/v2\/posts"}],"about":[{"href":"https:\/\/www.europesays.com\/fr\/wp-json\/wp\/v2\/types\/post"}],"author":[{"embeddable":true,"href":"https:\/\/www.europesays.com\/fr\/wp-json\/wp\/v2\/users\/2"}],"replies":[{"embeddable":true,"href":"https:\/\/www.europesays.com\/fr\/wp-json\/wp\/v2\/comments?post=591445"}],"version-history":[{"count":0,"href":"https:\/\/www.europesays.com\/fr\/wp-json\/wp\/v2\/posts\/591445\/revisions"}],"wp:featuredmedia":[{"embeddable":true,"href":"https:\/\/www.europesays.com\/fr\/wp-json\/wp\/v2\/media\/591446"}],"wp:attachment":[{"href":"https:\/\/www.europesays.com\/fr\/wp-json\/wp\/v2\/media?parent=591445"}],"wp:term":[{"taxonomy":"category","embeddable":true,"href":"https:\/\/www.europesays.com\/fr\/wp-json\/wp\/v2\/categories?post=591445"},{"taxonomy":"post_tag","embeddable":true,"href":"https:\/\/www.europesays.com\/fr\/wp-json\/wp\/v2\/tags?post=591445"}],"curies":[{"name":"wp","href":"https:\/\/api.w.org\/{rel}","templated":true}]}}