{"id":591447,"date":"2025-12-10T21:28:13","date_gmt":"2025-12-10T21:28:13","guid":{"rendered":"https:\/\/www.europesays.com\/fr\/591447\/"},"modified":"2025-12-10T21:28:13","modified_gmt":"2025-12-10T21:28:13","slug":"un-nouveau-centre-de-vaccination","status":"publish","type":"post","link":"https:\/\/www.europesays.com\/fr\/591447\/","title":{"rendered":"un nouveau centre de vaccination"},"content":{"rendered":"<p>Alors que la campagne de vaccination contre la grippe <a href=\"https:\/\/www.estrepublicain.fr\/sante\/2025\/10\/15\/la-campagne-de-vaccination-contre-la-grippe-et-le-covid-est-lancee\" target=\"_blank\" rel=\"noopener\">a d\u00e9but\u00e9 le 14\u00a0octobre dernier<\/a> , les acteurs de la sant\u00e9 se mobilisent pour permettre aux personnes de plus de 65 ans ou \u00e0 risques de se faire vacciner\u2026<\/p>\n<p>Apr\u00e8s une premi\u00e8re op\u00e9ration de\u00a0sensibilisation et le d\u00e9ploiement de centres de vaccination gratuits\u00a0sur le territoire de la M\u00e9tropole <a href=\"https:\/\/www.estrepublicain.fr\/sante\/2025\/10\/22\/grippe-saisonniere-trois-centres-de-vaccination-temporaires-vont-ouvrir-dans-le-grand-nancy\" target=\"_blank\" rel=\"noopener\">entre le 31\u00a0octobre et le 2\u00a0novembre<\/a> , un nouveau centre de vaccination temporaire va ouvrir ce vendredi 12\u00a0d\u00e9cembre \u00e0 Nancy, afin de faire face \u00e0 l\u2019augmentation r\u00e9cente du nombre de cas de grippe localement.<\/p>\n<p>Ouvert \u00e0 l\u2019initiative de La Vague et l\u2019ensemble des partenaires, ce centre sera ouvert de 13\u00a0h \u00e0 17\u00a0h \u00e0 l\u2019h\u00f4tel de Ville (salle Mienville) et permettra aux seniors de se faire vacciner gratuitement.<\/p>\n","protected":false},"excerpt":{"rendered":"Alors que la campagne de vaccination contre la grippe a d\u00e9but\u00e9 le 14\u00a0octobre dernier , les acteurs de&hellip;\n","protected":false},"author":2,"featured_media":591448,"comment_status":"","ping_status":"","sticky":false,"template":"","format":"standard","meta":{"footnotes":""},"categories":[9635],"tags":[1111,11,1704,1777,674,1011,27,775,1702,1703,12,25,71],"class_list":{"0":"post-591447","1":"post","2":"type-post","3":"status-publish","4":"format-standard","5":"has-post-thumbnail","7":"category-nancy","8":"tag-actu","9":"tag-actualites","10":"tag-edition-nancy-et-agglomeration","11":"tag-eu","12":"tag-europe","13":"tag-fr","14":"tag-france","15":"tag-grand-est","16":"tag-nancy","17":"tag-nancy-ville-54b","18":"tag-news","19":"tag-republique-francaise","20":"tag-sante"},"share_on_mastodon":{"url":"https:\/\/pubeurope.com\/@fr\/115697398899314992","error":""},"_links":{"self":[{"href":"https:\/\/www.europesays.com\/fr\/wp-json\/wp\/v2\/posts\/591447","targetHints":{"allow":["GET"]}}],"collection":[{"href":"https:\/\/www.europesays.com\/fr\/wp-json\/wp\/v2\/posts"}],"about":[{"href":"https:\/\/www.europesays.com\/fr\/wp-json\/wp\/v2\/types\/post"}],"author":[{"embeddable":true,"href":"https:\/\/www.europesays.com\/fr\/wp-json\/wp\/v2\/users\/2"}],"replies":[{"embeddable":true,"href":"https:\/\/www.europesays.com\/fr\/wp-json\/wp\/v2\/comments?post=591447"}],"version-history":[{"count":0,"href":"https:\/\/www.europesays.com\/fr\/wp-json\/wp\/v2\/posts\/591447\/revisions"}],"wp:featuredmedia":[{"embeddable":true,"href":"https:\/\/www.europesays.com\/fr\/wp-json\/wp\/v2\/media\/591448"}],"wp:attachment":[{"href":"https:\/\/www.europesays.com\/fr\/wp-json\/wp\/v2\/media?parent=591447"}],"wp:term":[{"taxonomy":"category","embeddable":true,"href":"https:\/\/www.europesays.com\/fr\/wp-json\/wp\/v2\/categories?post=591447"},{"taxonomy":"post_tag","embeddable":true,"href":"https:\/\/www.europesays.com\/fr\/wp-json\/wp\/v2\/tags?post=591447"}],"curies":[{"name":"wp","href":"https:\/\/api.w.org\/{rel}","templated":true}]}}