{"id":591449,"date":"2025-12-10T21:29:21","date_gmt":"2025-12-10T21:29:21","guid":{"rendered":"https:\/\/www.europesays.com\/fr\/591449\/"},"modified":"2025-12-10T21:29:21","modified_gmt":"2025-12-10T21:29:21","slug":"nancy-en-rangeant-sa-terrasse-il-recoit-un-marteau-lance-lors-de-debordements-ca-aurait-pu-etre-un-drame","status":"publish","type":"post","link":"https:\/\/www.europesays.com\/fr\/591449\/","title":{"rendered":"Nancy. En rangeant sa terrasse, il re\u00e7oit un marteau lanc\u00e9 lors de d\u00e9bordements : \u00ab\u00a0\u00c7a aurait pu\u00a0\u00eatre\u00a0un\u00a0drame\u00a0\u00bb"},"content":{"rendered":"<p>                    Par<br \/>\n        <strong><br \/>\n            <a href=\"https:\/\/actu.fr\/auteur\/pierre-emile-bouchy-actu-fr\" title=\"Consulter tous les articles de Paul-Emile Bouchy\" target=\"_blank\" rel=\"noopener\">Paul-Emile Bouchy<\/a><br \/>\n                    <\/strong><\/p>\n<p>        Publi\u00e9 le<\/p>\n<p>            10 d\u00e9c. 2025 \u00e0 18h35        <\/p>\n<p>Samedi 6\u00a0d\u00e9cembre, vers 23h, St\u00e9phane, cuisinier du restaurant le Dizneuf <a href=\"https:\/\/actu.fr\/grand-est\/nancy_54395\/a-nancy-l-amenagement-de-la-place-charles-iii-est-reporte-a-2026-voici-pourquoi_62995822.html\" target=\"_blank\" rel=\"noopener\">place Charles III<\/a> \u00e0 <a href=\"https:\/\/actu.fr\/grand-est\/nancy_54395\" target=\"_blank\" rel=\"noopener\">Nancy<\/a>, a \u00e9t\u00e9 <strong>bless\u00e9 alors qu\u2019il rangeait la terrasse avec un coll\u00e8gue<\/strong>.<\/p>\n<p class=\" wall-content\">Il a re\u00e7u <strong>un marteau qui venait d\u2019\u00eatre lanc\u00e9 et qui a rebondi sur son pied.<\/strong> Il nous raconte la sc\u00e8ne.<\/p>\n<p>Une dizaine de jeunes hommes cr\u00e9ant le d\u00e9sordre<\/p>\n<p class=\" wall-content\">D\u2019apr\u00e8s le cuisinier et son coll\u00e8gue, environ dix jeunes hommes, \u00ab\u2009\u00e2g\u00e9s entre 20 et 30 ans\u2009\u00bb, se seraient rassembl\u00e9s pr\u00e8s du march\u00e9 central, \u00e0 une dizaine de m\u00e8tres de la terrasse.<\/p>\n<p class=\" wall-content\">Ils auraient donn\u00e9 <strong>des coups de pied dans des bacs \u00e0 fleurs et lanc\u00e9 un poteau m\u00e9tallique<\/strong> servant \u00e0 baliser la chauss\u00e9e.<\/p>\n<p class=\" wall-content\">Quelques instants plus tard, <strong>un marteau vient retomber sur le pied de St\u00e9phane<\/strong>\u2009: \u00ab\u2009Ils ne l\u2019ont pas lanc\u00e9 pour me toucher mais il a rebondi sur le manche avant de me toucher.\u2009\u00bb<\/p>\n<p>Une situation qui se d\u00e9grade dans le quartier<\/p>\n<p class=\" wall-content\">Si son pied n\u2019est pas fractur\u00e9, le cuisinier indiquer ressentir quelques douleurs et un l\u00e9ger h\u00e9matome. \u00ab\u2009Il a imm\u00e9diatement cri\u00e9 et ils ont tous pris la fuite, explique son coll\u00e8gue. <strong>Si le marteau avait frapp\u00e9 un enfant, \u00e7a aurait pu \u00eatre un drame<\/strong>.\u2009\u00bb<\/p>\n<p class=\" wall-content\">St\u00e9phane avoue n\u2019avoir jamais v\u00e9cu cela depuis qu\u2019il a rejoint l\u2019\u00e9tablissement il y a huit ans\u2009: \u00ab\u2009Recevoir un tel objet, c\u2019est la premi\u00e8re fois. En revanche, <strong>on voit que la situation se d\u00e9grade<\/strong>, d\u00e9j\u00e0 en \u00e9t\u00e9 o\u00f9 des groupes de jeunes se r\u00e9unissaient sur la place.\u2009\u00bb<\/p>\n<p>Votre r\u00e9gion, votre actu !<\/p>\n<p>Recevez chaque jour les infos qui comptent pour vous.<\/p>\n<p>\t<a href=\"https:\/\/actu.fr\/newsletter\" class=\"ac-btn ac-btn--corner ac-btn--medium ac-btn--blue800\" target=\"_blank\" rel=\"noopener\">S&rsquo;incrire<\/a><\/p>\n<p class=\" wall-content\">Les individus ayant imm\u00e9diatement disparu et \u00e9tant difficilement reconnaissables, la <a href=\"https:\/\/actu.fr\/tag\/police\" target=\"_blank\" rel=\"noopener\">police<\/a> n\u2019a pas \u00e9t\u00e9 alert\u00e9e et aucune plainte n\u2019a \u00e9t\u00e9 d\u00e9pos\u00e9e.<\/p>\n<p class=\" wall-content\">Personnalisez votre actualit\u00e9 en ajoutant vos villes et m\u00e9dias en favori avec <a href=\"https:\/\/moncompte.actu.fr\" title=\"D\u00e9couvez Mon Actu\" rel=\"nofollow noopener\" data-trk=\"{&quot;cta&quot;:{&quot;action&quot;:&quot;https:\\\/\\\/moncompte.actu.fr&quot;,&quot;category&quot;:&quot;mon compte&quot;,&quot;from&quot;:&quot;article footer&quot;,&quot;name&quot;:&quot;Mon actu&quot;,&quot;type&quot;:&quot;cta&quot;}}\" target=\"_blank\">Mon Actu<\/a>.<\/p>\n","protected":false},"excerpt":{"rendered":"Par Paul-Emile Bouchy Publi\u00e9 le 10 d\u00e9c. 2025 \u00e0 18h35 Samedi 6\u00a0d\u00e9cembre, vers 23h, St\u00e9phane, cuisinier du restaurant&hellip;\n","protected":false},"author":2,"featured_media":591450,"comment_status":"","ping_status":"","sticky":false,"template":"","format":"standard","meta":{"footnotes":""},"categories":[9635],"tags":[1111,11,1777,674,118,1011,27,775,1702,12,1072,25,1340],"class_list":{"0":"post-591449","1":"post","2":"type-post","3":"status-publish","4":"format-standard","5":"has-post-thumbnail","7":"category-nancy","8":"tag-actu","9":"tag-actualites","10":"tag-eu","11":"tag-europe","12":"tag-faits-divers","13":"tag-fr","14":"tag-france","15":"tag-grand-est","16":"tag-nancy","17":"tag-news","18":"tag-police","19":"tag-republique-francaise","20":"tag-restaurant"},"share_on_mastodon":{"url":"https:\/\/pubeurope.com\/@fr\/115697402732884484","error":""},"_links":{"self":[{"href":"https:\/\/www.europesays.com\/fr\/wp-json\/wp\/v2\/posts\/591449","targetHints":{"allow":["GET"]}}],"collection":[{"href":"https:\/\/www.europesays.com\/fr\/wp-json\/wp\/v2\/posts"}],"about":[{"href":"https:\/\/www.europesays.com\/fr\/wp-json\/wp\/v2\/types\/post"}],"author":[{"embeddable":true,"href":"https:\/\/www.europesays.com\/fr\/wp-json\/wp\/v2\/users\/2"}],"replies":[{"embeddable":true,"href":"https:\/\/www.europesays.com\/fr\/wp-json\/wp\/v2\/comments?post=591449"}],"version-history":[{"count":0,"href":"https:\/\/www.europesays.com\/fr\/wp-json\/wp\/v2\/posts\/591449\/revisions"}],"wp:featuredmedia":[{"embeddable":true,"href":"https:\/\/www.europesays.com\/fr\/wp-json\/wp\/v2\/media\/591450"}],"wp:attachment":[{"href":"https:\/\/www.europesays.com\/fr\/wp-json\/wp\/v2\/media?parent=591449"}],"wp:term":[{"taxonomy":"category","embeddable":true,"href":"https:\/\/www.europesays.com\/fr\/wp-json\/wp\/v2\/categories?post=591449"},{"taxonomy":"post_tag","embeddable":true,"href":"https:\/\/www.europesays.com\/fr\/wp-json\/wp\/v2\/tags?post=591449"}],"curies":[{"name":"wp","href":"https:\/\/api.w.org\/{rel}","templated":true}]}}