{"id":591453,"date":"2025-12-10T21:33:11","date_gmt":"2025-12-10T21:33:11","guid":{"rendered":"https:\/\/www.europesays.com\/fr\/591453\/"},"modified":"2025-12-10T21:33:11","modified_gmt":"2025-12-10T21:33:11","slug":"pourquoi-un-jeune-adulte-de-montpellier-cachait-plus-de-1-000-euros-dans-ses-chaussures","status":"publish","type":"post","link":"https:\/\/www.europesays.com\/fr\/591453\/","title":{"rendered":"Pourquoi un jeune adulte de Montpellier cachait plus de 1 000 euros dans ses chaussures"},"content":{"rendered":"<p>                    Par<br \/>\n        <strong><br \/>\n            <a href=\"https:\/\/actu.fr\/auteur\/lea-pippinato\" title=\"Consulter tous les articles de L\u00e9a Pippinato\" target=\"_blank\" rel=\"noopener\">L\u00e9a Pippinato<\/a><br \/>\n                    <\/strong><\/p>\n<p>        Publi\u00e9 le<\/p>\n<p>            10 d\u00e9c. 2025 \u00e0 18h24<br \/>\n        ; mis \u00e0 jour le 10 d\u00e9c. 2025 \u00e0 21h08    <\/p>\n<p>Les effectifs de police secours nuit patrouillaient dans la cit\u00e9 G\u00e9ly <strong>dans la nuit du lundi 8 au mardi 9 d\u00e9cembre 2025<\/strong>. Il \u00e9tait presque 3h du matin, quand les policiers nationaux ont observ\u00e9 des \u00e9changes de produits stup\u00e9fiants et un jeune a pris la fuite d\u00e8s l\u2019approche du v\u00e9hicule. Les agents l\u2019ont poursuivi, puis interpell\u00e9.<\/p>\n<p>    <a href=\"https:\/\/www.google.com\/maps\/embed?pb=!1m18!1m12!1m3!1d2888.9834730254433!2d3.8536692264598122!3d43.60688572110442!2m3!1f0!2f0!3f0!3m2!1i1024!2i768!4f13.1!3m3!1m2!1s0x12b6ae5752f3a46f%3A0xe7e0cd8117964543!2sG%C3%A9ly%2C%2034070%20Montpellier!5e0!3m2!1sfr!2sfr!4v1765384123731!5m2!1sfr!2sfr\" title=\"Ouvrie le lien\" target=\"_blank\" rel=\"noopener\">Cliquez ici pour visualiser le contenu<\/a><\/p>\n<p>Une somme d\u2019argent dissimul\u00e9e dans ses chaussures<\/p>\n<p class=\" wall-content\">Lors de la fouille, les policiers ont d\u00e9couvert plus de 1 000 euros cach\u00e9s dans ses chaussures. Le jeune adulte a affirm\u00e9 que cette somme ne provenait pas du trafic de stup\u00e9fiants et a d\u00e9clar\u00e9 qu\u2019elle se trouvait l\u00e0 par hasard. Le gar\u00e7on a expliqu\u00e9 sa fuite : il se trouvait sous le coup d\u2019une interdiction de para\u00eetre dans ce secteur du quartier de Figuerolles.<\/p>\n<p class=\" wall-content\">Le suspect a \u00e9t\u00e9 d\u00e9f\u00e9r\u00e9 <strong>ce mercredi 10 d\u00e9cembre<\/strong> au parquet de Montpellier. Il doit r\u00e9pondre de deux infractions : la premi\u00e8re concerne le blanchiment d\u2019argent, faute de pouvoir justifier la provenance des 1 000 euros. Et la seconde vise la violation de son interdiction de para\u00eetre dans la cit\u00e9 G\u00e9ly.<\/p>\n<p class=\" wall-content\">Personnalisez votre actualit\u00e9 en ajoutant vos villes et m\u00e9dias en favori avec <a href=\"https:\/\/moncompte.actu.fr\" title=\"D\u00e9couvez Mon Actu\" rel=\"nofollow noopener\" data-trk=\"{&quot;cta&quot;:{&quot;action&quot;:&quot;https:\\\/\\\/moncompte.actu.fr&quot;,&quot;category&quot;:&quot;mon compte&quot;,&quot;from&quot;:&quot;article footer&quot;,&quot;name&quot;:&quot;Mon actu&quot;,&quot;type&quot;:&quot;cta&quot;}}\" target=\"_blank\">Mon Actu<\/a>.<\/p>\n","protected":false},"excerpt":{"rendered":"Par L\u00e9a Pippinato Publi\u00e9 le 10 d\u00e9c. 2025 \u00e0 18h24 ; mis \u00e0 jour le 10 d\u00e9c. 2025&hellip;\n","protected":false},"author":2,"featured_media":591454,"comment_status":"","ping_status":"","sticky":false,"template":"","format":"standard","meta":{"footnotes":""},"categories":[9599],"tags":[1111,11,1261,1052,1777,674,118,1011,27,2208,12,2680,1072,25],"class_list":{"0":"post-591453","1":"post","2":"type-post","3":"status-publish","4":"format-standard","5":"has-post-thumbnail","7":"category-montpellier","8":"tag-actu","9":"tag-actualites","10":"tag-argent","11":"tag-drogue","12":"tag-eu","13":"tag-europe","14":"tag-faits-divers","15":"tag-fr","16":"tag-france","17":"tag-montpellier","18":"tag-news","19":"tag-occitanie","20":"tag-police","21":"tag-republique-francaise"},"share_on_mastodon":{"url":"https:\/\/pubeurope.com\/@fr\/115697418526306623","error":""},"_links":{"self":[{"href":"https:\/\/www.europesays.com\/fr\/wp-json\/wp\/v2\/posts\/591453","targetHints":{"allow":["GET"]}}],"collection":[{"href":"https:\/\/www.europesays.com\/fr\/wp-json\/wp\/v2\/posts"}],"about":[{"href":"https:\/\/www.europesays.com\/fr\/wp-json\/wp\/v2\/types\/post"}],"author":[{"embeddable":true,"href":"https:\/\/www.europesays.com\/fr\/wp-json\/wp\/v2\/users\/2"}],"replies":[{"embeddable":true,"href":"https:\/\/www.europesays.com\/fr\/wp-json\/wp\/v2\/comments?post=591453"}],"version-history":[{"count":0,"href":"https:\/\/www.europesays.com\/fr\/wp-json\/wp\/v2\/posts\/591453\/revisions"}],"wp:featuredmedia":[{"embeddable":true,"href":"https:\/\/www.europesays.com\/fr\/wp-json\/wp\/v2\/media\/591454"}],"wp:attachment":[{"href":"https:\/\/www.europesays.com\/fr\/wp-json\/wp\/v2\/media?parent=591453"}],"wp:term":[{"taxonomy":"category","embeddable":true,"href":"https:\/\/www.europesays.com\/fr\/wp-json\/wp\/v2\/categories?post=591453"},{"taxonomy":"post_tag","embeddable":true,"href":"https:\/\/www.europesays.com\/fr\/wp-json\/wp\/v2\/tags?post=591453"}],"curies":[{"name":"wp","href":"https:\/\/api.w.org\/{rel}","templated":true}]}}