{"id":591455,"date":"2025-12-10T21:34:16","date_gmt":"2025-12-10T21:34:16","guid":{"rendered":"https:\/\/www.europesays.com\/fr\/591455\/"},"modified":"2025-12-10T21:34:16","modified_gmt":"2025-12-10T21:34:16","slug":"municipales-2026-a-montpellier-dans-les-quartiers-beaux-arts-et-boutonnet-il-y-a-de-tout-du-bobo-du-social-du-vieux-du-jeune","status":"publish","type":"post","link":"https:\/\/www.europesays.com\/fr\/591455\/","title":{"rendered":"Municipales 2026 \u00e0 Montpellier\u00a0: dans les quartiers Beaux-Arts et Boutonnet, \u00ab\u00a0il y a de tout, du bobo, du social, du vieux, du jeune\u00a0\u00bb"},"content":{"rendered":"<p>\n                                                                Chaque jeudi, Midi Libre donne la parole aux habitants des quartiers. Quel regard portent-ils sur l\u2019action municipale, quelles attentes pour le prochain mandat\u00a0? Neuvi\u00e8me \u00e9tape entre Beaux-Arts et Boutonnet, une image bourgeoise mais de vraies pr\u00e9occupations.\n                            <\/p>\n<p>Beaux-Arts et Boutonnet\u00a0: deux quartiers parmi les plus pris\u00e9s de Montpellier. Le premier, avec son march\u00e9 six jours sur sept et sa place centrale anim\u00e9e, o\u00f9 les soir\u00e9es semblent toujours se prolonger dans une ambiance festive et qui cultive une atmosph\u00e8re de petit village o\u00f9 tout le monde semble se conna\u00eetre. Le second, plut\u00f4t bourgeois \u00e9galement, plus r\u00e9sidentiel et pavillonnaire, s\u2019organise autour de la place Krazucki, avec une sociabilit\u00e9 jug\u00e9e plus discr\u00e8te. Deux secteurs auxquels les Montpelli\u00e9rains apposent volontiers l\u2019\u00e9tiquette de \u00ab\u00a0bobo\u00a0\u00bb. \u00ab\u00a0C\u2019est \u00e0 cause du prix du m\u00e8tre carr\u00e9, plus \u00e9lev\u00e9 qu\u2019ailleurs. Mais en r\u00e9alit\u00e9, c\u2019est plus mixte qu\u2019on ne le pense\u00a0\u00bb, nuance Pierre, habitant des Beaux-Arts depuis 1987. Membre du comit\u00e9 de quartier Beaux-Arts \u2013 Pierre-Rouge, il participe comme chaque premier mardi du mois \u00e0 la r\u00e9union dans leur local de l\u2019Esplanade de la Musique.<\/p>\n<p>Autour de la table, une dizaine de membres \u00e9voquent leurs attentes. \u00ab\u00a0On veut un quartier agr\u00e9able \u00e0 vivre, o\u00f9 les gens continuent de se parler\u00a0\u00bb, r\u00e9sume Anne, vice-pr\u00e9sidente, install\u00e9e depuis quinze ans. Elisa, r\u00e9cemment arriv\u00e9e, insiste sur \u00ab\u00a0une \u00e2me tr\u00e8s festive\u00a0\u00bb. Marie-Claude, elle, vit ici depuis 1975. Elle se souvient des anciens abattoirs et appr\u00e9cie l\u2019\u00e9volution du quartier tout en esp\u00e9rant que \u00ab\u00a0la convivialit\u00e9 perdure\u00a0\u00bb. Car le coin a beaucoup chang\u00e9\u00a0: arriv\u00e9e du Corum, implantation du tramway\u2026 De nouveaux flux et de nouveaux usages.<\/p>\n<p>Des soucis du quotidien tr\u00e8s concrets<\/p>\n<p>La qualit\u00e9 de vie n\u2019emp\u00eache pas quelques irritations r\u00e9guli\u00e8rement relay\u00e9es par la gazette du quartier\u00a0: La Bavette. Certains tron\u00e7ons travers\u00e9s par le tramway, les voitures, les v\u00e9los et les trottinettes deviennent difficiles \u00e0 franchir. Les rats, attir\u00e9s par les restes du march\u00e9, sont trop nombreux. Les poubelles enterr\u00e9es d\u00e9gagent parfois des odeurs tenaces.<br \/>Et \u00ab\u00a0les jeunes du quartier ne peuvent plus acc\u00e9der au stade Abb\u00e9-Pr\u00e9vost\u00a0\u00bb, d\u00e9plore Nadia qui regrette qu\u2019il ne soit d\u00e9sormais r\u00e9serv\u00e9 qu\u2019aux seuls adh\u00e9rents du club. \u00ab\u00a0Ce sont des soucis du quotidien que la mairie doit r\u00e9gler\u00a0\u00bb, estime Martine, pr\u00e9sidente d\u2019une chorale.<\/p>\n<p>Sur la s\u00e9curit\u00e9, enjeu des prochaines municipales, le diagnostic reste mesur\u00e9. \u00ab\u00a0Le quartier est plut\u00f4t calme\u00a0\u00bb, juge Anne, m\u00eame si quelques incivilit\u00e9s ou faits divers rompent parfois la tranquillit\u00e9. Certains habitants d\u00e9noncent toutefois la prolif\u00e9ration des cartouches de protoxyde d\u2019azote dans certains coins, mais chacun reconna\u00eet que le vivre-ensemble, ici, fonctionne plut\u00f4t bien.<\/p>\n<p>Lunaret et cit\u00e9 Berg\u00e8re\u00a0: deux dossiers en suspens<\/p>\n<p>Au rang des pr\u00e9occupations pour le prochain mandat, beaucoup d\u2019habitants aimeraient que la municipalit\u00e9 fasse main basse sur les anciens studios Lunaret, grande b\u00e2tisse priv\u00e9e squatt\u00e9e et toujours sans repreneur. \u00ab\u00a0Pourquoi ne pas en faire un centre social\u00a0?\u00a0\u00bb, sugg\u00e8re Pierre. Encore faudrait-il que la Ville puisse racheter le tr\u00e8s cher b\u00e2timent, dont le propri\u00e9taire ne semble pas dispos\u00e9 \u00e0 se s\u00e9parer et o\u00f9 le projet de petites halles n\u2019est pas all\u00e9 \u00e0 son terme.<\/p>\n<p>La cit\u00e9 Berg\u00e8re concentre elle aussi les attentions. Cet espace agricole rare, au foncier aussi vaste que convoit\u00e9, aiguise l\u2019app\u00e9tit des promoteurs. Les riverains aimeraient voir la municipalit\u00e9 intervenir, voire pr\u00e9empter, afin de pr\u00e9server ce poumon encore naturel au c\u0153ur du quartier.<\/p>\n<p>    Un stade Lieutenant-Normand tr\u00e8s attendu<\/p>\n<p>V\u00e9ritable trait d\u2019union entre les deux quartiers, une attente s\u2019impose largement dans les discussions\u00a0: la r\u00e9ouverture du stade Lieutenant-Normand, rue Turgot. Ferm\u00e9 depuis 2019 pour v\u00e9tust\u00e9, ce vaste site de 15\u00a0000 m\u00b2 doit devenir, d\u2019ici 2027, un grand espace multisport ouvert \u00e0 tous. Les travaux tardent mais la Ville assure que les d\u00e9lais seront tenus. Obtenu via une mise \u00e0 disposition gratuite de l\u2019\u00c9tat pour trente ans renouvelables, le futur \u00e9quipement ambitionne de redonner un v\u00e9ritable \u00ab\u00a0poumon vert\u00a0\u00bb\u00a0au quartier. Les riverains y voient d\u00e9j\u00e0 \u00ab\u00a0un nouveau stade Philippid\u00e8s, ouvert au public, \u00e0 nos jeunes\u00a0\u00bb, comme le souligne Djamal, qui parle de \u00ab\u00a0la grande attraction du mandat \u00e0 venir\u00a0\u00bb\u00a0pour les riverains des deux quartiers. Le projet pr\u00e9voit une aire de sports collectifs synth\u00e9tique et \u00e9clair\u00e9e, un plateau multisport couvert, une piste d\u2019athl\u00e9tisme de 300\u00a0m \u00e0 trois couloirs, deux terrains de basket 3\u00d73, un parcours de jogging de 450\u00a0m, des stations de remise en forme et plusieurs tables de tennis de table\u2026 Le co\u00fbt est estim\u00e9 \u00e0 4,8 M\u20ac. Pour les habitants, impatients, la transformation de ce site laiss\u00e9 en friche symbolise surtout une chose\u00a0: le retour d\u2019un espace de sport, de respiration\u2026 et de convivialit\u00e9 au c\u0153ur de Boutonnet.<\/p>\n<p>Il peut manquer\u00a0\u00ab\u00a0des lieux de convivialit\u00e9\u00a0\u00bb<\/p>\n<p>\u00c0 la r\u00e9union de l\u2019association, un \u00ab\u00a0intrus\u00a0\u00bb\u00a0: Daniel, du quartier voisin de Boutonnet. Il reconna\u00eet l\u2019\u00e9nergie plus vive des Beaux-Arts. \u00ab\u00a0Boutonnet, c\u2019est une calamit\u00e9 pour circuler. Et la rue Lakanal est sombre et dangereuse \u00e0 pied\u00a0\u00bb, lance-t-il. Tout pr\u00e8s, un autre sujet alimente les discussions\u00a0: la r\u00e9habilitation attendue du stade Lieutenant-Normand (lire ci-contre).<\/p>\n<p>Dans les Hauts de Boutonnet, Djamal pr\u00e9side une association tr\u00e8s active autour du Conservatoire, lieu devenu embl\u00e9matique et central, install\u00e9 dans l\u2019ancienne maternit\u00e9 Grasset. \u00ab\u00a0Ici, on a surtout des jeunes notamment avec l\u2019\u00e9cole de musique, et des personnes \u00e2g\u00e9es. C\u2019est tranquille, mais il manque des commerces et surtout des lieux de convivialit\u00e9\u00a0\u00bb, r\u00e9sume-t-il. Pour lui, la priorit\u00e9 du prochain mandat est \u00e9vidente\u00a0: l\u2019ouverture et l\u2019am\u00e9nagement du stade.<\/p>\n<p>\u00ab\u00a0Un lieu plut\u00f4t privil\u00e9gi\u00e9\u00a0\u00bb<\/p>\n<p>Michel, arriv\u00e9 dans le quartier en 1962 avec les rapatri\u00e9s d\u2019Alg\u00e9rie, affiche un attachement ind\u00e9fectible\u00a0: \u00ab\u00a0Boutonnet, c\u2019est le plus beau quartier du monde. Il faut juste revoir la circulation de transit, particuli\u00e8rement rue des Garennes et dans la partie basse du faubourg Boutonnet, pleine de trous.\u00a0\u00bb\u00a0Sylvia et Christine esp\u00e8rent un peu de v\u00e9g\u00e9talisation, un meilleur acc\u00e8s au parc Suzanne Babut et conviennent d\u2019un \u00ab\u00a0quartier sympa, un lieu plut\u00f4t privil\u00e9gi\u00e9\u00a0\u00bb.<\/p>\n<p>Michel note un bon \u00e9quilibre entre logements HLM, familles et \u00e9tudiants, et insiste sur le chantier du futur lyc\u00e9e Fran\u00e7oise Combes. Il r\u00e9sume surtout l\u2019esprit du quartier\u00a0: \u00ab\u00a0Ici, il y a de tout. Du bobo, du social, du vieux, du jeune\u2026\u00a0\u00bb\u00a0Et, qu\u2019on vienne de Boutonnet ou des Beaux-Arts, un point rassemble tout le monde\u00a0: \u00ab\u00a0Les gens se parlent. Que demander de plus\u00a0?\u00a0\u00bb<\/p>\n","protected":false},"excerpt":{"rendered":"Chaque jeudi, Midi Libre donne la parole aux habitants des quartiers. Quel regard portent-ils sur l\u2019action municipale, quelles&hellip;\n","protected":false},"author":2,"featured_media":591456,"comment_status":"","ping_status":"","sticky":false,"template":"","format":"standard","meta":{"footnotes":""},"categories":[9599],"tags":[1111,11,5949,1777,674,1011,27,7089,2208,3434,12,2680,316,25],"class_list":{"0":"post-591455","1":"post","2":"type-post","3":"status-publish","4":"format-standard","5":"has-post-thumbnail","7":"category-montpellier","8":"tag-actu","9":"tag-actualites","10":"tag-elections","11":"tag-eu","12":"tag-europe","13":"tag-fr","14":"tag-france","15":"tag-herault","16":"tag-montpellier","17":"tag-municipales-2026","18":"tag-news","19":"tag-occitanie","20":"tag-politique","21":"tag-republique-francaise"},"share_on_mastodon":{"url":"https:\/\/pubeurope.com\/@fr\/115697422427049983","error":""},"_links":{"self":[{"href":"https:\/\/www.europesays.com\/fr\/wp-json\/wp\/v2\/posts\/591455","targetHints":{"allow":["GET"]}}],"collection":[{"href":"https:\/\/www.europesays.com\/fr\/wp-json\/wp\/v2\/posts"}],"about":[{"href":"https:\/\/www.europesays.com\/fr\/wp-json\/wp\/v2\/types\/post"}],"author":[{"embeddable":true,"href":"https:\/\/www.europesays.com\/fr\/wp-json\/wp\/v2\/users\/2"}],"replies":[{"embeddable":true,"href":"https:\/\/www.europesays.com\/fr\/wp-json\/wp\/v2\/comments?post=591455"}],"version-history":[{"count":0,"href":"https:\/\/www.europesays.com\/fr\/wp-json\/wp\/v2\/posts\/591455\/revisions"}],"wp:featuredmedia":[{"embeddable":true,"href":"https:\/\/www.europesays.com\/fr\/wp-json\/wp\/v2\/media\/591456"}],"wp:attachment":[{"href":"https:\/\/www.europesays.com\/fr\/wp-json\/wp\/v2\/media?parent=591455"}],"wp:term":[{"taxonomy":"category","embeddable":true,"href":"https:\/\/www.europesays.com\/fr\/wp-json\/wp\/v2\/categories?post=591455"},{"taxonomy":"post_tag","embeddable":true,"href":"https:\/\/www.europesays.com\/fr\/wp-json\/wp\/v2\/tags?post=591455"}],"curies":[{"name":"wp","href":"https:\/\/api.w.org\/{rel}","templated":true}]}}