{"id":591457,"date":"2025-12-10T21:36:29","date_gmt":"2025-12-10T21:36:29","guid":{"rendered":"https:\/\/www.europesays.com\/fr\/591457\/"},"modified":"2025-12-10T21:36:29","modified_gmt":"2025-12-10T21:36:29","slug":"jean-au-trabendo-rouen-a-lhonneur","status":"publish","type":"post","link":"https:\/\/www.europesays.com\/fr\/591457\/","title":{"rendered":"Jean au Trabendo\u00a0: Rouen \u00e0 l\u2019honneur"},"content":{"rendered":"<p><strong>LIVE REPORT \u2013 En ce mois de d\u00e9cembre, nous avons brav\u00e9 le froid pour aller voir Jean au Trabendo. Retour sur un concert 100% rouennais\u00a0!<\/strong><\/p>\n<p>D\u00e9couverte totale du Trabendo pour moi, et, ce soir, c\u2019est un public enjou\u00e9 qui boit des coups au bar avant d\u2019aller \u00e9couter Jean, un rappeur que je ne connais pas du tout mais dont le nom m\u2019a intrigu\u00e9 en regardant la programmation de la salle.<\/p>\n<p>Une premi\u00e8re partie qui donne envie d\u2019en d\u00e9couvrir davantage<\/p>\n<p>En ouverture, c\u2019est <strong>Isidore<\/strong>, un rappeur rouennais, qui arrive sur sc\u00e8ne. Accompagn\u00e9 de deux musiciens, les textes sont plut\u00f4t ent\u00eatants et les m\u00e9lodies sont bien travaill\u00e9es. Un travail de qualit\u00e9 pour un artiste que l\u2019on esp\u00e8re revoir sur sc\u00e8ne. J\u2019appr\u00e9cie tout particuli\u00e8rement la pr\u00e9sence des musiciens\u00a0: ce n\u2019est pas grand-chose et pourtant \u00e7a fait beaucoup\u00a0! L\u2019impression d\u2019une musique plus vivante sur sc\u00e8ne. La pr\u00e9sence sc\u00e9nique d\u2019Isidore est ma\u00eetris\u00e9e et il pr\u00e9pare bien la salle \u00e0 accueillir Jean.<\/p>\n<p><img loading=\"lazy\" decoding=\"async\" width=\"686\" height=\"1024\" data-id=\"102313\" src=\"https:\/\/www.europesays.com\/fr\/wp-content\/uploads\/2025\/12\/Jean-c-Lou-Geniller-pour-rocknfool-5-686x1024.jpg\" alt=\"\" class=\"wp-image-102313\"  \/><\/p>\n<p><img loading=\"lazy\" decoding=\"async\" width=\"683\" height=\"1024\" data-id=\"102311\" src=\"https:\/\/www.europesays.com\/fr\/wp-content\/uploads\/2025\/12\/Jean-c-Lou-Geniller-pour-rocknfool-2-683x1024.jpg\" alt=\"\" class=\"wp-image-102311\"  \/><\/p>\n<p><img loading=\"lazy\" decoding=\"async\" width=\"683\" height=\"1024\" data-id=\"102312\" src=\"https:\/\/www.europesays.com\/fr\/wp-content\/uploads\/2025\/12\/Jean-c-Lou-Geniller-pour-rocknfool-3-1-683x1024.jpg\" alt=\"\" class=\"wp-image-102312\"  \/><\/p>\n<p>Courte pause et c\u2019est donc <strong>Jean<\/strong> qui arrive sur sc\u00e8ne. Pas tout seul, puisqu\u2019il est accompagn\u00e9 de Jules qui lance les prods et l\u2019accompagne parfois sur certains titres. Jean, sur sc\u00e8ne, il est plut\u00f4t tranquille\u00a0: pas de  chichis ni de musiciens (mis \u00e0 part pour un ou deux morceaux accompagn\u00e9s \u00e0 la guitare). Tellement tranquille que\u2026 On en demanderait presque un peu plus. Trop de flemme tue la flemme. En terme d\u2019univers musical, c\u2019est assez sombre. Les textes parlent des vicissitudes de l\u2019\u00e2ge adulte, d\u2019alcool, de drogue, de filles et de d\u00e9ceptions amoureuses\u2026 Bref, autant de th\u00e8mes assez symptomatiques de notre \u00e9poque. Malheureusement. Ces textes tranchent avec des sonorit\u00e9s beaucoup plus pop et enjou\u00e9es (je pense au morceau \u201c\u00c7a fait longtemps qu\u2019j\u2019ai pas vu la mer\u201d notamment). <\/p>\n<p>Jean dans la lune<\/p>\n<p>Et quand j\u2019observe un peu le public, il semble plut\u00f4t convaincu. Les paroles sont reprises en c\u0153ur par un public plut\u00f4t jeune\u2026 et c\u2019est assez triste quand on \u00e9coute les textes. Mais bon, on n\u2019est pas l\u00e0 pour parler de la sant\u00e9 mentale de la jeunesse\u2026\u00a0En tous les cas, je ne pense pas \u00eatre le public cible\u00a0: ce n\u2019est pas grave, il faut \u00e9couter de tout pour affiner ses go\u00fbts\u00a0! Il m\u2019a manqu\u00e9 quelque chose pour que le concert d\u00e9colle\u00a0: un peu plus de musiciens, un artiste peut-\u00eatre un peu plus \u201cdedans\u201d\u2026 La question reste ouverte. En tout cas, on ne peut pas enlever \u00e0 Jean le fait d\u2019avoir trouv\u00e9 sa cible\u00a0: et je l\u2019ai vu au premier rang, o\u00f9 les textes \u00e9taient sus \u00e0 la moindre virgule\u00a0!<\/p>\n<p><img loading=\"lazy\" decoding=\"async\" width=\"1024\" height=\"686\" src=\"https:\/\/www.europesays.com\/fr\/wp-content\/uploads\/2025\/12\/Jean-c-Lou-Geniller-pour-rocknfool-4-1024x686.jpg\" alt=\"\" class=\"wp-image-102314\" style=\"width:415px;height:auto\"  \/><\/p>\n<p>Texte et photos : Lou Geniller<\/p>\n","protected":false},"excerpt":{"rendered":"LIVE REPORT \u2013 En ce mois de d\u00e9cembre, nous avons brav\u00e9 le froid pour aller voir Jean au&hellip;\n","protected":false},"author":2,"featured_media":591458,"comment_status":"","ping_status":"","sticky":false,"template":"","format":"standard","meta":{"footnotes":""},"categories":[9587],"tags":[1111,11,1697,1777,674,1011,27,61212,13392,12,5161,626,25,9590,66814],"class_list":{"0":"post-591457","1":"post","2":"type-post","3":"status-publish","4":"format-standard","5":"has-post-thumbnail","7":"category-rouen","8":"tag-actu","9":"tag-actualites","10":"tag-concert","11":"tag-eu","12":"tag-europe","13":"tag-fr","14":"tag-france","15":"tag-isidore","16":"tag-jean","17":"tag-news","18":"tag-normandie","19":"tag-paris","20":"tag-republique-francaise","21":"tag-rouen","22":"tag-trabendo"},"share_on_mastodon":{"url":"https:\/\/pubeurope.com\/@fr\/115697432035548224","error":""},"_links":{"self":[{"href":"https:\/\/www.europesays.com\/fr\/wp-json\/wp\/v2\/posts\/591457","targetHints":{"allow":["GET"]}}],"collection":[{"href":"https:\/\/www.europesays.com\/fr\/wp-json\/wp\/v2\/posts"}],"about":[{"href":"https:\/\/www.europesays.com\/fr\/wp-json\/wp\/v2\/types\/post"}],"author":[{"embeddable":true,"href":"https:\/\/www.europesays.com\/fr\/wp-json\/wp\/v2\/users\/2"}],"replies":[{"embeddable":true,"href":"https:\/\/www.europesays.com\/fr\/wp-json\/wp\/v2\/comments?post=591457"}],"version-history":[{"count":0,"href":"https:\/\/www.europesays.com\/fr\/wp-json\/wp\/v2\/posts\/591457\/revisions"}],"wp:featuredmedia":[{"embeddable":true,"href":"https:\/\/www.europesays.com\/fr\/wp-json\/wp\/v2\/media\/591458"}],"wp:attachment":[{"href":"https:\/\/www.europesays.com\/fr\/wp-json\/wp\/v2\/media?parent=591457"}],"wp:term":[{"taxonomy":"category","embeddable":true,"href":"https:\/\/www.europesays.com\/fr\/wp-json\/wp\/v2\/categories?post=591457"},{"taxonomy":"post_tag","embeddable":true,"href":"https:\/\/www.europesays.com\/fr\/wp-json\/wp\/v2\/tags?post=591457"}],"curies":[{"name":"wp","href":"https:\/\/api.w.org\/{rel}","templated":true}]}}