{"id":591461,"date":"2025-12-10T21:40:36","date_gmt":"2025-12-10T21:40:36","guid":{"rendered":"https:\/\/www.europesays.com\/fr\/591461\/"},"modified":"2025-12-10T21:40:36","modified_gmt":"2025-12-10T21:40:36","slug":"grenoble-adele-castillon-suzane-luiza-et-odezenne-au-festival-magic-bus-en-mai-prochain","status":"publish","type":"post","link":"https:\/\/www.europesays.com\/fr\/591461\/","title":{"rendered":"Grenoble. Ad\u00e8le Castillon, Suzane, Luiza et Odezenne au festival Magic Bus en mai prochain"},"content":{"rendered":"<p>Luiza, elle, a rythm\u00e9 l\u2019\u00e9t\u00e9 avec Soleil bleu , une c\u00e9l\u00e9bration de la vie, une ode \u00e0 la f\u00e9minit\u00e9 et un feu de joie musical. Ad\u00e8le Castillon sera \u00e9galement au programme. Chanteuse, vid\u00e9aste et actrice, elle s\u2019est lanc\u00e9e en solo apr\u00e8s avoir lanc\u00e9 sa cha\u00eene YouTube et form\u00e9 avec Matthieu Reynaud le duo Videoclub.<\/p>\n<p>Changement d\u2019ambiance avec Mezerg, \u00e0 la crois\u00e9e du jazz, de la musique \u00e9lectronique et de la performance physique. Enfin, le trio Odezenne puise dans tous les genres\u00a0: rap, \u00e9lectro, chanson ou rock ind\u00e9\u2026<\/p>\n<p class=\"note\">Vendredi\u00a029 et samedi 30\u00a0mai 2026 au <a href=\"https:\/\/www.ledauphine.com\/p\/palais-des-sports-de-grenoble\" target=\"_blank\" rel=\"nofollow noopener\">Palais des sports de Grenoble<\/a>. Tarifs\u00a0: 29\u00a0\u20ac par jour, 55\u00a0\u20ac les deux jours. Plus d\u2019infos et billetterie\u00a0: <a href=\"https:\/\/www.retourdescene.net\/festival-magic-bus\/\" title=\"www.retourdescene.net\" rel=\"nofollow noopener\" target=\"_blank\">www.retourdescene.net\/festival-magic-bus<\/a><\/p>\n","protected":false},"excerpt":{"rendered":"Luiza, elle, a rythm\u00e9 l\u2019\u00e9t\u00e9 avec Soleil bleu , une c\u00e9l\u00e9bration de la vie, une ode \u00e0 la&hellip;\n","protected":false},"author":2,"featured_media":591462,"comment_status":"","ping_status":"","sticky":false,"template":"","format":"standard","meta":{"footnotes":""},"categories":[9566],"tags":[1111,11,2430,1687,112,1777,674,1011,27,2731,2732,108,12,25,3140],"class_list":{"0":"post-591461","1":"post","2":"type-post","3":"status-publish","4":"format-standard","5":"has-post-thumbnail","7":"category-grenoble","8":"tag-actu","9":"tag-actualites","10":"tag-auvergne-rhone-alpes","11":"tag-culture-loisirs","12":"tag-edition-grenoble-agglomeration","13":"tag-eu","14":"tag-europe","15":"tag-fr","16":"tag-france","17":"tag-grenoble","18":"tag-grenoble-bassin","19":"tag-isere","20":"tag-news","21":"tag-republique-francaise","22":"tag-spectacle"},"share_on_mastodon":{"url":"https:\/\/pubeurope.com\/@fr\/115697445913543188","error":""},"_links":{"self":[{"href":"https:\/\/www.europesays.com\/fr\/wp-json\/wp\/v2\/posts\/591461","targetHints":{"allow":["GET"]}}],"collection":[{"href":"https:\/\/www.europesays.com\/fr\/wp-json\/wp\/v2\/posts"}],"about":[{"href":"https:\/\/www.europesays.com\/fr\/wp-json\/wp\/v2\/types\/post"}],"author":[{"embeddable":true,"href":"https:\/\/www.europesays.com\/fr\/wp-json\/wp\/v2\/users\/2"}],"replies":[{"embeddable":true,"href":"https:\/\/www.europesays.com\/fr\/wp-json\/wp\/v2\/comments?post=591461"}],"version-history":[{"count":0,"href":"https:\/\/www.europesays.com\/fr\/wp-json\/wp\/v2\/posts\/591461\/revisions"}],"wp:featuredmedia":[{"embeddable":true,"href":"https:\/\/www.europesays.com\/fr\/wp-json\/wp\/v2\/media\/591462"}],"wp:attachment":[{"href":"https:\/\/www.europesays.com\/fr\/wp-json\/wp\/v2\/media?parent=591461"}],"wp:term":[{"taxonomy":"category","embeddable":true,"href":"https:\/\/www.europesays.com\/fr\/wp-json\/wp\/v2\/categories?post=591461"},{"taxonomy":"post_tag","embeddable":true,"href":"https:\/\/www.europesays.com\/fr\/wp-json\/wp\/v2\/tags?post=591461"}],"curies":[{"name":"wp","href":"https:\/\/api.w.org\/{rel}","templated":true}]}}