{"id":591467,"date":"2025-12-10T21:44:24","date_gmt":"2025-12-10T21:44:24","guid":{"rendered":"https:\/\/www.europesays.com\/fr\/591467\/"},"modified":"2025-12-10T21:44:24","modified_gmt":"2025-12-10T21:44:24","slug":"a-strasbourg-un-cirque-spectaculaire-ouvre-pour-nouvel-an","status":"publish","type":"post","link":"https:\/\/www.europesays.com\/fr\/591467\/","title":{"rendered":"\u00e0 Strasbourg, un \u00ab cirque \u00bb spectaculaire ouvre pour Nouvel An"},"content":{"rendered":"<p>    <img loading=\"lazy\" width=\"1800\" height=\"900\" src=\"https:\/\/www.europesays.com\/fr\/wp-content\/uploads\/2025\/11\/jeanne-callthepolice.jpg\" class=\"attachment-full size-full\" alt=\"\" id=\"imageLove\" decoding=\"async\"  \/><\/p>\n<p id=\"breadcrumbs\"><a href=\"https:\/\/pokaa.fr\/\" rel=\"nofollow noopener\" target=\"_blank\">Accueil<\/a> \/ <a href=\"https:\/\/pokaa.fr\/categories\/ses-sorties\/\" rel=\"nofollow noopener\" target=\"_blank\">Sorties<\/a> \/ Cracheur de feu et DJ set : \u00e0 Strasbourg, un \u00ab cirque \u00bb spectaculaire ouvre pour Nouvel An<\/p>\n<p>                    Sorties<\/p>\n<p><b>S\u2019il a commenc\u00e9 l\u2019ann\u00e9e 2025 avec une soir\u00e9e \u00ab Provok \u00bb, The People Strasbourg a choisi de la finir dans un joyeux cirque ! Le 31 d\u00e9cembre, le bar de la Krutenau t\u2019ouvre les portes de son chapiteau avec \u00ab The People Circus \u00bb. Acrobaties, cracheur de feu, DJ set et compagnie : accroche-toi, car il te pr\u00e9pare un sacr\u00e9 num\u00e9ro.<\/b><\/p>\n<p>Envie de sauter t\u00eate la premi\u00e8re dans la nouvelle ann\u00e9e, et tu cherches encore o\u00f9 la f\u00eater\u00a0? The People Strasbourg entre en piste\u00a0!<\/p>\n<p>Pour inaugurer 2026, il confie une nouvelle fois son r\u00e9veillon \u00e0 Dionysos Events. Si l\u2019an pass\u00e9, la soir\u00e9e \u00ab Provok \u00bb avait m\u00e9tamorphos\u00e9 la <strong>Manufacture des Tabacs<\/strong>\u2026 Pour <strong>le 31 d\u00e9cembre<\/strong>, c\u2019est un cirque qui arrive en ville :\u00a0<b>\u00ab The People Circus \u00bb<\/b>.<\/p>\n<p>                <img width=\"750\" height=\"500\" src=\"https:\/\/www.europesays.com\/fr\/wp-content\/uploads\/2025\/12\/d491b590-b364-40eb-a090-985d03da21ee-750x500.jpg\" class=\"attachment-gallery size-gallery\" alt=\"nouvel an the people provok dionysos events\" data-full-url=\"https:\/\/pokaa.fr\/wp-content\/uploads\/2025\/12\/05\/d491b590-b364-40eb-a090-985d03da21ee.jpg\" decoding=\"async\" loading=\"lazy\"  \/>            <\/p>\n<p>                <img width=\"750\" height=\"500\" src=\"https:\/\/www.europesays.com\/fr\/wp-content\/uploads\/2025\/12\/8f776830-f98d-4bcb-8d07-4767404aa867-750x500.jpg\" class=\"attachment-gallery size-gallery\" alt=\"nouvel an the people provok dionysos events\" data-full-url=\"https:\/\/pokaa.fr\/wp-content\/uploads\/2025\/12\/05\/8f776830-f98d-4bcb-8d07-4767404aa867.jpg\" decoding=\"async\" loading=\"lazy\"  \/>            <\/p>\n<p>                <img width=\"750\" height=\"500\" src=\"https:\/\/www.europesays.com\/fr\/wp-content\/uploads\/2025\/12\/1d30f992-fe27-4056-9ef0-b6b6add23887-750x500.jpg\" class=\"attachment-gallery size-gallery\" alt=\"nouvel an the people provok dionysos events\" data-full-url=\"https:\/\/pokaa.fr\/wp-content\/uploads\/2025\/12\/05\/1d30f992-fe27-4056-9ef0-b6b6add23887.jpg\" decoding=\"async\" loading=\"lazy\"  \/>            <\/p>\n<p>                <img width=\"750\" height=\"500\" src=\"https:\/\/www.europesays.com\/fr\/wp-content\/uploads\/2025\/12\/19e7d857-676f-4748-ab7b-fad79e7783d6-750x500.jpg\" class=\"attachment-gallery size-gallery\" alt=\"nouvel an the people provok dionysos events\" data-full-url=\"https:\/\/pokaa.fr\/wp-content\/uploads\/2025\/12\/05\/19e7d857-676f-4748-ab7b-fad79e7783d6.jpg\" decoding=\"async\" loading=\"lazy\"  \/>            <\/p>\n<p>                    Nouvel an 2025 \u00ab Provok \u00bb \u00e0 The People Strasbourg. \u00a9 Dionysos Events \/ Documents remis<\/p>\n<p>    <img width=\"800\" height=\"533\" src=\"https:\/\/www.europesays.com\/fr\/wp-content\/uploads\/2025\/12\/25ef6033-f1ac-455a-bc9f-6ddea7fa802c-800x533.jpg\" class=\"attachment-image-size-L size-image-size-L\" alt=\"nouvel an the people provok dionysos events\" decoding=\"async\" loading=\"lazy\"  \/>         Soir\u00e9e de Nouvel an 2025 \u00ab Provok \u00bb \u00e0 The People Strasbourg. \u00a9 Dionysos Events \/ Document remis <\/p>\n<p>Une soir\u00e9e avec de nombreuses p\u00e9pites<\/p>\n<p><b>De 20h \u00e0 3h, retrouves-y<\/b> <b>des num\u00e9ros de haut<\/b> <b>vol<\/b>, avec \u00e0 l\u2019affiche\u00a0: des<b> <\/b><b>\u00ab\u00a0danseurs spectaculaires\u00a0\u00bb<\/b> et des <b>\u00e9chassiers\/\u00e8res<\/b> pour te mettre la t\u00eate \u00e0 l\u2019envers, de la <b>contorsion<\/b>, des <b>acrobates<\/b> (dont le Duo Fire Acrobats) et<b> un \u00e9quilibriste\u00a0<\/b>! De quoi t\u2019\u00e9pater, haut la main.<\/p>\n<p>Pour faire monter la temp\u00e9rature\u00a0? <b>Un cracheur de feu<\/b>. Tandis qu\u2019un \u00ab\u00a0Lollipop act hypnotique\u00a0\u00bb t\u2019emp\u00eachera de \u00ab\u00a0cligner des yeux\u00a0\u00bb. Quant \u00e0 faire chauffer la piste (de danse) et te laisser faire ton propre num\u00e9ro : il invite <b>MilanRuga, <\/b><b>\u00ab\u00a0DJ survolt\u00e9\u00a0\u00bb <\/b>aux platines.<\/p>\n<p>                <img width=\"750\" height=\"500\" src=\"https:\/\/www.europesays.com\/fr\/wp-content\/uploads\/2025\/12\/42a8bfed-0418-4c12-9dee-0abe7e1f0c5a-750x500.jpg\" class=\"attachment-gallery size-gallery\" alt=\"nouvel an the people provok dionysos events\" data-full-url=\"https:\/\/pokaa.fr\/wp-content\/uploads\/2025\/12\/05\/42a8bfed-0418-4c12-9dee-0abe7e1f0c5a.jpg\" decoding=\"async\" loading=\"lazy\"  \/>            <\/p>\n<p>                <img width=\"750\" height=\"500\" src=\"https:\/\/www.europesays.com\/fr\/wp-content\/uploads\/2025\/12\/89f1821f-bd52-4fbb-a202-9522a973604f-750x500.jpg\" class=\"attachment-gallery size-gallery\" alt=\"nouvel an the people provok dionysos events\" data-full-url=\"https:\/\/pokaa.fr\/wp-content\/uploads\/2025\/12\/05\/89f1821f-bd52-4fbb-a202-9522a973604f.jpg\" decoding=\"async\" loading=\"lazy\"  \/>            <\/p>\n<p>                    \u00a9 Dionysos Events \/ Documents remis<\/p>\n<p>                <img width=\"333\" height=\"500\" src=\"https:\/\/www.europesays.com\/fr\/wp-content\/uploads\/2025\/12\/d17ef7de-1e7a-4cae-a3d5-5bc7b072ed9f-333x500.jpg\" class=\"attachment-gallery size-gallery\" alt=\"nouvel an the people provok dionysos events\" data-full-url=\"https:\/\/pokaa.fr\/wp-content\/uploads\/2025\/12\/05\/d17ef7de-1e7a-4cae-a3d5-5bc7b072ed9f.jpg\" decoding=\"async\" loading=\"lazy\"  \/>            <\/p>\n<p>                <img width=\"333\" height=\"500\" src=\"https:\/\/www.europesays.com\/fr\/wp-content\/uploads\/2025\/12\/4910c63a-8b66-49db-a328-8072a73ffecf-333x500.jpg\" class=\"attachment-gallery size-gallery\" alt=\"nouvel an the people provok dionysos events\" data-full-url=\"https:\/\/pokaa.fr\/wp-content\/uploads\/2025\/12\/05\/4910c63a-8b66-49db-a328-8072a73ffecf.jpg\" decoding=\"async\" loading=\"lazy\"  \/>            <\/p>\n<p>                    \u00a9 Dionysos Events \/ Documents remis<\/p>\n<p>Avec ton ticket, tu auras acc\u00e8s au spectacle, ainsi qu\u2019\u00e0 un vestiaire\u2026 Et \u00e0 <b>du pop-corn \u00e0 volont\u00e9<\/b>\u00a0! Pour les plus grosses faims, le bar servira toute la soir\u00e9e de la<b> \u00ab\u00a0finger food qui claque\u00a0\u00bb <\/b>(choix carn\u00e9 et v\u00e9g\u00e9), et de quoi \u00e9ponger tes plus grosses soifs.<\/p>\n<p>N\u2019attends pas d\u2019\u00eatre sur le fil pour choper ton entr\u00e9e\u00a0: essaie d\u2019arriver \u00ab AVANT que le chapiteau affiche complet \u00bb<a href=\"https:\/\/yp.events\/858e92cc-2103-43af-a48b-e30b21c8ba56\/THE-PEOPLE-CIRCUS-NEW-YEAR-S-EVE\" target=\"_blank\" rel=\"noopener nofollow\"> en cliquant ici.<\/a><\/p>\n<p>                <img width=\"750\" height=\"500\" src=\"https:\/\/www.europesays.com\/fr\/wp-content\/uploads\/2025\/12\/12cf369b-d7d9-473e-ae4f-2ace6a2ca9fa-750x500.jpg\" class=\"attachment-gallery size-gallery\" alt=\"nouvel an the people provok dionysos events\" data-full-url=\"https:\/\/pokaa.fr\/wp-content\/uploads\/2025\/12\/05\/12cf369b-d7d9-473e-ae4f-2ace6a2ca9fa.jpg\" decoding=\"async\" loading=\"lazy\"  \/>            <\/p>\n<p>                <img width=\"750\" height=\"500\" src=\"https:\/\/www.europesays.com\/fr\/wp-content\/uploads\/2025\/12\/6a313968-b38f-48dc-8be2-e24e3fa977a8-750x500.jpg\" class=\"attachment-gallery size-gallery\" alt=\"nouvel an the people provok dionysos events\" data-full-url=\"https:\/\/pokaa.fr\/wp-content\/uploads\/2025\/12\/05\/6a313968-b38f-48dc-8be2-e24e3fa977a8.jpg\" decoding=\"async\" loading=\"lazy\"  \/>            <\/p>\n<p>                    \u00a9 Dionysos Events \/ Documents remis<\/p>\n<p>    <img width=\"400\" height=\"600\" src=\"https:\/\/www.europesays.com\/fr\/wp-content\/uploads\/2025\/12\/245c0462-8876-45ae-aaaa-3111cd2fabe0-400x600.jpg\" class=\"attachment-image-size-M size-image-size-M\" alt=\"nouvel an the people provok dionysos events\" decoding=\"async\" loading=\"lazy\"  \/>         \u00a9 Dionysos Events \/ Document remis <\/p>\n<p>            The People Circus \u2013 New Year\u2019s Eve<\/p>\n<p>            Quoi ? <\/p>\n<p>Soir\u00e9e du Nouvel An avec DJ sets et performances de cirque<\/p>\n<p>                Quand ?<\/p>\n<p>Mercredi 31 d\u00e9cembre, de 20h \u00e0 3h<\/p>\n<p>            o\u00f9 ?<\/p>\n<p>\u00c0 The People Strasbourg, 7 rue de la Krutenau, \u00e0 Strasbourg<\/p>\n<p>                Plus d&rsquo;infos ?<\/p>\n<p><a href=\"https:\/\/yp.events\/858e92cc-2103-43af-a48b-e30b21c8ba56\/THE-PEOPLE-CIRCUS-NEW-YEAR-S-EVE\" target=\"_blank\" rel=\"noopener nofollow\">Infos et billetterie en ligne<\/a><br \/><a href=\"https:\/\/fb.me\/e\/3LN8cRtNs\" target=\"_blank\" rel=\"noopener nofollow\">L\u2019\u00e9v\u00e9nement Facebook<\/a><\/p>\n","protected":false},"excerpt":{"rendered":"Accueil \/ Sorties \/ Cracheur de feu et DJ set : \u00e0 Strasbourg, un \u00ab cirque \u00bb spectaculaire&hellip;\n","protected":false},"author":2,"featured_media":591468,"comment_status":"","ping_status":"","sticky":false,"template":"","format":"standard","meta":{"footnotes":""},"categories":[2820],"tags":[1111,11,4763,12084,1777,674,1011,27,775,57422,12,39117,21919,3907,25,640,70453],"class_list":{"0":"post-591467","1":"post","2":"type-post","3":"status-publish","4":"format-standard","5":"has-post-thumbnail","7":"category-strasbourg","8":"tag-actu","9":"tag-actualites","10":"tag-agenda","11":"tag-dj-set","12":"tag-eu","13":"tag-europe","14":"tag-fr","15":"tag-france","16":"tag-grand-est","17":"tag-la-manufacture-des-tabacs","18":"tag-news","19":"tag-nouvel-an","20":"tag-ou-sortir","21":"tag-que-faire","22":"tag-republique-francaise","23":"tag-strasbourg","24":"tag-the-people"},"share_on_mastodon":{"url":"https:\/\/pubeurope.com\/@fr\/115697463348995193","error":""},"_links":{"self":[{"href":"https:\/\/www.europesays.com\/fr\/wp-json\/wp\/v2\/posts\/591467","targetHints":{"allow":["GET"]}}],"collection":[{"href":"https:\/\/www.europesays.com\/fr\/wp-json\/wp\/v2\/posts"}],"about":[{"href":"https:\/\/www.europesays.com\/fr\/wp-json\/wp\/v2\/types\/post"}],"author":[{"embeddable":true,"href":"https:\/\/www.europesays.com\/fr\/wp-json\/wp\/v2\/users\/2"}],"replies":[{"embeddable":true,"href":"https:\/\/www.europesays.com\/fr\/wp-json\/wp\/v2\/comments?post=591467"}],"version-history":[{"count":0,"href":"https:\/\/www.europesays.com\/fr\/wp-json\/wp\/v2\/posts\/591467\/revisions"}],"wp:featuredmedia":[{"embeddable":true,"href":"https:\/\/www.europesays.com\/fr\/wp-json\/wp\/v2\/media\/591468"}],"wp:attachment":[{"href":"https:\/\/www.europesays.com\/fr\/wp-json\/wp\/v2\/media?parent=591467"}],"wp:term":[{"taxonomy":"category","embeddable":true,"href":"https:\/\/www.europesays.com\/fr\/wp-json\/wp\/v2\/categories?post=591467"},{"taxonomy":"post_tag","embeddable":true,"href":"https:\/\/www.europesays.com\/fr\/wp-json\/wp\/v2\/tags?post=591467"}],"curies":[{"name":"wp","href":"https:\/\/api.w.org\/{rel}","templated":true}]}}