{"id":591469,"date":"2025-12-10T21:45:43","date_gmt":"2025-12-10T21:45:43","guid":{"rendered":"https:\/\/www.europesays.com\/fr\/591469\/"},"modified":"2025-12-10T21:45:43","modified_gmt":"2025-12-10T21:45:43","slug":"un-nouveau-sondage-place-trautmann-largement-en-tete-a-strasbourg","status":"publish","type":"post","link":"https:\/\/www.europesays.com\/fr\/591469\/","title":{"rendered":"un nouveau sondage place Trautmann largement en t\u00eate \u00e0 Strasbourg"},"content":{"rendered":"<p class=\"p1\"><b>Le 9 d\u00e9cembre, un nouveau sondage sur les \u00e9lections municipales 2026 est sorti \u00e0 Strasbourg. Command\u00e9 \u00e0 Elabe par Horizons, le parti de Pierre Jakubowicz, on y voit une Catherine Trautmann qui accro\u00eet largement son avance sur Jeanne Barseghian et un Jean-Philippe Vetter qui d\u00e9croche. Par ailleurs, Pierre Jakubowicz passe la barre des 10%. Une nouvelle photo \u00e0 l\u2019instant T qu\u2019il faut d\u00e9crypter.<\/b><\/p>\n<p class=\"p1\">\u00c0 94 jours du premier tour des municipales,<b> un nouveau sondage vient rythmer la campagne strasbourgeoise<\/b>. Command\u00e9 \u00e0 l\u2019institut Elabe par Horizons, Pokaa a pu y avoir acc\u00e8s, transmis par Pierre Jakubowicz.\u00a0Une deuxi\u00e8me \u00ab prise de temp\u00e9rature \u00bb, apr\u00e8s un premier sondage IFOP command\u00e9 par Jean-Philippe Vetter (LR) en septembre et qui avait fait parler.<\/p>\n<p>                <a href=\"https:\/\/pokaa.fr\/2025\/09\/15\/municipales-2026-cest-quoi-ce-sondage-qui-place-trautmann-et-vetter-en-tete-a-strasbourg\/\" target=\"_blank\" rel=\"noopener\"><br \/>\n                    <img width=\"450\" height=\"270\" src=\"https:\/\/www.europesays.com\/fr\/wp-content\/uploads\/2025\/09\/1758169937_637_okkkk-450x270.png\" class=\"attachment-card-horizontal--same-subject size-card-horizontal--same-subject wp-post-image\" alt=\"\" decoding=\"async\" loading=\"lazy\"\/>                <\/a><\/p>\n<p>Depuis, bien des choses ont chang\u00e9 : <b>Nicolas Matt a suivi le sens du vent, rejoignant le leader LR qui \u00e9tait en haut du panier en septembre<\/b>, <a href=\"https:\/\/pokaa.fr\/2025\/10\/14\/municipales-2026-a-strasbourg-la-france-insoumise-choisit-florian-kobryn-comme-tete-de-liste\/\" target=\"_blank\" rel=\"noopener\">Florian Kobryn a \u00e9t\u00e9 d\u00e9sign\u00e9 t\u00eate de liste LFI<\/a>, le centre-gauche s\u2019est morcel\u00e9 entre <a href=\"https:\/\/pokaa.fr\/2025\/11\/10\/municipales-2026-la-socialiste-linda-ibiem-est-candidate-au-sein-dun-ps-divise\/\" target=\"_blank\" rel=\"noopener\">Linda Ibiem<\/a> et <a href=\"https:\/\/pokaa.fr\/2025\/11\/27\/municipales-2026-a-gauche-thibaut-vinci-en-campagne-pour-parler-securite-a-strasbourg\/%60\" target=\"_blank\" rel=\"noopener\">Thibaut Vinci<\/a>, tandis que <a href=\"https:\/\/pokaa.fr\/2025\/11\/13\/municipales-2026-cem-yoldas-en-campagne-pour-un-strasbourg-antifasciste-antiraciste\/\" target=\"_blank\" rel=\"noopener\">Cem Yoldas m\u00e8ne une liste antiraciste et antifasciste<\/a> et que <a href=\"https:\/\/pokaa.fr\/2025\/11\/13\/municipales-2026-fahad-raja-muhammad-est-candidat-pour-reconstruire-strasbourg\/\" target=\"_blank\" rel=\"noopener\">Fahad Raja Muhammad veut \u00ab reconstruire Strasbourg \u00bb<\/a>. Enfin, <a href=\"https:\/\/pokaa.fr\/2025\/11\/17\/municipales-2026-en-exclu-le-parti-utiles-67-devoile-12-mesures-pour-strasbourg\/\" target=\"_blank\" rel=\"noopener\">UTILES 67<\/a> continue de travailler sur son programme.<\/p>\n<p>    <img width=\"800\" height=\"600\" src=\"https:\/\/www.europesays.com\/fr\/wp-content\/uploads\/2025\/12\/img-2458-grande-800x600.jpeg\" class=\"attachment-image-size-L size-image-size-L\" alt=\"hotel de ville\" decoding=\"async\" loading=\"lazy\"  \/>         \u00a9 Nicolas Kaspar \/ Pokaa <\/p>\n<p>\u00c9tape 1 : que disent les chiffres bruts ?<\/p>\n<p class=\"p1\">Tout cela nous m\u00e8ne donc \u00e0 ce nouveau sondage, qu\u2019il faut analyser. D\u00e9j\u00e0, il faut regarder ce qui va forc\u00e9ment animer les prochains jours de discussion de politique locale : les chiffres. Le sondage Elabe de d\u00e9cembre confirme la premi\u00e8re place de Catherine Trautmann dans la course \u00e0 l\u2019H\u00f4tel de Ville, <b>l\u2019ancienne maire r\u00e9coltant 29 %, soit 4 % de plus qu\u2019en septembre<\/b>. Elle accro\u00eet ainsi largement son avance sur ses adversaires.<\/p>\n<p class=\"p1\">Car si Jean-Philippe Vetter \u00e9tait au coude \u00e0 coude en septembre [dans le sondage qu\u2019il avait command\u00e9, ndlr], le candidat LR d\u00e9croche s\u00e9rieusement moins de trois mois plus tard : <b>il ne r\u00e9colte plus que 16 % des voix, d\u00e9rapant de 8 %<\/b>. Dans sa chute, il arrive alors \u00e0 \u00e9galit\u00e9 avec Jeanne Barseghian, qui elle perd 1% par rapport \u00e0 septembre.<\/p>\n<p>                <img width=\"859\" height=\"500\" src=\"https:\/\/www.europesays.com\/fr\/wp-content\/uploads\/2025\/12\/img-1775-grande-1-859x500.jpeg\" class=\"attachment-gallery size-gallery\" alt=\"catherine trautmann\" data-full-url=\"https:\/\/pokaa.fr\/wp-content\/uploads\/2025\/10\/10\/img-1775-grande-1.jpeg\" decoding=\"async\" loading=\"lazy\"  \/>            <\/p>\n<p>                <img width=\"667\" height=\"500\" src=\"https:\/\/www.europesays.com\/fr\/wp-content\/uploads\/2025\/12\/img-3051-grande-667x500.jpeg\" class=\"attachment-gallery size-gallery\" alt=\"vetter\" data-full-url=\"https:\/\/pokaa.fr\/wp-content\/uploads\/2025\/12\/05\/img-3051-grande.jpeg\" decoding=\"async\" loading=\"lazy\"  \/>            <\/p>\n<p>                <img width=\"667\" height=\"500\" src=\"https:\/\/www.europesays.com\/fr\/wp-content\/uploads\/2025\/12\/img-0042-667x500.jpg\" class=\"attachment-gallery size-gallery\" alt=\"jeanne barseghian\" data-full-url=\"https:\/\/pokaa.fr\/wp-content\/uploads\/2025\/07\/21\/img-0042.jpg\" decoding=\"async\" loading=\"lazy\"  \/>            <\/p>\n<p>                    \u00a9 Nicolas Kaspar \/ Pokaa<\/p>\n<p class=\"p1\">Le reste des candidat(e)s se tient ensuite dans un mouchoir de poche : <b>Florian Kobryn perd un point par rapport \u00e0 Emmanuel Fernandes et arrive \u00e0 12 %<\/b>, devant Virginie Joron qui stagne (ou se maintient, c\u2019est selon) \u00e0 11 %.<\/p>\n<p class=\"p1\"><b>Surtout, enseignement important : Pierre Jakubowicz r\u00e9ussit \u00e0 atteindre les 10 %, se qualifiant pour le second tour<\/b>. Enfin, 14 % n\u2019expriment pas d\u2019intention de vote. Si on en restait l\u00e0, on aurait donc potentiellement 6 candidat(e)s au second tour ! Bonjour le jeu des alliances.<\/p>\n<p>                <img width=\"667\" height=\"500\" src=\"https:\/\/www.europesays.com\/fr\/wp-content\/uploads\/2025\/12\/img-2011-grande-667x500.jpeg\" class=\"attachment-gallery size-gallery\" alt=\"kobryn lfi\" data-full-url=\"https:\/\/pokaa.fr\/wp-content\/uploads\/2025\/10\/22\/img-2011-grande.jpeg\" decoding=\"async\" loading=\"lazy\"  \/>            <\/p>\n<p>                <img width=\"389\" height=\"500\" src=\"https:\/\/www.europesays.com\/fr\/wp-content\/uploads\/2025\/12\/960px-1718810508494-20240619-joron-virginie-fr-004-389x500.jpg\" class=\"attachment-gallery size-gallery\" alt=\"virginie joron\" data-full-url=\"https:\/\/pokaa.fr\/wp-content\/uploads\/2025\/09\/23\/960px-1718810508494-20240619-joron-virginie-fr-004.jpg\" decoding=\"async\" loading=\"lazy\"  \/>            <\/p>\n<p>                <img width=\"375\" height=\"500\" src=\"https:\/\/www.europesays.com\/fr\/wp-content\/uploads\/2025\/12\/img-1634-2-grande-375x500.jpeg\" class=\"attachment-gallery size-gallery\" alt=\"Pierre Jakubowicz\" data-full-url=\"https:\/\/pokaa.fr\/wp-content\/uploads\/2025\/10\/03\/img-1634-2-grande.jpeg\" decoding=\"async\" loading=\"lazy\"  \/>            <\/p>\n<p>                    1. et 3. \u00a9 Nicolas Kaspar \/ Pokaa ; 2. \u00a9 Parlement europ\u00e9en \/ Document remis<\/p>\n<p>\u00c9tape 2 : cela reste un sondage, donc il faut de la mise en contexte<\/p>\n<p class=\"p1\">On le rappelle, mais un sondage reste une photographie \u00e0 l\u2019instant T, il est donc \u00e0 prendre avec des pincettes. Pour celui-ci, <b>il a \u00e9t\u00e9 r\u00e9alis\u00e9 par entretien t\u00e9l\u00e9phonique sur la p\u00e9riode du 24 novembre au 2 d\u00e9cembre, sur un \u00e9chantillon de 855 personnes, soit 241 personnes de plus que le sondage IFOP<\/b>, dont 600 inscrites sur liste \u00e9lectorale. Un \u00e9chantillon qui \u00ab autorise \u00bb une marge d\u2019erreur entre 2,1 et 4,9 points de pourcentage selon le sondage.<\/p>\n<p class=\"p1\"><strong>La marge d\u2019erreur est donc un crit\u00e8re important \u00e0 avoir en t\u00eate car elle peut rabattre les cartes,<\/strong> notamment avec un sondage qui montre le faible \u00e9cart entre les candidat(e)s, hors Catherine Trautmann. De plus, les 600 personnes inscrites sur liste \u00e9lectorale repr\u00e9sentent 0,4 % du total des inscrites et 1,16 % des votantes en 2020. Sur les r\u00e9seaux sociaux, plusieurs personnes ont m\u00eame indiqu\u00e9 avoir \u00e9t\u00e9 sond\u00e9es sur les deux sondages, ce qui interroge ; <strong>en effet, si on sonde les m\u00eames personnes, on peut avoir les m\u00eames r\u00e9sultats<\/strong>.<\/p>\n<p>    <img width=\"800\" height=\"450\" src=\"https:\/\/www.europesays.com\/fr\/wp-content\/uploads\/2025\/12\/g7zf2spwyaagelr-800x450.jpeg\" class=\"attachment-image-size-L size-image-size-L\" alt=\"sondage\" decoding=\"async\" loading=\"lazy\"  \/>         \u00a9 Elabe &#8211; Horizons via France Elect \/ Document remis <\/p>\n<p class=\"p1\">Par ailleurs, <b>il est \u00e9galement bon de rappeler que le sondage a cette fois-ci \u00e9t\u00e9 command\u00e9 par Horizons, le parti de Pierre Jakubowicz<\/b>. Une donn\u00e9e qui explique peut-\u00eatre certains r\u00e9sultats, alors que ceux-ci sont positifs pour le candidat macroniste et d\u00e9favorables pour Jean-Philippe Vetter.<\/p>\n<p class=\"p1\">Enfin, niveau m\u00e9thodologie, si ce sondage \u00e9vite l\u2019\u00e9cueil de faire concourir des candidat(e)s qui ne le sont pas, il ne teste que deux autres candidatures en plus des six principales : <b>celle de Cem Yoldas pour \u00ab\u00a0Strasbourg c\u2019est nous\u00a0\u00bb et soutenue notamment par le NPA, cr\u00e9dit\u00e9e d\u2019un int\u00e9ressant 5 %<\/b>, et celle de Thibaut Vinci arrivant \u00e0 1 %. Pas de Linda Ibiem, ni de Fahad Raja Muhammad.<\/p>\n<p>                <img width=\"667\" height=\"500\" src=\"https:\/\/www.europesays.com\/fr\/wp-content\/uploads\/2025\/12\/img-2558-grande-667x500.jpeg\" class=\"attachment-gallery size-gallery\" alt=\"cem yoldas\" data-full-url=\"https:\/\/pokaa.fr\/wp-content\/uploads\/2025\/11\/13\/img-2558-grande.jpeg\" decoding=\"async\" loading=\"lazy\"  \/>            <\/p>\n<p>                <img width=\"670\" height=\"500\" src=\"https:\/\/www.europesays.com\/fr\/wp-content\/uploads\/2025\/12\/img-2737-grande-670x500.jpeg\" class=\"attachment-gallery size-gallery\" alt=\"thibaut vinci\" data-full-url=\"https:\/\/pokaa.fr\/wp-content\/uploads\/2025\/11\/27\/img-2737-grande.jpeg\" decoding=\"async\" loading=\"lazy\"  \/>            <\/p>\n<p>                    \u00a9 Nicolas Kaspar \/ Pokaa<\/p>\n<p>\u00c9tape 3 : qu\u2019est-ce qu\u2019on peut retenir de ce nouveau sondage ?<\/p>\n<p class=\"p1\">Finalement, que nous dit cette photographie \u00e0 l\u2019instant T ? D\u00e9j\u00e0, le sondage renforce le narratif d\u2019une Catherine Trautmann seule au monde. <b>L\u2019ancienne maire, bien qu\u2019elle ait re\u00e7u l\u2019investiture du PS, m\u00e8ne une campagne sans \u00e9tiquette politique, se pla\u00e7ant litt\u00e9ralement au centre, \u00ab au-dessus de la m\u00eal\u00e9e \u00bb <\/b>[preuve en est : son dernier point presse sur le sujet de la s\u00e9curit\u00e9, ndlr]. Ce qui lui permet d\u2019agr\u00e9ger des sympathisant(e)s en profitant de sa renomm\u00e9e, grignotant des voix notamment \u00e0 droite.<\/p>\n<p>    <img width=\"800\" height=\"600\" src=\"https:\/\/www.europesays.com\/fr\/wp-content\/uploads\/2025\/10\/img-1772-grande-800x600.jpeg\" class=\"attachment-image-size-L size-image-size-L\" alt=\"catherine trautmann\" decoding=\"async\" loading=\"lazy\"  \/>         \u00a9 Nicolas Kaspar \/ Pokaa <\/p>\n<p class=\"p1\">\u00c0 droite en revanche, ce sondage op\u00e8re un retournement de la dynamique. Alors que Jean-Philippe Vetter montrait les muscles en demandant il y a quelques semaines \u00e0 Pierre Jakubowicz de le rejoindre, <b>ce dernier semble rentrer dans une dynamique en passant les 10 %<\/b>. Petit clin d\u2019oeil farceur du destin : pour arriver \u00e0 10 %, ses 6 % du sondage IFOP \u00ab r\u00e9cup\u00e8rent \u00bb les 4 % de Nicolas Matt. De quoi (re)devenir un acteur important dans le jeu des alliances.<\/p>\n<p>Le candidat ne s\u2019y trompe pas, en r\u00e9agissant pour Pokaa au sondage : \u00ab Ce sondage est une bonne nouvelle, parce qu\u2019il confirme ce que les Strasbourgeois me disent : <strong>une bonne dynamique avec une campagne innovante et f\u00e9d\u00e9ratrice, le centre est incontournable pour la victoire<\/strong>. Avec cinq candidats qui sont dans un mouchoir de poche, l\u2019\u00e9lection est ouverte ! \u00bb<\/p>\n<p class=\"p1\"><b>Difficile en revanche d\u2019expliquer le d\u00e9crochage de Jean-Philippe Vetter<\/b>. Peut-\u00eatre que le ralliement de Nicolas Matt lui donne une \u00e9tiquette \u00ab macron-compatible \u00bb qui ne passe pas, ou alors que le retour des discours plus \u00e0 droite sur la \u00ab pr\u00e9f\u00e9rence r\u00e9publicaine \u00bb et \u00ab l\u2019ordre r\u00e9publicain \u00bb apr\u00e8s des mois d\u2019ouverture vers le centre ont froiss\u00e9. Ou tout simplement est-ce le jeu des sondages, <b>o\u00f9 Pierre Jakubowicz et Jean-Philippe Vetter ont chacun gagn\u00e9 et perdu selon qui commandait le sondage, dans un rapport de force au sein d\u2019un r\u00e9servoir de voix limit\u00e9 \u00e0 Strasbourg<\/b>.<\/p>\n<p>                <img width=\"875\" height=\"500\" src=\"https:\/\/www.europesays.com\/fr\/wp-content\/uploads\/2025\/12\/1-1-875x500.png\" class=\"attachment-gallery size-gallery\" alt=\"vetter\" data-full-url=\"https:\/\/pokaa.fr\/wp-content\/uploads\/2025\/02\/28\/1-1-1500x857.png\" decoding=\"async\" loading=\"lazy\"  \/>            <\/p>\n<p>                <img width=\"791\" height=\"500\" src=\"https:\/\/www.europesays.com\/fr\/wp-content\/uploads\/2025\/12\/img-1634-791x500.jpeg\" class=\"attachment-gallery size-gallery\" alt=\"Pierre Jakubowicz\" data-full-url=\"https:\/\/pokaa.fr\/wp-content\/uploads\/2025\/10\/03\/img-1634.jpeg\" decoding=\"async\" loading=\"lazy\"  \/>            <\/p>\n<p>                    \u00a9 Nicolas Kaspar \/ Pokaa<\/p>\n<p class=\"p1\">Enfin, un autre enseignement du sondage est que Strasbourg reste un bastion de gauche. <strong>Si l\u2019on compte Catherine Trautmann, on arrive \u00e0 un total de 62 %<\/strong> ; \u00e0 gauche de Catherine Trautmann, <strong>les candidat(e)s agr\u00e8gent 33 % des voix<\/strong>. De quoi mettre en avant l\u2019importance des futures alliances, alors que la candidate PS pourrait s\u2019allier par exemple avec Pierre Jakubowicz, dans une potentielle position du faiseur de roi\/reine de l\u2019\u00e9lection.<\/p>\n<p class=\"p1\"><b>C\u00f4t\u00e9 Jeanne Barseghian, son \u00e9quipe pourra peut-\u00eatre se r\u00e9jouir d\u2019une dynamique qui stagne. Alors que la maire n\u2019est pas encore entr\u00e9e personnellement en campagne, elle est d\u00e9j\u00e0 attaqu\u00e9e de toutes parts<\/b>, notamment sur sa gestion de l\u2019affaire Polesi, et n\u2019a pas encore le soutien des communistes. La t\u00e2che sera tout de m\u00eame ardue, surtout qu\u2019il faudra composer avec LFI, qui elle aussi cherche le rapport de force pour passer devant au premier tour.<\/p>\n<p class=\"p1\">Sauf que pour elle aussi, la t\u00e2che ne sera pas ais\u00e9e. Ayant enclench\u00e9 une dynamique de campagne avec de nombreux points presse, \u00e9v\u00e9nements et le d\u00e9voilement de son programme, <b>LFI semble pourtant \u00eatre coinc\u00e9e entre les \u00c9cologistes \u00e0 sa droite<\/b> [avec qui Florian Kobryn a travaill\u00e9 \u00e0 la CEA avant de quitter le groupe, ndlr] <b>et \u00ab Strasbourg c\u2019est nous \u00bb \u00e0 sa gauche<\/b>. Les 5% de Cem Yoldas sont un vrai caillou dans leur chaussure, lui qui n\u2019a pas manqu\u00e9 de critiquer LFI<a href=\"https:\/\/pokaa.fr\/2025\/12\/02\/municipales-2026-florian-kobryn-lfi-veut-rendre-le-marche-de-noel-payant-aux-touristes\/\" target=\"_blank\" rel=\"noopener\">\u00a0sur leur proposition de rendre le march\u00e9 de No\u00ebl payant les week-ends pour les touristes<\/a>.<\/p>\n<p><b>Alors que ce sondage fait poindre la possibilit\u00e9 d\u2019une hexagulaire au second tour \u00e0 Strasbourg, le jeu des alliances avant le premier tour sera primordial pour affiner les chances de chacun(e) de l\u2019emporter. La campagne est encore longue et de nombreuses surprises peuvent encore arriver, avec sans aucun doute de nouveaux sondages aux m\u00e9thodologies diverses et vari\u00e9es. La jungle des municipales n\u2019a pas dit son dernier mot, loin de l\u00e0.\u00a0<\/b><\/p>\n","protected":false},"excerpt":{"rendered":"Le 9 d\u00e9cembre, un nouveau sondage sur les \u00e9lections municipales 2026 est sorti \u00e0 Strasbourg. Command\u00e9 \u00e0 Elabe&hellip;\n","protected":false},"author":2,"featured_media":591470,"comment_status":"","ping_status":"","sticky":false,"template":"","format":"standard","meta":{"footnotes":""},"categories":[2820],"tags":[1111,11,1777,674,1011,27,775,3434,12,316,25,13947,640,58524],"class_list":{"0":"post-591469","1":"post","2":"type-post","3":"status-publish","4":"format-standard","5":"has-post-thumbnail","7":"category-strasbourg","8":"tag-actu","9":"tag-actualites","10":"tag-eu","11":"tag-europe","12":"tag-fr","13":"tag-france","14":"tag-grand-est","15":"tag-municipales-2026","16":"tag-news","17":"tag-politique","18":"tag-republique-francaise","19":"tag-sondage","20":"tag-strasbourg","21":"tag-strasbourg-actualite"},"share_on_mastodon":{"url":"https:\/\/pubeurope.com\/@fr\/115697466694099767","error":""},"_links":{"self":[{"href":"https:\/\/www.europesays.com\/fr\/wp-json\/wp\/v2\/posts\/591469","targetHints":{"allow":["GET"]}}],"collection":[{"href":"https:\/\/www.europesays.com\/fr\/wp-json\/wp\/v2\/posts"}],"about":[{"href":"https:\/\/www.europesays.com\/fr\/wp-json\/wp\/v2\/types\/post"}],"author":[{"embeddable":true,"href":"https:\/\/www.europesays.com\/fr\/wp-json\/wp\/v2\/users\/2"}],"replies":[{"embeddable":true,"href":"https:\/\/www.europesays.com\/fr\/wp-json\/wp\/v2\/comments?post=591469"}],"version-history":[{"count":0,"href":"https:\/\/www.europesays.com\/fr\/wp-json\/wp\/v2\/posts\/591469\/revisions"}],"wp:featuredmedia":[{"embeddable":true,"href":"https:\/\/www.europesays.com\/fr\/wp-json\/wp\/v2\/media\/591470"}],"wp:attachment":[{"href":"https:\/\/www.europesays.com\/fr\/wp-json\/wp\/v2\/media?parent=591469"}],"wp:term":[{"taxonomy":"category","embeddable":true,"href":"https:\/\/www.europesays.com\/fr\/wp-json\/wp\/v2\/categories?post=591469"},{"taxonomy":"post_tag","embeddable":true,"href":"https:\/\/www.europesays.com\/fr\/wp-json\/wp\/v2\/tags?post=591469"}],"curies":[{"name":"wp","href":"https:\/\/api.w.org\/{rel}","templated":true}]}}