{"id":591473,"date":"2025-12-10T21:48:19","date_gmt":"2025-12-10T21:48:19","guid":{"rendered":"https:\/\/www.europesays.com\/fr\/591473\/"},"modified":"2025-12-10T21:48:19","modified_gmt":"2025-12-10T21:48:19","slug":"la-proposition-inedite-de-christian-estrosi","status":"publish","type":"post","link":"https:\/\/www.europesays.com\/fr\/591473\/","title":{"rendered":"la proposition in\u00e9dite de Christian Estrosi"},"content":{"rendered":"<p>                    Par<br \/>\n        <strong><br \/>\n            <a href=\"https:\/\/actu.fr\/auteur\/ugo-maillard\" title=\"Consulter tous les articles de Ugo Maillard\" target=\"_blank\" rel=\"noopener\">Ugo Maillard<\/a><br \/>\n                    <\/strong><\/p>\n<p>        Publi\u00e9 le<\/p>\n<p>            10 d\u00e9c. 2025 \u00e0 19h11        <\/p>\n<p>\u00ab\u2009Une petite r\u00e9volution.\u2009\u00bb \u00c0 l\u2019occasion d\u2019une conf\u00e9rence de presse organis\u00e9e ce mercredi 10\u00a0d\u00e9cembre 2025 dans le cadre de sa campagne pour <a href=\"https:\/\/actu.fr\/nice\/politique\" target=\"_blank\" rel=\"noopener\">les prochaines municipales<\/a>, <a href=\"https:\/\/actu.fr\/tag\/christian-estrosi\" target=\"_blank\" rel=\"noopener\">Christian Estrosi<\/a> a lanc\u00e9 une proposition in\u00e9dite. Le vendredi et le samedi, deux <strong>rames de tramway pourraient circuler <\/strong>sur les trois lignes du r\u00e9seau (1, 2 et 3).<\/p>\n<p class=\" wall-content\">Le maire de Nice,<strong> candidat \u00e0 un nouveau mandat<\/strong> \u00e0 la t\u00eate de la ville de <a href=\"https:\/\/actu.fr\/nice\/\" target=\"_blank\" rel=\"noopener\">Nice,<\/a> promet que la mesure pourrait \u00eatre vot\u00e9e d\u00e8s mars\u00a02026, soit, <strong>apr\u00e8s son \u00e9ventuelle r\u00e9\u00e9lection<\/strong>, et appliqu\u00e9e \u00ab\u2009au 1er\u00a0juillet 2026\u2009\u00bb.<\/p>\n<p>Un service gratuit pour les abonn\u00e9s<\/p>\n<p class=\" wall-content\">Le maire sortant a d\u00e9taill\u00e9 cette <strong>proposition de campagne<\/strong>. \u00ab\u2009Je vous annonce que ce nouveau service de tram toute la nuit le vendredi et le samedi se fera gratuitement pour nos abonn\u00e9s. C\u2019est-\u00e0-dire que les d\u00e9tenteurs d\u2019un abonnement auront acc\u00e8s \u00e0 ce nouveau service sans augmentation de tarif\u2009\u00bb, assure Christian Estrosi.<\/p>\n<blockquote class=\"ac-article-quote wall-content\">\n<p>Les rames qui circuleront toute la nuit le vendredi et le samedi seront s\u00e9curis\u00e9es par deux agents du Groupe S\u00fbret\u00e9 Contr\u00f4le Transports. Et, je rappelle que toutes nos rames de tram ainsi que les stations sont s\u00e9curis\u00e9es par des cam\u00e9ras de vid\u00e9oprotection directement reli\u00e9es \u00e0 notre CSU. Elles sont plus de 1 000 !<\/p>\n<p>    <strong>Christian Estrosi<\/strong><br \/>\n        Maire de Nice    <\/p><\/blockquote>\n<p class=\" wall-content\">Pour justifier cette mise en place de rames la nuit les week-ends, le maire de Nice a \u00e9voqu\u00e9 \u00ab\u2009l\u2019angoisse du papa ou de la maman qui attend, parfois la boule au ventre, que son enfant rentre d\u2019une soir\u00e9e entre amis au milieu de la nuit\u2009\u00bb. \u00ab\u2009On voit des accidents terribles, des f\u00eates g\u00e2ch\u00e9es, des vies perdues, parce qu\u2019on a pris le volant alcoolis\u00e9 ou qu\u2019on a crois\u00e9 quelqu\u2019un qui l\u2019a pris\u2009\u00bb, a-t-il appuy\u00e9.<\/p>\n<p class=\" wall-content\">Selon les dires du maire de Nice, \u00e9galement pr\u00e9sident de la M\u00e9tropole Nice C\u00f4te d\u2019Azur, le co\u00fbt de cette mesure serait \u00ab\u2009d\u2019environ 500\u2009000\u00a0euros par an en ann\u00e9e pleine\u2009\u00bb.<\/p>\n<p class=\" wall-content\">Personnalisez votre actualit\u00e9 en ajoutant vos villes et m\u00e9dias en favori avec <a href=\"https:\/\/moncompte.actu.fr\" title=\"D\u00e9couvez Mon Actu\" rel=\"nofollow noopener\" data-trk=\"{&quot;cta&quot;:{&quot;action&quot;:&quot;https:\\\/\\\/moncompte.actu.fr&quot;,&quot;category&quot;:&quot;mon compte&quot;,&quot;from&quot;:&quot;article footer&quot;,&quot;name&quot;:&quot;Mon actu&quot;,&quot;type&quot;:&quot;cta&quot;}}\" target=\"_blank\">Mon Actu<\/a>.<\/p>\n","protected":false},"excerpt":{"rendered":"Par Ugo Maillard Publi\u00e9 le 10 d\u00e9c. 2025 \u00e0 19h11 \u00ab\u2009Une petite r\u00e9volution.\u2009\u00bb \u00c0 l\u2019occasion d\u2019une conf\u00e9rence de&hellip;\n","protected":false},"author":2,"featured_media":591474,"comment_status":"","ping_status":"","sticky":false,"template":"","format":"standard","meta":{"footnotes":""},"categories":[2819],"tags":[1111,11,2397,1777,674,1011,27,14554,12,2401,882,25,104,2803],"class_list":{"0":"post-591473","1":"post","2":"type-post","3":"status-publish","4":"format-standard","5":"has-post-thumbnail","7":"category-nice","8":"tag-actu","9":"tag-actualites","10":"tag-christian-estrosi","11":"tag-eu","12":"tag-europe","13":"tag-fr","14":"tag-france","15":"tag-lignes-dazur","16":"tag-news","17":"tag-nice","18":"tag-provence-alpes-cote-dazur","19":"tag-republique-francaise","20":"tag-societe","21":"tag-transport"},"share_on_mastodon":{"url":"https:\/\/pubeurope.com\/@fr\/115697477585870845","error":""},"_links":{"self":[{"href":"https:\/\/www.europesays.com\/fr\/wp-json\/wp\/v2\/posts\/591473","targetHints":{"allow":["GET"]}}],"collection":[{"href":"https:\/\/www.europesays.com\/fr\/wp-json\/wp\/v2\/posts"}],"about":[{"href":"https:\/\/www.europesays.com\/fr\/wp-json\/wp\/v2\/types\/post"}],"author":[{"embeddable":true,"href":"https:\/\/www.europesays.com\/fr\/wp-json\/wp\/v2\/users\/2"}],"replies":[{"embeddable":true,"href":"https:\/\/www.europesays.com\/fr\/wp-json\/wp\/v2\/comments?post=591473"}],"version-history":[{"count":0,"href":"https:\/\/www.europesays.com\/fr\/wp-json\/wp\/v2\/posts\/591473\/revisions"}],"wp:featuredmedia":[{"embeddable":true,"href":"https:\/\/www.europesays.com\/fr\/wp-json\/wp\/v2\/media\/591474"}],"wp:attachment":[{"href":"https:\/\/www.europesays.com\/fr\/wp-json\/wp\/v2\/media?parent=591473"}],"wp:term":[{"taxonomy":"category","embeddable":true,"href":"https:\/\/www.europesays.com\/fr\/wp-json\/wp\/v2\/categories?post=591473"},{"taxonomy":"post_tag","embeddable":true,"href":"https:\/\/www.europesays.com\/fr\/wp-json\/wp\/v2\/tags?post=591473"}],"curies":[{"name":"wp","href":"https:\/\/api.w.org\/{rel}","templated":true}]}}