{"id":591475,"date":"2025-12-10T21:49:22","date_gmt":"2025-12-10T21:49:22","guid":{"rendered":"https:\/\/www.europesays.com\/fr\/591475\/"},"modified":"2025-12-10T21:49:22","modified_gmt":"2025-12-10T21:49:22","slug":"venez-aider-a-composer-un-puzzle-geant-de-42-000-pieces-dans-cette-commune-proche-de-nantes","status":"publish","type":"post","link":"https:\/\/www.europesays.com\/fr\/591475\/","title":{"rendered":"Venez aider \u00e0 composer un puzzle g\u00e9ant de 42\u00a0000\u00a0pi\u00e8ces dans cette commune proche de Nantes"},"content":{"rendered":"<tr wp_automatic_readability=\"2.9323308270677\">\n<td valign=\"middle\" align=\"center\" class=\"col-logo\">\n    <img decoding=\"async\" src=\"https:\/\/www.europesays.com\/fr\/wp-content\/uploads\/2025\/04\/presse-ocean.gif\" alt=\"logo Presse-Oc\u00e9an\" height=\"66\"\/><\/p>\n<\/td>\n<td class=\"col-titre\">\n\t\t\tMercredi 10 d\u00e9cembre 2025 18:46<br \/>\n\t\t\t<a class=\"icon-bulle sizeL count\" href=\"#ancreAvis\"><br \/>\n\t&#8230;<br \/>\n<\/a><\/td>\n<\/tr>\n<p>\t\t<a class=\"mavillebox2 elmt-photo\" href=\"https:\/\/maville.com\/photosmvi\/2025\/12\/10\/P35632160D7103336G.jpg\" title=\" L\u2019association le Puzzle nantaispropose un moment de convivialit\u00e9 vendredi prochain salle Jules-Verne.  \u00a9  Photo Presse Oc\u00e9an  \" rel=\"galerie_actu noopener\" target=\"_blank\"><br \/>\n\t<img decoding=\"async\" src=\"https:\/\/www.europesays.com\/fr\/wp-content\/uploads\/2025\/12\/P35632160D7103336G_crop_640-330_.jpg\" alt=\"photo  l\u2019association le puzzle nantaispropose un moment de convivialit\u00e9 vendredi prochain salle jules-verne.  \u00a9  photo presse oc\u00e9an \"\/><br \/>\n\t2<br \/>\n<\/a><\/p>\n<p class=\"elmt-legende\"> L\u2019association le Puzzle nantaispropose un moment de convivialit\u00e9 vendredi prochain salle Jules-Verne.  \u00a9  Photo Presse Oc\u00e9an  <\/p>\n<p><a class=\"mavillebox2\" href=\"https:\/\/maville.com\/photosmvi\/2025\/12\/10\/P35632161D7103336G.jpg\" title=\"Un moment convivial et gratuit. \u00a9  Photo Presse Oc\u00e9an \" rel=\"galerie_actu noopener\" target=\"_blank\"><\/p>\n<p>\t\tL\u2019association le Puzzle nantais invite petits et grands \u00e0 venir partager vendredi un grand\u2026 tr\u00e8s grand moment de convivialit\u00e9.<\/p>\n<p><b>Cet article est r\u00e9serv\u00e9 aux abonn\u00e9s<\/b><\/p>\n<p>Pour un acc\u00e8s imm\u00e9diat, abonnez-vous<\/p>\n<p><b>1\u00e8re semaine offerte<\/b><\/p>\n<p>\t\tPresse-Oc\u00e9an<\/p>\n<p>Retrouvez d&rsquo;autres actus sur la commune de :<\/p>\n<p>\t\t&#13;<\/p>\n","protected":false},"excerpt":{"rendered":"Mercredi 10 d\u00e9cembre 2025 18:46 &#8230; 2 L\u2019association le Puzzle nantaispropose un moment de convivialit\u00e9 vendredi prochain salle&hellip;\n","protected":false},"author":2,"featured_media":591476,"comment_status":"","ping_status":"","sticky":false,"template":"","format":"standard","meta":{"footnotes":""},"categories":[2818],"tags":[6541,68791,1111,11,4180,7052,56356,1777,674,1011,27,13702,766,12,2636,15080,41081,42589,25,3680],"class_list":{"0":"post-591475","1":"post","2":"type-post","3":"status-publish","4":"format-standard","5":"has-post-thumbnail","7":"category-nantes","8":"tag-6541","9":"tag-68791","10":"tag-actu","11":"tag-actualites","12":"tag-aider","13":"tag-commune","14":"tag-composer","15":"tag-eu","16":"tag-europe","17":"tag-fr","18":"tag-france","19":"tag-geant","20":"tag-nantes","21":"tag-news","22":"tag-pays-de-la-loire","23":"tag-pieces","24":"tag-proche","25":"tag-puzzle","26":"tag-republique-francaise","27":"tag-venez"},"share_on_mastodon":{"url":"https:\/\/pubeurope.com\/@fr\/115697482639710879","error":""},"_links":{"self":[{"href":"https:\/\/www.europesays.com\/fr\/wp-json\/wp\/v2\/posts\/591475","targetHints":{"allow":["GET"]}}],"collection":[{"href":"https:\/\/www.europesays.com\/fr\/wp-json\/wp\/v2\/posts"}],"about":[{"href":"https:\/\/www.europesays.com\/fr\/wp-json\/wp\/v2\/types\/post"}],"author":[{"embeddable":true,"href":"https:\/\/www.europesays.com\/fr\/wp-json\/wp\/v2\/users\/2"}],"replies":[{"embeddable":true,"href":"https:\/\/www.europesays.com\/fr\/wp-json\/wp\/v2\/comments?post=591475"}],"version-history":[{"count":0,"href":"https:\/\/www.europesays.com\/fr\/wp-json\/wp\/v2\/posts\/591475\/revisions"}],"wp:featuredmedia":[{"embeddable":true,"href":"https:\/\/www.europesays.com\/fr\/wp-json\/wp\/v2\/media\/591476"}],"wp:attachment":[{"href":"https:\/\/www.europesays.com\/fr\/wp-json\/wp\/v2\/media?parent=591475"}],"wp:term":[{"taxonomy":"category","embeddable":true,"href":"https:\/\/www.europesays.com\/fr\/wp-json\/wp\/v2\/categories?post=591475"},{"taxonomy":"post_tag","embeddable":true,"href":"https:\/\/www.europesays.com\/fr\/wp-json\/wp\/v2\/tags?post=591475"}],"curies":[{"name":"wp","href":"https:\/\/api.w.org\/{rel}","templated":true}]}}