{"id":591477,"date":"2025-12-10T21:50:15","date_gmt":"2025-12-10T21:50:15","guid":{"rendered":"https:\/\/www.europesays.com\/fr\/591477\/"},"modified":"2025-12-10T21:50:15","modified_gmt":"2025-12-10T21:50:15","slug":"une-grosse-promotion-refusee-kita-hallucine","status":"publish","type":"post","link":"https:\/\/www.europesays.com\/fr\/591477\/","title":{"rendered":"Une grosse promotion refus\u00e9e, Kita hallucine"},"content":{"rendered":"<p><b>St\u00e9phane Ziani, l&rsquo;entraineur de la r\u00e9serve du FC Nantes, s&rsquo;est vu proposer un r\u00f4le plus important dans l&rsquo;organigramme des Canaris par Waldemar Kita. Toutefois, celui-ci a refus\u00e9, pr\u00e9f\u00e9rant conserver son r\u00f4le avec la N3.<\/b><\/p>\n<p>S&rsquo;il a pris du recul sur le fonctionnement du sportif \u00e0 <a href=\"https:\/\/www.foot01.com\/nantes\" target=\"_self\" rel=\"noopener\">Nantes<\/a>, Waldemar Kita continue d&rsquo;avoir un r\u00f4le pr\u00e9pond\u00e9rant dans les choix concernant l&rsquo;organigramme du club. Actuellement en pleine crise de r\u00e9sultats, le club de la cit\u00e9 des Ducs n&rsquo;a remport\u00e9 que deux rencontres en <a href=\"https:\/\/www.foot01.com\/ligue1\" title=\"Ligue 1\" target=\"_blank\" rel=\"noopener\">Ligue 1<\/a> cette saison. Un triste bilan a provoqu\u00e9 le d\u00e9part ce mercredi de Luis Castro. Pour tenter d&rsquo;insuffler un vent nouveau \u00e0 son groupe, le pr\u00e9sident nantais a r\u00e9cemment propos\u00e9 \u00e0 St\u00e9phane Ziani de monter en grade et de prendre un poste avec beaucoup plus de responsabilit\u00e9s. Son r\u00f4le aurait \u00e9t\u00e9 d&rsquo;\u00e9pauler Luis Castro, avant que le d\u00e9part du Portugais soit finalement act\u00e9, en qualit\u00e9 de coordinateur ou de directeur sportif, r\u00e9v\u00e8le L&rsquo;Equipe. Toutefois, l&rsquo;entraineur de la r\u00e9serve nantaise a d\u00e9clin\u00e9 la proposition.Kita se fait recaler<\/p>\n<p>Avec les prestations d\u00e9sastreuses journ\u00e9e apr\u00e8s journ\u00e9e du FC Nantes, Waldemar Kita a tent\u00e9 d&rsquo;apporter dans un premier temps un soutien de taille \u00e0 Luis Castro avant de finalement le virer. St\u00e9phane Ziani aurait donc pu \u00eatre un \u00e9l\u00e9ment important pour redynamiser les Canaris, mais ce dernier n&rsquo;a pas \u00e9t\u00e9 totalement convaincu par l&rsquo;id\u00e9e initi\u00e9e par le pr\u00e9sident nantais. Si l&rsquo;entraineur portugais avait donn\u00e9 son aval et voyait cette future collaboration comme un bon signe, Ziani n&rsquo;a apparemment pas senti d&rsquo;unanimit\u00e9 autour de lui, indique le quotidien sportif fran\u00e7ais. L&rsquo;ancien joueur du FC Nantes (245 matchs) se voyait plut\u00f4t dans un r\u00f4le qui se rapprochait de celui d&rsquo;un directeur sportif, avec pour objectif d&rsquo;\u00eatre plus qu&rsquo;une simple aide \u00e0 Luis Castro.<\/p>\n<p>Devant le grand flou autour des contours du poste propos\u00e9 par Waldemar Kita, l&rsquo;ancien globe-trotteur du football fran\u00e7ais a pris la d\u00e9cision de se cantonner \u00e0 son r\u00f4le d&rsquo;entraineur de la r\u00e9serve. Des fonctions qui risquent d&rsquo;ailleurs d&rsquo;\u00eatre perturb\u00e9es par son coup de sang et son expulsion lors de la rencontre face \u00e0 Vertou dimanche dernier.<\/p>\n","protected":false},"excerpt":{"rendered":"St\u00e9phane Ziani, l&rsquo;entraineur de la r\u00e9serve du FC Nantes, s&rsquo;est vu proposer un r\u00f4le plus important dans l&rsquo;organigramme&hellip;\n","protected":false},"author":2,"featured_media":591478,"comment_status":"","ping_status":"","sticky":false,"template":"","format":"standard","meta":{"footnotes":""},"categories":[2818],"tags":[1111,11,1777,674,462,1011,27,66,766,12,2636,25],"class_list":{"0":"post-591477","1":"post","2":"type-post","3":"status-publish","4":"format-standard","5":"has-post-thumbnail","7":"category-nantes","8":"tag-actu","9":"tag-actualites","10":"tag-eu","11":"tag-europe","12":"tag-fc-nantes","13":"tag-fr","14":"tag-france","15":"tag-ligue-1","16":"tag-nantes","17":"tag-news","18":"tag-pays-de-la-loire","19":"tag-republique-francaise"},"share_on_mastodon":{"url":"https:\/\/pubeurope.com\/@fr\/115697485374674943","error":""},"_links":{"self":[{"href":"https:\/\/www.europesays.com\/fr\/wp-json\/wp\/v2\/posts\/591477","targetHints":{"allow":["GET"]}}],"collection":[{"href":"https:\/\/www.europesays.com\/fr\/wp-json\/wp\/v2\/posts"}],"about":[{"href":"https:\/\/www.europesays.com\/fr\/wp-json\/wp\/v2\/types\/post"}],"author":[{"embeddable":true,"href":"https:\/\/www.europesays.com\/fr\/wp-json\/wp\/v2\/users\/2"}],"replies":[{"embeddable":true,"href":"https:\/\/www.europesays.com\/fr\/wp-json\/wp\/v2\/comments?post=591477"}],"version-history":[{"count":0,"href":"https:\/\/www.europesays.com\/fr\/wp-json\/wp\/v2\/posts\/591477\/revisions"}],"wp:featuredmedia":[{"embeddable":true,"href":"https:\/\/www.europesays.com\/fr\/wp-json\/wp\/v2\/media\/591478"}],"wp:attachment":[{"href":"https:\/\/www.europesays.com\/fr\/wp-json\/wp\/v2\/media?parent=591477"}],"wp:term":[{"taxonomy":"category","embeddable":true,"href":"https:\/\/www.europesays.com\/fr\/wp-json\/wp\/v2\/categories?post=591477"},{"taxonomy":"post_tag","embeddable":true,"href":"https:\/\/www.europesays.com\/fr\/wp-json\/wp\/v2\/tags?post=591477"}],"curies":[{"name":"wp","href":"https:\/\/api.w.org\/{rel}","templated":true}]}}