{"id":591481,"date":"2025-12-10T21:52:15","date_gmt":"2025-12-10T21:52:15","guid":{"rendered":"https:\/\/www.europesays.com\/fr\/591481\/"},"modified":"2025-12-10T21:52:15","modified_gmt":"2025-12-10T21:52:15","slug":"il-a-le-niveau-ligue-2-panique-avant-le-mercato","status":"publish","type":"post","link":"https:\/\/www.europesays.com\/fr\/591481\/","title":{"rendered":"Il a le niveau Ligue 2, panique avant le mercato"},"content":{"rendered":"<p><b>Les Girondins de Bordeaux sont seuls leaders de leur poule de National 2 gr\u00e2ce \u00e0 une grosse s\u00e9rie de 6 victoires cons\u00e9cutives en championnat. Royce Openda, arme offensive principale, risque bien de partir du fait de son niveau trop \u00e9lev\u00e9.<\/b><\/p>\n<p>Sur le plan sportif, les <a href=\"https:\/\/www.foot01.com\/bordeaux\" target=\"_self\" rel=\"noopener\">Girondins de Bordeaux<\/a> n&rsquo;avaient techniquement pas \u00e9t\u00e9 sur une aussi belle lanc\u00e9e depuis bien des ann\u00e9es. M\u00eame si le club au scapulaire \u00e9volue encore en National 2, les supporters ont de quoi se r\u00e9jouir : ce dernier a remport\u00e9 ses onze derniers matchs, championnat et Coupe de France confondus. Une s\u00e9rie qui permet aux hommes de Bruno Irles de tutoyer les 32es de finale de la coupe nationale et de se placer tout en haut du classement de sa poule en championnat. Autant de situations rendues possibles gr\u00e2ce \u00e0 la qualit\u00e9 intrins\u00e8que de l&rsquo;effectif et au collectif cr\u00e9\u00e9 par l&rsquo;entraineur bordelais. Dans le lot, certains joueurs surnagent, comme Royce Openda, que certains voient m\u00eame avoir le niveau pour \u00e9voluer en <a href=\"https:\/\/www.foot01.com\/ligue2\" title=\"Ligue 2\" target=\"_blank\" rel=\"noopener\">Ligue 2<\/a>.Bordeaux tient un gros joueur<\/p>\n<p>\u00ab Royce Openda est tr\u00e8s fort. Ce gars-l\u00e0, je pense qu\u2019il ne va pas rester longtemps en National 2. C\u2019est toujours difficile de jauger un joueur quand tu le vois faire de tr\u00e8s belles choses en quatri\u00e8me division, mais je pense qu\u2019il peut faire des choses en Ligue 2. Il a un truc un peu sup\u00e9rieur. M\u00eame Jean Grillot, notre capitaine et d\u00e9fenseur, je pense qu\u2019il peut avoir un v\u00e9cu dans ce championnat. Apr\u00e8s, pour aller taper plus haut, je ne sais pas, mais Royce Openda est international gabonais, il va jouer la Coupe d\u2019Afrique des Nations, et \u00e7a va nous manquer car il est vraiment en train de tout d\u00e9truire dans ce championnat. On va donc devoir dig\u00e9rer cette p\u00e9riode sans lui \u00bb, a d\u00e9clar\u00e9 le journaliste Adrien Mathieu sur sa cha\u00eene Youtube. S&rsquo;il ne part pas cet hiver, Royce Openda sera in\u00e9vitable dans la course \u00e0 la mont\u00e9e en National 1, future Ligue 3.<\/p>\n","protected":false},"excerpt":{"rendered":"Les Girondins de Bordeaux sont seuls leaders de leur poule de National 2 gr\u00e2ce \u00e0 une grosse s\u00e9rie&hellip;\n","protected":false},"author":2,"featured_media":591482,"comment_status":"","ping_status":"","sticky":false,"template":"","format":"standard","meta":{"footnotes":""},"categories":[2817],"tags":[1111,11,1997,1777,674,1011,27,446,12,2219,25],"class_list":{"0":"post-591481","1":"post","2":"type-post","3":"status-publish","4":"format-standard","5":"has-post-thumbnail","7":"category-bordeaux","8":"tag-actu","9":"tag-actualites","10":"tag-bordeaux","11":"tag-eu","12":"tag-europe","13":"tag-fr","14":"tag-france","15":"tag-ligue-2","16":"tag-news","17":"tag-nouvelle-aquitaine","18":"tag-republique-francaise"},"share_on_mastodon":{"url":"https:\/\/pubeurope.com\/@fr\/115697493278916253","error":""},"_links":{"self":[{"href":"https:\/\/www.europesays.com\/fr\/wp-json\/wp\/v2\/posts\/591481","targetHints":{"allow":["GET"]}}],"collection":[{"href":"https:\/\/www.europesays.com\/fr\/wp-json\/wp\/v2\/posts"}],"about":[{"href":"https:\/\/www.europesays.com\/fr\/wp-json\/wp\/v2\/types\/post"}],"author":[{"embeddable":true,"href":"https:\/\/www.europesays.com\/fr\/wp-json\/wp\/v2\/users\/2"}],"replies":[{"embeddable":true,"href":"https:\/\/www.europesays.com\/fr\/wp-json\/wp\/v2\/comments?post=591481"}],"version-history":[{"count":0,"href":"https:\/\/www.europesays.com\/fr\/wp-json\/wp\/v2\/posts\/591481\/revisions"}],"wp:featuredmedia":[{"embeddable":true,"href":"https:\/\/www.europesays.com\/fr\/wp-json\/wp\/v2\/media\/591482"}],"wp:attachment":[{"href":"https:\/\/www.europesays.com\/fr\/wp-json\/wp\/v2\/media?parent=591481"}],"wp:term":[{"taxonomy":"category","embeddable":true,"href":"https:\/\/www.europesays.com\/fr\/wp-json\/wp\/v2\/categories?post=591481"},{"taxonomy":"post_tag","embeddable":true,"href":"https:\/\/www.europesays.com\/fr\/wp-json\/wp\/v2\/tags?post=591481"}],"curies":[{"name":"wp","href":"https:\/\/api.w.org\/{rel}","templated":true}]}}