{"id":591488,"date":"2025-12-10T21:57:22","date_gmt":"2025-12-10T21:57:22","guid":{"rendered":"https:\/\/www.europesays.com\/fr\/591488\/"},"modified":"2025-12-10T21:57:22","modified_gmt":"2025-12-10T21:57:22","slug":"ayyoub-bouaddi-prolonge-et-drague-le-psg","status":"publish","type":"post","link":"https:\/\/www.europesays.com\/fr\/591488\/","title":{"rendered":"Ayyoub Bouaddi prolonge et drague le PSG"},"content":{"rendered":"<p><b>Notamment convoit\u00e9 par le Paris Saint-Germain, Ayyoub Bouaddi a choisi de prolonger son contrat \u00e0 Lille. Le milieu de terrain s\u2019est li\u00e9 \u00e0 son club formateur jusqu\u2019en 2029, sans pour autant \u00e9carter l\u2019hypoth\u00e8se d\u2019un d\u00e9part l\u2019\u00e9t\u00e9 prochain. <\/b><\/p>\n<p>Ayyoub Bouaddi a pris tout le monde \u00e0 contre-pied. Suspendu pour le choc face \u00e0 l\u2019Olympique de Marseille (1-0) vendredi dernier, le milieu du <a href=\"https:\/\/www.foot01.com\/equipe\/lille\/\" target=\"_blank\" rel=\"noopener\">LOSC<\/a> a fait son apparition sur la pelouse avant le coup d\u2019envoi, non pas pour s\u2019\u00e9chauffer, mais pour annoncer sa prolongation. Une signature totalement inattendue pour celui qui anime l\u2019actualit\u00e9 <a href=\"https:\/\/www.foot01.com\/mercato\" title=\"Mercato\" target=\"_blank\" rel=\"noopener\">mercato<\/a> depuis quelques semaines. L\u2019international Espoirs tricolore int\u00e9resse les plus grands clubs europ\u00e9ens, \u00e0 commencer par le Paris Saint-Germain que l\u2019on sait attir\u00e9 par les jeunes talents fran\u00e7ais.<\/p>\n<p>Alors pourquoi Ayyoub Bouaddi a-t-il choisi de prolonger jusqu\u2019en 2029 ? \u00ab C&rsquo;est une continuit\u00e9 logique, un signe de remerciement et de reconnaissance envers le club, les supporters, tout ce qu&rsquo;on m&rsquo;a toujours donn\u00e9 et apport\u00e9 ici, a r\u00e9pondu le Dogue dans un entretien accord\u00e9 \u00e0 L\u2019Equipe. \u00c7a va aussi avec la confiance qu&rsquo;il y a entre le club, le pr\u00e9sident (Olivier L\u00e9tang), le coach (Bruno Genesio) et moi. \u00bb Pourtant, cette prolongation ne signifie pas que le Lillois restera fid\u00e8le \u00e0 son club formateur au-del\u00e0 de la saison en cours.<\/p>\n<p>Bouaddi n&rsquo;exclut rien<\/p>\n<p>\u00ab Ecoutez, j&rsquo;ai prolong\u00e9 jusqu&rsquo;en 2029 et l&rsquo;ann\u00e9e prochaine, c&rsquo;est encore loin, je suis focalis\u00e9 sur cette saison o\u00f9 on peut aller chercher quelque chose, a esquiv\u00e9 le milieu de 18 ans. Mais comme j&rsquo;en ai parl\u00e9 avec le pr\u00e9sident, en fin de saison, il y aura un choix qui va se faire et tout est possible. On ne sait pas ce qui va se passer. \u00bb Une chose est s\u00fbre, c\u2019est que sa signature prot\u00e8ge le LOSC pour l\u2019\u00e9t\u00e9 prochain. Car \u00e0 un an de la fin de son pr\u00e9c\u00e9dent contrat, le club nordiste n\u2019aurait pas \u00e9t\u00e9 en position de force.<\/p>\n<p><img decoding=\"async\" src=\"https:\/\/www.europesays.com\/fr\/wp-content\/uploads\/2025\/11\/37717176.png\" alt=\"A. Bouaddi\" class=\"w-16 h-16 object-cover rounded-full\"\/><\/p>\n<p>A. Bouaddi<\/p>\n<p><img decoding=\"async\" src=\"https:\/\/www.europesays.com\/fr\/wp-content\/uploads\/2025\/09\/fr.png\" alt=\"France\" class=\"w-6 h-4 object-cover\"\/>France \u2022 \u00c2ge 18 \u2022 Milieu<\/p>\n","protected":false},"excerpt":{"rendered":"Notamment convoit\u00e9 par le Paris Saint-Germain, Ayyoub Bouaddi a choisi de prolonger son contrat \u00e0 Lille. Le milieu&hellip;\n","protected":false},"author":2,"featured_media":591489,"comment_status":"","ping_status":"","sticky":false,"template":"","format":"standard","meta":{"footnotes":""},"categories":[2815],"tags":[1111,11,1777,674,1011,27,811,1307,2267,1434,12,93,25],"class_list":{"0":"post-591488","1":"post","2":"type-post","3":"status-publish","4":"format-standard","5":"has-post-thumbnail","7":"category-lille","8":"tag-actu","9":"tag-actualites","10":"tag-eu","11":"tag-europe","12":"tag-fr","13":"tag-france","14":"tag-hauts-de-france","15":"tag-lille","16":"tag-losc","17":"tag-mercato","18":"tag-news","19":"tag-psg","20":"tag-republique-francaise"},"share_on_mastodon":{"url":"https:\/\/pubeurope.com\/@fr\/115697513485852051","error":""},"_links":{"self":[{"href":"https:\/\/www.europesays.com\/fr\/wp-json\/wp\/v2\/posts\/591488","targetHints":{"allow":["GET"]}}],"collection":[{"href":"https:\/\/www.europesays.com\/fr\/wp-json\/wp\/v2\/posts"}],"about":[{"href":"https:\/\/www.europesays.com\/fr\/wp-json\/wp\/v2\/types\/post"}],"author":[{"embeddable":true,"href":"https:\/\/www.europesays.com\/fr\/wp-json\/wp\/v2\/users\/2"}],"replies":[{"embeddable":true,"href":"https:\/\/www.europesays.com\/fr\/wp-json\/wp\/v2\/comments?post=591488"}],"version-history":[{"count":0,"href":"https:\/\/www.europesays.com\/fr\/wp-json\/wp\/v2\/posts\/591488\/revisions"}],"wp:featuredmedia":[{"embeddable":true,"href":"https:\/\/www.europesays.com\/fr\/wp-json\/wp\/v2\/media\/591489"}],"wp:attachment":[{"href":"https:\/\/www.europesays.com\/fr\/wp-json\/wp\/v2\/media?parent=591488"}],"wp:term":[{"taxonomy":"category","embeddable":true,"href":"https:\/\/www.europesays.com\/fr\/wp-json\/wp\/v2\/categories?post=591488"},{"taxonomy":"post_tag","embeddable":true,"href":"https:\/\/www.europesays.com\/fr\/wp-json\/wp\/v2\/tags?post=591488"}],"curies":[{"name":"wp","href":"https:\/\/api.w.org\/{rel}","templated":true}]}}