{"id":591490,"date":"2025-12-10T21:58:11","date_gmt":"2025-12-10T21:58:11","guid":{"rendered":"https:\/\/www.europesays.com\/fr\/591490\/"},"modified":"2025-12-10T21:58:11","modified_gmt":"2025-12-10T21:58:11","slug":"le-parti-generation-s-presente-sa-demarche-dunion-a-marseille","status":"publish","type":"post","link":"https:\/\/www.europesays.com\/fr\/591490\/","title":{"rendered":"le parti G\u00e9n\u00e9ration.s pr\u00e9sente sa \u00ab\u00a0d\u00e9marche d&rsquo;union\u00a0\u00bb&#8230; \u00e0 Marseille"},"content":{"rendered":"<p>Dix jours apr\u00e8s <a href=\"https:\/\/www.laprovence.com\/article\/elections\/13040317363853\/exclusif-municipales-2026-a-aix-en-provence-marc-pena-est-candidat-au-nom-de-la-gauche\" target=\"_blank\" rel=\"noopener\">l&rsquo;annonce de Marc Pena<\/a> de sa candidature aux municipales \u00e0 la t\u00eate d&rsquo;une liste compos\u00e9e des repr\u00e9sentants de six partis de gauche (dont le PS, EELV, Place publique, le PCF&#8230;), toujours pas de communiqu\u00e9 commun pour, outre prendre acte de ce lancement de campagne, annoncer les prochaines \u00e9tapes des protagonistes de cette union \u00e0 gauche. Or, le parti fond\u00e9 par Beno\u00eet Hamon, G\u00e9n\u00e9ration.s, s&rsquo;appr\u00eate \u00e0 tenir ce vendredi une conf\u00e9rence de presse \u00ab\u00a0en pr\u00e9sence des chefs de file d&rsquo;Aix, Aubagne et Marseille\u00a0\u00bb, annoncent les instances d\u00e9partementales du parti.<\/p>\n<p>Ce sont donc les journalistes marseillais qui auront la primeur de la \u00ab\u00a0pr\u00e9sentation de la d\u00e9marche d&rsquo;union\u00a0\u00bb dans la deuxi\u00e8me ville du d\u00e9partement. Pour rappel, la cheffe de file de G\u00e9n\u00e9ration.s pour les municipales \u00e0 Aix, <a href=\"https:\/\/www.laprovence.com\/actu\/en-direct\/6395066\/departementales-dans-les-bouches-du-rhone-lunion-de-la-gauche-et-lrem-respectivement-en-tete-dans-les-can\" target=\"_blank\" rel=\"noopener\">Laure Surroca<\/a>, n&rsquo;avait pas r\u00e9pondu \u00e0 nos sollicitations, la semaine derni\u00e8re, pour nous donner son sentiment sur la candidature de Marc Pena et la place accord\u00e9e \u00e0 G\u00e9n\u00e9ration.s dans la liste.<\/p>\n","protected":false},"excerpt":{"rendered":"Dix jours apr\u00e8s l&rsquo;annonce de Marc Pena de sa candidature aux municipales \u00e0 la t\u00eate d&rsquo;une liste compos\u00e9e&hellip;\n","protected":false},"author":2,"featured_media":591491,"comment_status":"","ping_status":"","sticky":false,"template":"","format":"standard","meta":{"footnotes":""},"categories":[2814],"tags":[17,5734,1111,11,2835,48961,5949,1777,674,1011,27,70454,884,3554,12,13695,3285,882,25],"class_list":{"0":"post-591490","1":"post","2":"type-post","3":"status-publish","4":"format-standard","5":"has-post-thumbnail","7":"category-marseille","8":"tag-17","9":"tag-5734","10":"tag-actu","11":"tag-actualites","12":"tag-aix","13":"tag-demarche","14":"tag-elections","15":"tag-eu","16":"tag-europe","17":"tag-fr","18":"tag-france","19":"tag-generation-s","20":"tag-marseille","21":"tag-municipales","22":"tag-news","23":"tag-parti","24":"tag-presente","25":"tag-provence-alpes-cote-dazur","26":"tag-republique-francaise"},"share_on_mastodon":{"url":"https:\/\/pubeurope.com\/@fr\/115697516841331935","error":""},"_links":{"self":[{"href":"https:\/\/www.europesays.com\/fr\/wp-json\/wp\/v2\/posts\/591490","targetHints":{"allow":["GET"]}}],"collection":[{"href":"https:\/\/www.europesays.com\/fr\/wp-json\/wp\/v2\/posts"}],"about":[{"href":"https:\/\/www.europesays.com\/fr\/wp-json\/wp\/v2\/types\/post"}],"author":[{"embeddable":true,"href":"https:\/\/www.europesays.com\/fr\/wp-json\/wp\/v2\/users\/2"}],"replies":[{"embeddable":true,"href":"https:\/\/www.europesays.com\/fr\/wp-json\/wp\/v2\/comments?post=591490"}],"version-history":[{"count":0,"href":"https:\/\/www.europesays.com\/fr\/wp-json\/wp\/v2\/posts\/591490\/revisions"}],"wp:featuredmedia":[{"embeddable":true,"href":"https:\/\/www.europesays.com\/fr\/wp-json\/wp\/v2\/media\/591491"}],"wp:attachment":[{"href":"https:\/\/www.europesays.com\/fr\/wp-json\/wp\/v2\/media?parent=591490"}],"wp:term":[{"taxonomy":"category","embeddable":true,"href":"https:\/\/www.europesays.com\/fr\/wp-json\/wp\/v2\/categories?post=591490"},{"taxonomy":"post_tag","embeddable":true,"href":"https:\/\/www.europesays.com\/fr\/wp-json\/wp\/v2\/tags?post=591490"}],"curies":[{"name":"wp","href":"https:\/\/api.w.org\/{rel}","templated":true}]}}