{"id":591501,"date":"2025-12-10T22:06:24","date_gmt":"2025-12-10T22:06:24","guid":{"rendered":"https:\/\/www.europesays.com\/fr\/591501\/"},"modified":"2025-12-10T22:06:24","modified_gmt":"2025-12-10T22:06:24","slug":"enfant-tondu-dans-un-foyer-a-paris-deux-inspectrices-sur-place","status":"publish","type":"post","link":"https:\/\/www.europesays.com\/fr\/591501\/","title":{"rendered":"Enfant tondu dans un foyer \u00e0 Paris: deux inspectrices sur place"},"content":{"rendered":"<p class=\"mb-4 text-lg md:leading-8 break-words\">Deux inspectrices ont entam\u00e9 mercredi un contr\u00f4le dans les locaux du foyer parisien Jenner, au lendemain de la r\u00e9v\u00e9lation de faits de maltraitance sur un enfant plac\u00e9, film\u00e9 en train d&rsquo;\u00eatre ras\u00e9 par des \u00e9ducateurs contre son gr\u00e9, a-t-on appris aupr\u00e8s de la Ville de Paris.<\/p>\n<p class=\"mb-4 text-lg md:leading-8 break-words\">\u00ab\u00a0Une inspection administrative est en cours, elle va durer deux jours\u00a0\u00bb, a indiqu\u00e9 \u00e0 l&rsquo;AFP la Ville de Paris, confirmant une information de franceinfo.<\/p>\n<p class=\"mb-4 text-lg md:leading-8 break-words\">Selon la radio, les deux inspectrices sont \u00ab\u00a0habilit\u00e9es aupr\u00e8s de l&rsquo;Aide sociale \u00e0 l&rsquo;enfance (ASE)\u00a0\u00bb et doivent \u00e9tablir si d&rsquo;autres violences ont pu \u00eatre commises par des \u00e9ducateurs de cet \u00e9tablissement du XIIIe arrondissement, qui h\u00e9berge une soixantaine d&rsquo;enfants.<\/p>\n<p class=\"mb-4 text-lg md:leading-8 break-words\">Les conclusions \u00ab\u00a0sont attendues par la maman (&#8230;) pour conna\u00eetre et appr\u00e9cier pleinement les dysfonctionnements qui pourront \u00eatre constat\u00e9s\u00a0\u00bb, a indiqu\u00e9 mercredi dans un communiqu\u00e9 l&rsquo;avocat de la famille, Axel Delaunay-Belleville, pr\u00e9cisant que la m\u00e8re de l&rsquo;enfant tondu d\u00e9posera plainte \u00ab\u00a0dans les prochains jours\u00a0\u00bb.<\/p>\n<p class=\"mb-4 text-lg md:leading-8 break-words\">Les faits, r\u00e9v\u00e9l\u00e9s par franceinfo, impliquent des \u00e9ducateurs ayant pris la d\u00e9cision de raser le cr\u00e2ne d&rsquo;un enfant de huit ans plac\u00e9 sous leur responsabilit\u00e9, tout en le filmant \u00e0 des \u00ab\u00a0fins \u00e9videntes d&rsquo;humiliations\u00a0\u00bb, selon la Ville.<\/p>\n<p class=\"mb-4 text-lg md:leading-8 break-words\">Sur des images film\u00e9es en f\u00e9vrier, l&rsquo;enfant appara\u00eet torse nu, assis sur une chaise les bras crois\u00e9s, tandis qu&rsquo;une personne lui rase la t\u00eate \u00e0 l&rsquo;aide d&rsquo;une tondeuse, pr\u00e9textant une sanction. La vid\u00e9o a ensuite \u00e9t\u00e9 partag\u00e9e sur un groupe WhatsApp d&rsquo;\u00e9ducateurs.<\/p>\n<p class=\"mb-4 text-lg md:leading-8 break-words\">Mardi, le parquet de Paris a annonc\u00e9 avoir ouvert une enqu\u00eate pour \u00ab\u00a0violences volontaires sur mineur de quinze ans par personne ayant autorit\u00e9\u00a0\u00bb.<\/p>\n<p class=\"mb-4 text-lg md:leading-8 break-words\">Selon la Ville de Paris, ces faits \u00ab\u00a0gravissimes\u00a0\u00bb se sont d\u00e9roul\u00e9s en f\u00e9vrier 2025 au foyer \u00e9ducatif Jenner, g\u00e9r\u00e9 par l&rsquo;association Jean-Coxtet et qui accueille des mineurs et jeunes majeurs plac\u00e9s par l&rsquo;ASE.<\/p>\n<p class=\"mb-4 text-lg md:leading-8 break-words\">Face \u00e0 ces \u00ab\u00a0manquements inacceptables\u00a0\u00bb, la Ville a soulign\u00e9 qu&rsquo;aucune des justifications avanc\u00e9es \u2013 qu&rsquo;il s&rsquo;agisse de la pr\u00e9sence de poux, d&rsquo;un pr\u00e9tendu accord de l&rsquo;enfant ou d&rsquo;une autorisation de sa m\u00e8re \u2013 ne pouvait \u00ab\u00a0l\u00e9gitimer la violence inflig\u00e9e\u00a0\u00bb.<\/p>\n<p class=\"mb-4 text-lg md:leading-8 break-words\">La maire de Paris Anne Hidalgo doit par ailleurs s&rsquo;exprimer sur le sujet dans l&rsquo;apr\u00e8s-midi \u00e0 l&rsquo;occasion de l&rsquo;inauguration d&rsquo;un foyer de l&rsquo;ASE dans le XIIe arrondissement.<\/p>\n<p class=\"mb-4 text-lg md:leading-8 break-words\">La collectivit\u00e9, qui a saisi l&rsquo;autorit\u00e9 judiciaire et pr\u00e9voit de se constituer partie civile dans cette affaire, pr\u00e9cise que les premiers \u00e9l\u00e9ments de r\u00e9ponse de l&rsquo;association ont d\u00e9j\u00e0 conduit au \u00ab\u00a0renouvellement de l&rsquo;\u00e9quipe\u00a0\u00bb encadrante.<\/p>\n<p class=\"mb-4 text-lg md:leading-8 break-words\">La D\u00e9fenseure des droits Claire H\u00e9don a annonc\u00e9 mercredi \u00ab\u00a0s&rsquo;autosaisir\u00a0\u00bb, d\u00e9non\u00e7ant une situation \u00ab\u00a0\u00e9pouvantable\u00a0\u00bb, tandis que la ministre de la Sant\u00e9 St\u00e9phanie Rist a saisi la procureure de Paris, d\u00e9non\u00e7ant une \u00ab\u00a0atteinte grave \u00e0 la dignit\u00e9\u00a0\u00bb de l&rsquo;enfant.<\/p>\n<p class=\"mb-4 text-lg md:leading-8 break-words\">djb-hdu\/asl\/as<\/p>\n","protected":false},"excerpt":{"rendered":"Deux inspectrices ont entam\u00e9 mercredi un contr\u00f4le dans les locaux du foyer parisien Jenner, au lendemain de la&hellip;\n","protected":false},"author":2,"featured_media":591502,"comment_status":"","ping_status":"","sticky":false,"template":"","format":"standard","meta":{"footnotes":""},"categories":[1888],"tags":[1111,1928,11,1927,1777,674,1011,27,70455,1913,24081,12258,12,1926,626,1925,10857,25],"class_list":{"0":"post-591501","1":"post","2":"type-post","3":"status-publish","4":"format-standard","5":"has-post-thumbnail","7":"category-paris","8":"tag-actu","9":"tag-actu-paris","10":"tag-actualites","11":"tag-actualites-paris","12":"tag-eu","13":"tag-europe","14":"tag-fr","15":"tag-france","16":"tag-l39enfant","17":"tag-la-ville","18":"tag-la-ville-de-paris","19":"tag-maire-de-paris","20":"tag-news","21":"tag-news-paris","22":"tag-paris","23":"tag-paris-news","24":"tag-parquet-de-paris","25":"tag-republique-francaise"},"share_on_mastodon":{"url":"https:\/\/pubeurope.com\/@fr\/115697548343334553","error":""},"_links":{"self":[{"href":"https:\/\/www.europesays.com\/fr\/wp-json\/wp\/v2\/posts\/591501","targetHints":{"allow":["GET"]}}],"collection":[{"href":"https:\/\/www.europesays.com\/fr\/wp-json\/wp\/v2\/posts"}],"about":[{"href":"https:\/\/www.europesays.com\/fr\/wp-json\/wp\/v2\/types\/post"}],"author":[{"embeddable":true,"href":"https:\/\/www.europesays.com\/fr\/wp-json\/wp\/v2\/users\/2"}],"replies":[{"embeddable":true,"href":"https:\/\/www.europesays.com\/fr\/wp-json\/wp\/v2\/comments?post=591501"}],"version-history":[{"count":0,"href":"https:\/\/www.europesays.com\/fr\/wp-json\/wp\/v2\/posts\/591501\/revisions"}],"wp:featuredmedia":[{"embeddable":true,"href":"https:\/\/www.europesays.com\/fr\/wp-json\/wp\/v2\/media\/591502"}],"wp:attachment":[{"href":"https:\/\/www.europesays.com\/fr\/wp-json\/wp\/v2\/media?parent=591501"}],"wp:term":[{"taxonomy":"category","embeddable":true,"href":"https:\/\/www.europesays.com\/fr\/wp-json\/wp\/v2\/categories?post=591501"},{"taxonomy":"post_tag","embeddable":true,"href":"https:\/\/www.europesays.com\/fr\/wp-json\/wp\/v2\/tags?post=591501"}],"curies":[{"name":"wp","href":"https:\/\/api.w.org\/{rel}","templated":true}]}}