{"id":591509,"date":"2025-12-10T22:10:19","date_gmt":"2025-12-10T22:10:19","guid":{"rendered":"https:\/\/www.europesays.com\/fr\/591509\/"},"modified":"2025-12-10T22:10:19","modified_gmt":"2025-12-10T22:10:19","slug":"kiev-a-remis-a-washington-sa-derniere-version-du-plan-pour-mettre-fin-au-conflit","status":"publish","type":"post","link":"https:\/\/www.europesays.com\/fr\/591509\/","title":{"rendered":"Kiev a remis \u00e0 Washington sa derni\u00e8re version du plan pour mettre fin au conflit"},"content":{"rendered":"<p>\n    Cette version est cens\u00e9e r\u00e9pondre \u00e0 la proposition am\u00e9ricaine, qui pr\u00e9voyait de c\u00e9der \u00e0 la Russie des territoires ukrainiens qu\u2019elle n\u2019a pas encore conquis.<\/p>\n<p class=\"fig-paragraph\">L&rsquo;<a href=\"http:\/\/www.lefigaro.fr\/international\/volodymyr-zelensky-en-mauvaise-posture-valeri-zaloujny-favori-ce-que-disent-les-sondages-en-cas-d-election-presidentielle-en-ukraine-20251210\" target=\"_blank\" data-fig-type=\"NewsFlash\" rel=\"noopener\" data-gtm-custom-categorie=\"navigation\" data-gtm-custom-action=\"crossclick\" data-gtm-custom-label=\"Contextuel\" data-gtm-event=\"customEventSPE\" data-fig-domain=\"LEFIGARO\">Ukraine<\/a>\u00a0a remis mercredi aux \u00c9tats-Unis sa version mise \u00e0 jour du plan pour mettre fin \u00e0 la guerre avec la\u00a0<a href=\"http:\/\/www.lefigaro.fr\/vox\/monde\/pierre-lellouche-russie-trump-ne-tombons-pas-dans-l-illusion-de-la-souverainete-europeenne-20251210\" target=\"_blank\" data-fig-type=\"Article\" rel=\"noopener\" data-gtm-custom-categorie=\"navigation\" data-gtm-custom-action=\"crossclick\" data-gtm-custom-label=\"Contextuel\" data-gtm-event=\"customEventSPE\" data-fig-domain=\"LEFIGARO\">Russie<\/a>, ont confirm\u00e9 \u00e0 l&rsquo;AFP deux responsables ukrainiens proches du dossier. Kiev \u00aba d\u00e9j\u00e0 envoy\u00e9\u00bb \u00e0 Washington la nouvelle version du plan de sortie du conflit, a d\u00e9clar\u00e9 un haut responsable ukrainien sans donner davantage de pr\u00e9cisions.<\/p>\n<p class=\"fig-paragraph\">Cette derni\u00e8re version \u00abtient compte de la vision ukrainienne, c&rsquo;est une proposition plus pouss\u00e9e pour une solution ad\u00e9quate \u00e0 des questions probl\u00e9matiques\u00bb, a indiqu\u00e9 un second responsable ukrainien \u00e0 l&rsquo;AFP. \u00abNous ne divulguons pas les d\u00e9tails en attendant la r\u00e9action de la partie am\u00e9ricaine\u00bb, a ajout\u00e9 ce responsable.<\/p>\n<p>                                            <a class=\"fig-a11y-skip\" href=\"#fig-a11y-skip-main-inarticle\" data-module=\"a11y-skip\" data-context=\"was @visible\"><br \/>\n    Passer la publicit\u00e9<br \/>\n<\/a>            <\/p>\n<p>                                            Trois documents<\/p>\n<p class=\"fig-paragraph\">La proposition am\u00e9ricaine initiale pr\u00e9voyait notamment de c\u00e9der \u00e0 la\u00a0<a href=\"http:\/\/www.lefigaro.fr\/vox\/monde\/pierre-lellouche-russie-trump-ne-tombons-pas-dans-l-illusion-de-la-souverainete-europeenne-20251210\" target=\"_blank\" data-fig-type=\"Article\" rel=\"noopener\" data-gtm-custom-categorie=\"navigation\" data-gtm-custom-action=\"crossclick\" data-gtm-custom-label=\"Contextuel\" data-gtm-event=\"customEventSPE\" data-fig-domain=\"LEFIGARO\">Russie<\/a>\u00a0des territoires ukrainiens qu&rsquo;elle n&rsquo;a pas encore conquis, et a \u00e9t\u00e9 jug\u00e9e par Kiev et ses alli\u00e9s europ\u00e9ens comme particuli\u00e8rement favorable \u00e0 Moscou. Le pr\u00e9sident ukrainien Volodymyr Zelensky a confirm\u00e9 mardi que le plan avait \u00e9t\u00e9 divis\u00e9 en trois documents\u00a0: un accord-cadre en 20 points, un document sur la question des garanties de s\u00e9curit\u00e9 et un autre sur la reconstruction de l&rsquo;Ukraine apr\u00e8s la guerre.<\/p>\n<p class=\"fig-paragraph\">Volodymyr Zelensky a dit avoir tenu dans la journ\u00e9e de mercredi une r\u00e9union en visio-conf\u00e9rence avec l&rsquo;\u00e9missaire et gendre de Donald Trump Jared Kushner, le secr\u00e9taire am\u00e9ricain au Tr\u00e9sor Scott Bessent et le PDG de la compagnie BlackRock Larry Fink pour discuter de la reconstruction de l&rsquo;Ukraine. \u00abCela peut \u00eatre consid\u00e9r\u00e9 comme la premi\u00e8re r\u00e9union du groupe qui travaillera sur un document concernant la reconstruction et la reprise \u00e9conomique de l&rsquo;Ukraine\u00bb, a indiqu\u00e9 Volodymyr Zelensky dans un message publi\u00e9 sur les r\u00e9seaux sociaux. \u00abNous avons \u00e9galement actualis\u00e9 nos r\u00e9flexions sur les 20 points du document-cadre pour mettre fin \u00e0 la guerre. C&rsquo;est la s\u00e9curit\u00e9 globale qui d\u00e9terminera la s\u00e9curit\u00e9 \u00e9conomique et soutiendra un environnement des affaires s\u00fbr\u00bb, a-t-il ajout\u00e9.<\/p>\n","protected":false},"excerpt":{"rendered":"Cette version est cens\u00e9e r\u00e9pondre \u00e0 la proposition am\u00e9ricaine, qui pr\u00e9voyait de c\u00e9der \u00e0 la Russie des territoires&hellip;\n","protected":false},"author":2,"featured_media":591510,"comment_status":"","ping_status":"","sticky":false,"template":"","format":"standard","meta":{"footnotes":""},"categories":[1590],"tags":[11,1777,674,12,220,134],"class_list":{"0":"post-591509","1":"post","2":"type-post","3":"status-publish","4":"format-standard","5":"has-post-thumbnail","7":"category-ukraine","8":"tag-actualites","9":"tag-eu","10":"tag-europe","11":"tag-news","12":"tag-ukraine","13":"tag-volodymyr-zelensky"},"share_on_mastodon":{"url":"https:\/\/pubeurope.com\/@fr\/115697564185818211","error":""},"_links":{"self":[{"href":"https:\/\/www.europesays.com\/fr\/wp-json\/wp\/v2\/posts\/591509","targetHints":{"allow":["GET"]}}],"collection":[{"href":"https:\/\/www.europesays.com\/fr\/wp-json\/wp\/v2\/posts"}],"about":[{"href":"https:\/\/www.europesays.com\/fr\/wp-json\/wp\/v2\/types\/post"}],"author":[{"embeddable":true,"href":"https:\/\/www.europesays.com\/fr\/wp-json\/wp\/v2\/users\/2"}],"replies":[{"embeddable":true,"href":"https:\/\/www.europesays.com\/fr\/wp-json\/wp\/v2\/comments?post=591509"}],"version-history":[{"count":0,"href":"https:\/\/www.europesays.com\/fr\/wp-json\/wp\/v2\/posts\/591509\/revisions"}],"wp:featuredmedia":[{"embeddable":true,"href":"https:\/\/www.europesays.com\/fr\/wp-json\/wp\/v2\/media\/591510"}],"wp:attachment":[{"href":"https:\/\/www.europesays.com\/fr\/wp-json\/wp\/v2\/media?parent=591509"}],"wp:term":[{"taxonomy":"category","embeddable":true,"href":"https:\/\/www.europesays.com\/fr\/wp-json\/wp\/v2\/categories?post=591509"},{"taxonomy":"post_tag","embeddable":true,"href":"https:\/\/www.europesays.com\/fr\/wp-json\/wp\/v2\/tags?post=591509"}],"curies":[{"name":"wp","href":"https:\/\/api.w.org\/{rel}","templated":true}]}}