{"id":591517,"date":"2025-12-10T22:14:41","date_gmt":"2025-12-10T22:14:41","guid":{"rendered":"https:\/\/www.europesays.com\/fr\/591517\/"},"modified":"2025-12-10T22:14:41","modified_gmt":"2025-12-10T22:14:41","slug":"joyau-de-la-strategie-chinoise-en-europe-le-port-grec-du-piree-fait-lobjet-dun-bras-de-fer-avec-les-etats-unis","status":"publish","type":"post","link":"https:\/\/www.europesays.com\/fr\/591517\/","title":{"rendered":"\u00ab\u00a0Joyau de la strat\u00e9gie chinoise\u00a0\u00bb en Europe, le port grec du Pir\u00e9e fait l\u2019objet d\u2019un bras de fer avec les \u00c9tats-Unis"},"content":{"rendered":"<p>\n    <strong>D\u00c9CRYPTAGE<\/strong> &#8211; Les Am\u00e9ricains cherchent \u00e0 rivaliser avec les Chinois, dont l\u2019op\u00e9rateur Cosco g\u00e8re le premier port d\u2019Europe. La nouvelle ambassadrice des \u00c9tats-Unis a r\u00e9cemment dit vouloir \u00ab\u00a0renvoyer les Chinois de Gr\u00e8ce\u00a0\u00bb.<\/p>\n<p class=\"fig-paragraph\">Mardi 9\u00a0d\u00e9cembre, milieu de matin\u00e9e, le soleil p\u00e2le d\u2019hiver se refl\u00e8te sur les eaux du Pir\u00e9e. Perch\u00e9 au dernier \u00e9tage du minist\u00e8re de la Marine marchande, qui domine le premier port du pays et d\u2019Europe en termes de passagers (quatri\u00e8me en conteneurs), Vassilis Kikilias, le ministre grec accueille la nouvelle ambassadrice des\u00a0<a href=\"http:\/\/www.lefigaro.fr\/conjoncture\/la-grece-se-veut-la-nouvelle-plaque-tournante-du-gaz-naturel-liquefie-americain-en-europe-du-sud-20251106\" data-fig-type=\"Article\" data-gtm-custom-categorie=\"navigation\" data-gtm-custom-action=\"crossclick\" data-gtm-custom-label=\"Contextuel\" data-gtm-event=\"customEventSPE\" data-fig-domain=\"LEFIGARO\" target=\"_blank\" rel=\"noopener\">\u00c9tats-Unis<\/a>. Sit\u00f4t les salutations \u00e9chang\u00e9es,\u00a0<a href=\"http:\/\/www.lefigaro.fr\/international\/le-meilleur-choix-pour-la-grece-kimberly-guilfoyle-l-ambassadrice-americaine-qui-danse-le-sirtaki-20251107\" data-fig-type=\"Article\" data-gtm-custom-categorie=\"navigation\" data-gtm-custom-action=\"crossclick\" data-gtm-custom-label=\"Contextuel\" data-gtm-event=\"customEventSPE\" data-fig-domain=\"LEFIGARO\" target=\"_blank\" rel=\"noopener\">Kimberly Guilfoyle<\/a>\u00a0traverse le couloir, pousse la porte-fen\u00eatre et s\u2019avance sur le balcon. Devant elle, les docks, les porte-conteneurs, les grues g\u00e9antes qui s\u2019\u00e9tirent de mani\u00e8re tentaculaire jusqu\u2019\u00e0 la limite du golfe Saronique. La tr\u00e8s m\u00e9diatique diplomate esquisse un sourire, se retourne vers son h\u00f4te, puis dispara\u00eet avec lui dans le bureau voisin. La sc\u00e8ne, br\u00e8ve mais \u00e9loquente, r\u00e9sume l\u2019objectif qu\u2019elle mart\u00e8le depuis son arriv\u00e9e\u00a0: remettre en cause l\u2019ancrage chinois dans ce port mythique, c\u00e9l\u00e9br\u00e9 autrefois par Melina Mercouri, devenu un symbole des ambitions maritimes de P\u00e9kin en Europe.<\/p>\n<p class=\"fig-paragraph\">Il faut dire qu\u2019un\u00a0<a href=\"http:\/\/www.lefigaro.fr\/conjoncture\/chine-europe-mexique-donald-trump-va-t-il-declencher-une-nouvelle-guerre-commerciale-20241106\" data-fig-type=\"Article\" data-gtm-custom-categorie=\"navigation\" data-gtm-custom-action=\"crossclick\" data-gtm-custom-label=\"Contextuel\" data-gtm-event=\"customEventSPE\" data-fig-domain=\"LEFIGARO\" target=\"_blank\" rel=\"noopener\">bras\u2026<\/a><\/p>\n<p class=\"fig-premium-paywall__infos\">\n        Cet article est r\u00e9serv\u00e9 aux abonn\u00e9s.        Il vous reste 75% \u00e0 d\u00e9couvrir.\n    <\/p>\n<p>                <img  data- alt=\"Le Figaro\" class=\"fig-img--complete fig-img\"\/><\/p>\n<p class=\"fig-premium-paywall__title\">Vente Flash<\/p>\n<p class=\"fig-premium-paywall__subtitle\">-50% sur l&rsquo;abonnement num\u00e9rique<\/p>\n<p class=\"fig-premium-paywall__connect\">\n                D\u00e9j\u00e0 abonn\u00e9\u00a0?                <a class=\"fig-premium-paywall__connect-link\" href=\"https:\/\/connect.lefigaro.fr\/login?client=horizon_web&amp;type=main&amp;redirect_uri=https%3A%2F%2Fwww.lefigaro.fr%2Fconjoncture%2Fjoyau-de-la-strategie-chinoise-en-europe-le-port-grec-du-piree-fait-l-objet-d-un-bras-de-fer-avec-les-etats-unis-20251210\" data-js-gtm=\"{&quot;customCategorie&quot;: &quot;conversion&quot;, &quot;customAction&quot;: &quot;before_Landing_Connexion_paywall_auto&quot;, &quot;customLabel&quot;: &quot;bGVmaWdhcm8uZnJfXzFmMGQ1YjVkLTFiOTUtNjU5Mi05YzhmLWU3YzM0ZjM4YTgzM19fQXJ0aWNsZQ==_\u00ab\u00a0Joyau de la strat\u00e9gie chinoise\u00a0\u00bb en Europe, le port grec du Pir\u00e9e fait l\u2019objet d\u2019un bras de fer avec les \u00c9tats-Unis_22&quot;, &quot;customIDSPE&quot;: &quot;bGVmaWdhcm8uZnJfXzFmMGQ1YjVkLTFiOTUtNjU5Mi05YzhmLWU3YzM0ZjM4YTgzM19fQXJ0aWNsZQ==&quot;, &quot;event&quot;: &quot;customEventSPE&quot;}\" target=\"_blank\" rel=\"noopener\"><br \/>\n                    Connectez-vous<br \/>\n                <\/a>\n            <\/p>\n","protected":false},"excerpt":{"rendered":"D\u00c9CRYPTAGE &#8211; Les Am\u00e9ricains cherchent \u00e0 rivaliser avec les Chinois, dont l\u2019op\u00e9rateur Cosco g\u00e8re le premier port d\u2019Europe.&hellip;\n","protected":false},"author":2,"featured_media":591518,"comment_status":"","ping_status":"","sticky":false,"template":"","format":"standard","meta":{"footnotes":""},"categories":[1586],"tags":[11,1777,674,1011,27,8906,12,25],"class_list":{"0":"post-591517","1":"post","2":"type-post","3":"status-publish","4":"format-standard","5":"has-post-thumbnail","7":"category-europe","8":"tag-actualites","9":"tag-eu","10":"tag-europe","11":"tag-fr","12":"tag-france","13":"tag-grece","14":"tag-news","15":"tag-republique-francaise"},"share_on_mastodon":{"url":"https:\/\/pubeurope.com\/@fr\/115697579697008257","error":""},"_links":{"self":[{"href":"https:\/\/www.europesays.com\/fr\/wp-json\/wp\/v2\/posts\/591517","targetHints":{"allow":["GET"]}}],"collection":[{"href":"https:\/\/www.europesays.com\/fr\/wp-json\/wp\/v2\/posts"}],"about":[{"href":"https:\/\/www.europesays.com\/fr\/wp-json\/wp\/v2\/types\/post"}],"author":[{"embeddable":true,"href":"https:\/\/www.europesays.com\/fr\/wp-json\/wp\/v2\/users\/2"}],"replies":[{"embeddable":true,"href":"https:\/\/www.europesays.com\/fr\/wp-json\/wp\/v2\/comments?post=591517"}],"version-history":[{"count":0,"href":"https:\/\/www.europesays.com\/fr\/wp-json\/wp\/v2\/posts\/591517\/revisions"}],"wp:featuredmedia":[{"embeddable":true,"href":"https:\/\/www.europesays.com\/fr\/wp-json\/wp\/v2\/media\/591518"}],"wp:attachment":[{"href":"https:\/\/www.europesays.com\/fr\/wp-json\/wp\/v2\/media?parent=591517"}],"wp:term":[{"taxonomy":"category","embeddable":true,"href":"https:\/\/www.europesays.com\/fr\/wp-json\/wp\/v2\/categories?post=591517"},{"taxonomy":"post_tag","embeddable":true,"href":"https:\/\/www.europesays.com\/fr\/wp-json\/wp\/v2\/tags?post=591517"}],"curies":[{"name":"wp","href":"https:\/\/api.w.org\/{rel}","templated":true}]}}