{"id":591519,"date":"2025-12-10T22:16:31","date_gmt":"2025-12-10T22:16:31","guid":{"rendered":"https:\/\/www.europesays.com\/fr\/591519\/"},"modified":"2025-12-10T22:16:31","modified_gmt":"2025-12-10T22:16:31","slug":"lue-et-la-grande-bretagne-signent-un-accord-sur-les-droits-de-peche","status":"publish","type":"post","link":"https:\/\/www.europesays.com\/fr\/591519\/","title":{"rendered":"L\u2019UE et la Grande-Bretagne signent un accord sur les droits de p\u00eache"},"content":{"rendered":"<p class=\"paragraph text_align_left lp-f-body-02\">L\u2019Union europ\u00e9enne et la Grande-Bretagne ont conclu <a href=\"https:\/\/www.leparisien.fr\/economie\/brexit-la-peche-francaise-retient-son-souffle-avant-un-possible-accord-23-12-2020-8415850.php\" target=\"_blank\" rel=\"noreferrer noopener\">un accord sur les droits de p\u00eache<\/a> pour 2026, donnant aux p\u00eacheurs europ\u00e9ens un acc\u00e8s \u00e0 des prises d\u2019une valeur estim\u00e9e \u00e0 1,2\u00a0milliard d\u2019euros, a annonc\u00e9 mercredi la Commission europ\u00e9enne.<\/p>\n<p class=\"paragraph text_align_left lp-f-body-02\">\u00ab\u00a0Cet accord garantit que les flottes de l\u2019UE peuvent p\u00eacher jusqu\u2019\u00e0 288\u00a0000\u00a0tonnes, pour une valeur de plus de 1,2\u00a0milliard d\u2019euros\u00a0\u00bb, a pr\u00e9cis\u00e9 la Commission europ\u00e9enne dans un communiqu\u00e9.<\/p>\n<p class=\"paragraph text_align_left lp-f-body-02\">Le Royaume-Uni a indiqu\u00e9 de son c\u00f4t\u00e9 que cet accord, qui concerne \u00e9galement les relations de p\u00eache avec la Norv\u00e8ge, allait porter le total des possibilit\u00e9s de p\u00eache pour 2026 \u00ab \u00e0 plus de 520 000 tonnes \u00bb, pour une valeur de quelque 830 millions de livres (950 millions d\u2019euros), selon un communiqu\u00e9 du minist\u00e8re britannique de l\u2019Environnement et de l\u2019Alimentation.<\/p>\n<p>\u00ab Une approche \u00e9quilibr\u00e9e et durable \u00bb<\/p>\n<p class=\"paragraph text_align_left lp-f-body-02\">Pour la Commission europ\u00e9enne, cet accord rev\u00eat une \u00ab importance particuli\u00e8re, car les stocks concern\u00e9s repr\u00e9sentent l\u2019essentiel des ressources communes de l\u2019UE avec des pays tiers dans l\u2019Atlantique Nord-Est \u00bb.<\/p>\n<p class=\"paragraph text_align_left lp-f-body-02\">\u00ab Il s\u2019agit d\u2019une approche \u00e9quilibr\u00e9e et durable qui contribuera \u00e0 restaurer des stocks importants \u00e0 des niveaux sains et productifs, tout en offrant aux communaut\u00e9s de p\u00eache les opportunit\u00e9s dont elles ont besoin pour prosp\u00e9rer \u00bb, a jug\u00e9 la ministre britannique de la p\u00eache Angela Eagle.<\/p>\n<p class=\"paragraph text_align_left lp-f-body-02\">Selon Bruxelles, l\u2019UE et le Royaume-Uni ont men\u00e9 des n\u00e9gociations sur la base des \u00ab meilleures donn\u00e9es scientifiques disponibles concernant l\u2019\u00e9tat des stocks halieutiques \u00bb, mais il sont aussi pris en compte la situation \u00e9conomique \u00ab afin d\u2019\u00e9viter des situations de blocage susceptibles d\u2019entra\u00eener la fermeture anticip\u00e9e de certaines p\u00eacheries \u00bb.<\/p>\n<p class=\"paragraph text_align_left lp-f-body-02\">Les ministres de la p\u00eache de l\u2019UE doivent se retrouver jeudi et vendredi pour en discuter, en vue d\u2019une d\u00e9cision globale sur les quotas de p\u00eache pour l\u2019an prochain, notamment pour le maquereau, sujet sensible pour certains pays, dont la France. \u00ab La trajectoire du stock est alarmante et les scientifiques recommandent de baisser drastiquement le quota de 70 %, c\u2019est \u00e9norme \u00bb, a ainsi relev\u00e9 la ministre fran\u00e7aise de la p\u00eache Catherine Chabaud.<\/p>\n","protected":false},"excerpt":{"rendered":"L\u2019Union europ\u00e9enne et la Grande-Bretagne ont conclu un accord sur les droits de p\u00eache pour 2026, donnant aux&hellip;\n","protected":false},"author":2,"featured_media":591520,"comment_status":"","ping_status":"","sticky":false,"template":"","format":"standard","meta":{"footnotes":""},"categories":[1586],"tags":[11,1777,674,1779,1011,27,14,12,25,1778,364],"class_list":{"0":"post-591519","1":"post","2":"type-post","3":"status-publish","4":"format-standard","5":"has-post-thumbnail","7":"category-europe","8":"tag-actualites","9":"tag-eu","10":"tag-europe","11":"tag-european-union","12":"tag-fr","13":"tag-france","14":"tag-international","15":"tag-news","16":"tag-republique-francaise","17":"tag-ue","18":"tag-union-europeenne"},"share_on_mastodon":{"url":"https:\/\/pubeurope.com\/@fr\/115697587526793818","error":""},"_links":{"self":[{"href":"https:\/\/www.europesays.com\/fr\/wp-json\/wp\/v2\/posts\/591519","targetHints":{"allow":["GET"]}}],"collection":[{"href":"https:\/\/www.europesays.com\/fr\/wp-json\/wp\/v2\/posts"}],"about":[{"href":"https:\/\/www.europesays.com\/fr\/wp-json\/wp\/v2\/types\/post"}],"author":[{"embeddable":true,"href":"https:\/\/www.europesays.com\/fr\/wp-json\/wp\/v2\/users\/2"}],"replies":[{"embeddable":true,"href":"https:\/\/www.europesays.com\/fr\/wp-json\/wp\/v2\/comments?post=591519"}],"version-history":[{"count":0,"href":"https:\/\/www.europesays.com\/fr\/wp-json\/wp\/v2\/posts\/591519\/revisions"}],"wp:featuredmedia":[{"embeddable":true,"href":"https:\/\/www.europesays.com\/fr\/wp-json\/wp\/v2\/media\/591520"}],"wp:attachment":[{"href":"https:\/\/www.europesays.com\/fr\/wp-json\/wp\/v2\/media?parent=591519"}],"wp:term":[{"taxonomy":"category","embeddable":true,"href":"https:\/\/www.europesays.com\/fr\/wp-json\/wp\/v2\/categories?post=591519"},{"taxonomy":"post_tag","embeddable":true,"href":"https:\/\/www.europesays.com\/fr\/wp-json\/wp\/v2\/tags?post=591519"}],"curies":[{"name":"wp","href":"https:\/\/api.w.org\/{rel}","templated":true}]}}