{"id":591523,"date":"2025-12-10T22:20:26","date_gmt":"2025-12-10T22:20:26","guid":{"rendered":"https:\/\/www.europesays.com\/fr\/591523\/"},"modified":"2025-12-10T22:20:26","modified_gmt":"2025-12-10T22:20:26","slug":"larmee-allemande-passe-une-commande-geante-pour-1-milliard-deuros-de-jumelles-de-vision-nocturne","status":"publish","type":"post","link":"https:\/\/www.europesays.com\/fr\/591523\/","title":{"rendered":"L&rsquo;arm\u00e9e allemande passe une commande g\u00e9ante pour 1 milliard d\u2019euros de jumelles de vision nocturne"},"content":{"rendered":"<p>\n    Il s\u2019agit du \u00abmarch\u00e9 le plus important en lunettes \u00e0 vision nocturne dans l\u2019histoire d\u2019un membre de l\u2019Otan\u00bb, selon le fabricant Theon.<\/p>\n<p class=\"fig-paragraph\">L\u2019industrie militaire europ\u00e9enne est au beau fixe. Un contrat d&rsquo;environ 1 milliard d&rsquo;euros pour la fourniture de 100.000 jumelles de vision nocturne aux\u00a0<a href=\"http:\/\/www.lefigaro.fr\/international\/l-armee-allemande-annonce-s-etre-fait-voler-un-chargement-de-munitions-20-000-cartouches-ont-disparu-20251202\" data-fig-type=\"NewsFlash\" data-gtm-custom-categorie=\"navigation\" data-gtm-custom-action=\"crossclick\" data-gtm-custom-label=\"Contextuel\" data-gtm-event=\"customEventSPE\" data-fig-domain=\"LEFIGARO\" target=\"_blank\" rel=\"noopener\">forces arm\u00e9es allemandes<\/a>, a \u00e9t\u00e9 annonc\u00e9 mercredi entre le consortium Theon\/Hensoldt et l&rsquo;organisme europ\u00e9en de coop\u00e9ration en mati\u00e8re d&rsquo;armement (Occar), ont annonc\u00e9 les groupes Theon et Exosens. \u00abIl s&rsquo;agit du contrat probablement le plus important jamais conclu dans l&rsquo;histoire de la\u00a0<a href=\"http:\/\/www.lefigaro.fr\/international\/sur-terre-en-mer-dans-les-airs-que-peserait-une-armee-europeenne-face-a-la-russie-20251128\" data-fig-type=\"Article\" data-gtm-custom-categorie=\"navigation\" data-gtm-custom-action=\"crossclick\" data-gtm-custom-label=\"Contextuel\" data-gtm-event=\"customEventSPE\" data-fig-domain=\"LEFIGARO\" target=\"_blank\" rel=\"noopener\">technologie de vision nocturne<\/a> \u00bb, indique dans un communiqu\u00e9 le fran\u00e7ais Exosens (ex-Photonis Group), sp\u00e9cialiste des technologies d&rsquo;intensification de lumi\u00e8re.<\/p>\n<p>                                            \u00abTournant d\u00e9cisif pour l\u2019Europe\u00bb<\/p>\n<p class=\"fig-paragraph\">Il s&rsquo;agit du \u00abmarch\u00e9 le plus important en lunettes \u00e0 vision nocturne dans l&rsquo;histoire d&rsquo;un membre de l&rsquo;Otan\u00bb, ajoute Theon dans un communiqu\u00e9 s\u00e9par\u00e9, qui pr\u00e9cise que ce contrat est \u00e9valu\u00e9 \u00e0 \u00abenviron un milliard d&rsquo;euros\u00bb. Il impliquera la fourniture de 200.000 tubes fabriqu\u00e9s par Exosens pour une valeur de plus de 500 millions d&rsquo;euros, indique-t-il. Ces tubes serviront \u00e0 fabriquer des jumelles produites par la soci\u00e9t\u00e9 Theon.<\/p>\n<p>                                            <a class=\"fig-a11y-skip\" href=\"#fig-a11y-skip-main-inarticle\" data-module=\"a11y-skip\" data-context=\"was @visible\"><br \/>\n    Passer la publicit\u00e9<br \/>\n<\/a>            <\/p>\n<p class=\"fig-paragraph\">Ce contrat inclut \u00e9galement 4.000 dispositifs (soit 8.000 tubes) \u00e0 destination des forces arm\u00e9es belges. Pour Exosens, \u00abil marque un tournant d\u00e9cisif pour l&rsquo;Europe, qui s&rsquo;impose d\u00e9sormais comme un leader technologique aux c\u00f4t\u00e9s des \u00c9tats-Unis dans ce domaine\u00bb de la vision nocturne.<\/p>\n","protected":false},"excerpt":{"rendered":"Il s\u2019agit du \u00abmarch\u00e9 le plus important en lunettes \u00e0 vision nocturne dans l\u2019histoire d\u2019un membre de l\u2019Otan\u00bb,&hellip;\n","protected":false},"author":2,"featured_media":591524,"comment_status":"","ping_status":"","sticky":false,"template":"","format":"standard","meta":{"footnotes":""},"categories":[2],"tags":[11,1813,554,1011,27,12,25],"class_list":{"0":"post-591523","1":"post","2":"type-post","3":"status-publish","4":"format-standard","5":"has-post-thumbnail","7":"category-actualites","8":"tag-actualites","9":"tag-armee","10":"tag-defense","11":"tag-fr","12":"tag-france","13":"tag-news","14":"tag-republique-francaise"},"share_on_mastodon":{"url":"https:\/\/pubeurope.com\/@fr\/115697603430031936","error":""},"_links":{"self":[{"href":"https:\/\/www.europesays.com\/fr\/wp-json\/wp\/v2\/posts\/591523","targetHints":{"allow":["GET"]}}],"collection":[{"href":"https:\/\/www.europesays.com\/fr\/wp-json\/wp\/v2\/posts"}],"about":[{"href":"https:\/\/www.europesays.com\/fr\/wp-json\/wp\/v2\/types\/post"}],"author":[{"embeddable":true,"href":"https:\/\/www.europesays.com\/fr\/wp-json\/wp\/v2\/users\/2"}],"replies":[{"embeddable":true,"href":"https:\/\/www.europesays.com\/fr\/wp-json\/wp\/v2\/comments?post=591523"}],"version-history":[{"count":0,"href":"https:\/\/www.europesays.com\/fr\/wp-json\/wp\/v2\/posts\/591523\/revisions"}],"wp:featuredmedia":[{"embeddable":true,"href":"https:\/\/www.europesays.com\/fr\/wp-json\/wp\/v2\/media\/591524"}],"wp:attachment":[{"href":"https:\/\/www.europesays.com\/fr\/wp-json\/wp\/v2\/media?parent=591523"}],"wp:term":[{"taxonomy":"category","embeddable":true,"href":"https:\/\/www.europesays.com\/fr\/wp-json\/wp\/v2\/categories?post=591523"},{"taxonomy":"post_tag","embeddable":true,"href":"https:\/\/www.europesays.com\/fr\/wp-json\/wp\/v2\/tags?post=591523"}],"curies":[{"name":"wp","href":"https:\/\/api.w.org\/{rel}","templated":true}]}}