{"id":591527,"date":"2025-12-10T22:24:15","date_gmt":"2025-12-10T22:24:15","guid":{"rendered":"https:\/\/www.europesays.com\/fr\/591527\/"},"modified":"2025-12-10T22:24:15","modified_gmt":"2025-12-10T22:24:15","slug":"kinshasa-accueillera-la-can-de-volleyball-messieurs-2026","status":"publish","type":"post","link":"https:\/\/www.europesays.com\/fr\/591527\/","title":{"rendered":"Kinshasa accueillera la CAN de Volleyball messieurs 2026"},"content":{"rendered":"<p><img decoding=\"async\" class=\"gem_picasa_caption big_wrapper_class\" src=\"https:\/\/www.europesays.com\/fr\/wp-content\/uploads\/2025\/12\/20250822132038129252_VC_Aigle.jpg\" title=\"Vue du match VC Les Aigles du Congo contre VC ECOVO, jeudi 21 aout 2025, comptant pour la 2e journ\u00e9e de la XXIe \u00e9dition de la Coupe du Congo de volleyball, au Gymnase de la PNC, \u00e0 Kinshasa.&lt;br \/&gt;Radio Okapi\/Ph. Vanessa Nkongolo.\"\/><\/p>\n<p><strong>La R\u00e9publique d\u00e9mocratique du Congo, (RDC) accueillera le Championnat d\u2019Afrique des Nations de Volleyball messieurs 2026, pr\u00e9vu du 10 au 15 septembre 2026 \u00e0 Kinshasa. La Conf\u00e9d\u00e9ration africaine de volleyball (CAVB) a confirm\u00e9, dans une correspondance dat\u00e9e du 2 d\u00e9cembre et parvenue \u00e0 Radio Okapi ce mercredi, l\u2019attribution officielle de l\u2019organisation \u00e0 la F\u00e9d\u00e9ration de volleyball du Congo (FEVOCO). Une annonce qui marque une \u00e9tape majeure pour le volleyball congolais.<\/strong><\/p>\n<p>Dans sa correspondance, la CAVB a indiqu\u00e9 qu\u2019une mission d\u2019inspection des infrastructures retenues se d\u00e9roulera le 15 janvier 2026 \u00e0 Kinshasa. Les experts \u00e9valueront les installations sportives, logistiques et techniques afin de v\u00e9rifier leur conformit\u00e9 aux standards internationaux, condition essentielle avant le lancement officiel de la comp\u00e9tition.<\/p>\n<p>Face \u00e0 l\u2019importance de ce rendez-vous continental, la FEVOCO, par la voix de son pr\u00e9sident Christian Matata, a annonc\u00e9 avoir entam\u00e9 imm\u00e9diatement les pr\u00e9paratifs. Elle mobilise les membres des futures commissions organisationnelles afin qu\u2019ils mettent leur expertise au service de la discipline pour garantir la r\u00e9ussite de cet \u00e9v\u00e9nement historique, qui devra faire rayonner non seulement la F\u00e9d\u00e9ration, mais aussi toute la RDC.<\/p>\n<p>\u00a0<\/p>\n","protected":false},"excerpt":{"rendered":"La R\u00e9publique d\u00e9mocratique du Congo, (RDC) accueillera le Championnat d\u2019Afrique des Nations de Volleyball messieurs 2026, pr\u00e9vu du&hellip;\n","protected":false},"author":2,"featured_media":591528,"comment_status":"","ping_status":"","sticky":false,"template":"","format":"standard","meta":{"footnotes":""},"categories":[1417],"tags":[1011,27,60,1470,1469],"class_list":{"0":"post-591527","1":"post","2":"type-post","3":"status-publish","4":"format-standard","5":"has-post-thumbnail","7":"category-volley","8":"tag-fr","9":"tag-france","10":"tag-sports","11":"tag-volley","12":"tag-volleyball"},"share_on_mastodon":{"url":"https:\/\/pubeurope.com\/@fr\/115697620045791604","error":""},"_links":{"self":[{"href":"https:\/\/www.europesays.com\/fr\/wp-json\/wp\/v2\/posts\/591527","targetHints":{"allow":["GET"]}}],"collection":[{"href":"https:\/\/www.europesays.com\/fr\/wp-json\/wp\/v2\/posts"}],"about":[{"href":"https:\/\/www.europesays.com\/fr\/wp-json\/wp\/v2\/types\/post"}],"author":[{"embeddable":true,"href":"https:\/\/www.europesays.com\/fr\/wp-json\/wp\/v2\/users\/2"}],"replies":[{"embeddable":true,"href":"https:\/\/www.europesays.com\/fr\/wp-json\/wp\/v2\/comments?post=591527"}],"version-history":[{"count":0,"href":"https:\/\/www.europesays.com\/fr\/wp-json\/wp\/v2\/posts\/591527\/revisions"}],"wp:featuredmedia":[{"embeddable":true,"href":"https:\/\/www.europesays.com\/fr\/wp-json\/wp\/v2\/media\/591528"}],"wp:attachment":[{"href":"https:\/\/www.europesays.com\/fr\/wp-json\/wp\/v2\/media?parent=591527"}],"wp:term":[{"taxonomy":"category","embeddable":true,"href":"https:\/\/www.europesays.com\/fr\/wp-json\/wp\/v2\/categories?post=591527"},{"taxonomy":"post_tag","embeddable":true,"href":"https:\/\/www.europesays.com\/fr\/wp-json\/wp\/v2\/tags?post=591527"}],"curies":[{"name":"wp","href":"https:\/\/api.w.org\/{rel}","templated":true}]}}