{"id":591529,"date":"2025-12-10T22:25:13","date_gmt":"2025-12-10T22:25:13","guid":{"rendered":"https:\/\/www.europesays.com\/fr\/591529\/"},"modified":"2025-12-10T22:25:13","modified_gmt":"2025-12-10T22:25:13","slug":"challenge-cup-il-faut-retrouver-notre-rugby-assure-johan-snyman-avant-la-reception-des-ospreys","status":"publish","type":"post","link":"https:\/\/www.europesays.com\/fr\/591529\/","title":{"rendered":"Challenge Cup \u2013 \u00ab\u00a0Il faut retrouver notre rugby\u00a0\u00bb assure Johan Snyman avant la r\u00e9ception des Ospreys"},"content":{"rendered":"<p>\n                Apr\u00e8s la lourde d\u00e9faite sur la pelouse de Parme pour leur entr\u00e9e en lice en Challenge Cup (41-17), les Montalbanais auront \u00e0 c\u0153ur de se racheter \u00e0 Sapiac ce week-end (samedi, 16h15). Face aux Ospreys, Johan Snyman, entra\u00eeneur des avants, attend des siens qu\u2019ils reprennent confiance en leur rugby.\n            <\/p>\n<p><strong>Quelle analyse faites-vous de <a href=\"https:\/\/www.rugbyrama.fr\/resultats\/rugby\/challenge-cup\/phase-de-poules\/poule-1\/rencontre\/55453\/zebre-parma-montauban\" target=\"_self\" rel=\"noopener\">cette\u00a0d\u00e9faite en Italie<\/a>\u00a0?<\/strong><\/p>\n<p>On avait bien pr\u00e9par\u00e9 ce match. On est all\u00e9 en Italie avec de l\u2019envie et des ambitions. Il y a des moments o\u00f9 nous sommes dans le match mais on ne s\u2019est pas assez concentr\u00e9s sur des choses simples. Ce n\u2019est pas la faute d\u2019un joueur en particulier, collectivement, nous n\u2019\u00e9tions pas au niveau.<\/p>\n<p><strong>Pourquoi\u00a0?<\/strong><\/p>\n<p>Malheureusement je ne sais pas exactement sinon je serais entra\u00eeneur de l\u2019\u00e9quipe nationale (rires). S\u00e9rieusement, il y a plusieurs raisons. On ne veut pas se chercher des excuses. On est pass\u00e9 \u00e0 c\u00f4t\u00e9. Il faut rester calme et travailler.<\/p>\n<p><strong>\u00c0 quoi vous attendez-vous samedi face aux Gallois\u00a0?<\/strong><\/p>\n<p>C\u2019est une \u00e9quipe que je connais bien. J\u2019ai eu la chance de souvent jouer contre les Ospreys quand je jouais avec les Scarlets. C\u2019est une tr\u00e8s belle \u00e9quipe, devant comme derri\u00e8re. Ils ont des ambitions. Ils veulent montrer qu\u2019ils sont capables de bien figurer dans cette comp\u00e9tition. En ce moment c\u2019est compliqu\u00e9 pour le rugby gallois mais mentalement ils sont tr\u00e8s forts.<\/p>\n<p><strong>Cette \u00e9quipe est-elle sup\u00e9rieure \u00e0 celle de Parme\u00a0?<\/strong><\/p>\n<p>Non. Ils sont diff\u00e9rents. Il y a beaucoup de passion et une belle \u00e9volution au cours de ces derni\u00e8res ann\u00e9es. Ils ont battu de grosses \u00e9quipes ces douze derniers mois mais je ne peux pas dire qu\u2019ils sont meilleurs que l\u2019\u00e9quipe que nous avons affront\u00e9e le week-end dernier.<\/p>\n<p><strong>Quel est l\u2019objectif samedi\u00a0?<\/strong><\/p>\n<p>Retrouver le jeu que nous avons r\u00e9ussi \u00e0 produire depuis le d\u00e9but de la saison \u00e0 Sapiac. Malgr\u00e9 les d\u00e9faites, on a vu de bonnes choses. On est sur la bonne voie. Il faut retrouver notre rugby et ce dont on est capable.<\/p>\n<p><strong>Ces matchs \u00ab\u00a0europ\u00e9ens\u00a0\u00bb peuvent aussi vous permettre de tenter d\u2019autres choses\u00a0?<\/strong><\/p>\n<p>Bien s\u00fbr\u00a0! On ne l\u00e2che aucun match mais on a donn\u00e9 des chances \u00e0 des joueurs qui avaient moins de temps de jeu. Cela fait partie aussi de notre boulot.<\/p>\n<p><strong>Pensez-vous \u00e0 la <a href=\"https:\/\/www.rugbyrama.fr\/resultats\/rugby\/challenge-cup\/classements\" target=\"_self\" rel=\"noopener\">qualification en Challenge Cup<\/a>\u00a0?<\/strong><\/p>\n<p>Oui, ce n\u2019est pas termin\u00e9. On a fait qu\u2019un seul match sur quatre. Cette comp\u00e9tition compte pour nous. C\u2019est \u00e9norme d\u2019avoir la chance de pouvoir la jouer.<\/p>\n<p><strong>Les jeunes joueurs pr\u00e9sents la semaine pass\u00e9e ont-ils donn\u00e9 satisfaction\u00a0?<\/strong><\/p>\n<p>Oui\u00a0! Apr\u00e8s, c\u2019est toujours difficile quand on prend 40 points mais personne n\u2019est compl\u00e8tement pass\u00e9 \u00e0 c\u00f4t\u00e9 de son match. On va leur redonner des chances.<\/p>\n","protected":false},"excerpt":{"rendered":"Apr\u00e8s la lourde d\u00e9faite sur la pelouse de Parme pour leur entr\u00e9e en lice en Challenge Cup (41-17),&hellip;\n","protected":false},"author":2,"featured_media":591530,"comment_status":"","ping_status":"","sticky":false,"template":"","format":"standard","meta":{"footnotes":""},"categories":[1416],"tags":[69590,1011,27,479,1468,68796,60],"class_list":{"0":"post-591529","1":"post","2":"type-post","3":"status-publish","4":"format-standard","5":"has-post-thumbnail","7":"category-rugby","8":"tag-epcr-challenge-cup","9":"tag-fr","10":"tag-france","11":"tag-rugby","12":"tag-rugby-football","13":"tag-rugby-u00e0-xv","14":"tag-sports"},"share_on_mastodon":{"url":"https:\/\/pubeurope.com\/@fr\/115697623033499741","error":""},"_links":{"self":[{"href":"https:\/\/www.europesays.com\/fr\/wp-json\/wp\/v2\/posts\/591529","targetHints":{"allow":["GET"]}}],"collection":[{"href":"https:\/\/www.europesays.com\/fr\/wp-json\/wp\/v2\/posts"}],"about":[{"href":"https:\/\/www.europesays.com\/fr\/wp-json\/wp\/v2\/types\/post"}],"author":[{"embeddable":true,"href":"https:\/\/www.europesays.com\/fr\/wp-json\/wp\/v2\/users\/2"}],"replies":[{"embeddable":true,"href":"https:\/\/www.europesays.com\/fr\/wp-json\/wp\/v2\/comments?post=591529"}],"version-history":[{"count":0,"href":"https:\/\/www.europesays.com\/fr\/wp-json\/wp\/v2\/posts\/591529\/revisions"}],"wp:featuredmedia":[{"embeddable":true,"href":"https:\/\/www.europesays.com\/fr\/wp-json\/wp\/v2\/media\/591530"}],"wp:attachment":[{"href":"https:\/\/www.europesays.com\/fr\/wp-json\/wp\/v2\/media?parent=591529"}],"wp:term":[{"taxonomy":"category","embeddable":true,"href":"https:\/\/www.europesays.com\/fr\/wp-json\/wp\/v2\/categories?post=591529"},{"taxonomy":"post_tag","embeddable":true,"href":"https:\/\/www.europesays.com\/fr\/wp-json\/wp\/v2\/tags?post=591529"}],"curies":[{"name":"wp","href":"https:\/\/api.w.org\/{rel}","templated":true}]}}