{"id":591532,"date":"2025-12-10T22:30:31","date_gmt":"2025-12-10T22:30:31","guid":{"rendered":"https:\/\/www.europesays.com\/fr\/591532\/"},"modified":"2025-12-10T22:30:31","modified_gmt":"2025-12-10T22:30:31","slug":"dorian-carreau-change-de-club-actualite","status":"publish","type":"post","link":"https:\/\/www.europesays.com\/fr\/591532\/","title":{"rendered":"Dorian Carreau change de club &#8211; Actualit\u00e9"},"content":{"rendered":"<p>                                                                    <img decoding=\"async\" src=\"https:\/\/www.europesays.com\/fr\/wp-content\/uploads\/2025\/12\/6939c6901e796.jpg\" height=\"auto\" loading=\"lazy\"\/><br \/>\n                                                                    Cr\u00e9dit photo Zo\u00e9 Soullard \/ DirectVelo<\/p>\n<p class=\"images-caption\">Cr\u00e9dit photo Zo\u00e9 Soullard \/ DirectVelo<\/p>\n<p class=\"metadata\">\n            Par<br \/>\n        <strong class=\"text-black\">    <a href=\"https:\/\/www.directvelo.com\/auteur\/2\/nicolas-gachet\" class=\"hover-underline\" rel=\"author noopener\" target=\"_blank\">NICOLAS GACHET<\/a><br \/>\n<\/strong><br \/>\n                    <br \/>Le<br \/>\n    10 d\u00e9cembre 2025, 20:15<\/p>\n<p style=\"text-align: justify;\"><strong><a href=\"https:\/\/www.directvelo.com\/coureur\/22511\/dorian-carreau\" target=\"_blank\" rel=\"noopener\">Dorian Carreau<\/a>\u00a0<\/strong>va quitter le GSC Blagnac VS 31 apr\u00e8s deux saisons. Il s&rsquo;est engag\u00e9 avec B\u00e9ziers M\u00e9diterran\u00e9e Cyclisme pour 2026.<\/p>\n<p style=\"text-align: justify;\">Le coureur de 25 ans a remport\u00e9 cette ann\u00e9e la Nocturne de Castres. Il s&rsquo;est aussi class\u00e9 2e de la Nocturne de Lourdes, 6e de la Nocturne de Mussidan, 11e du Grand Prix Cycliste de Goujounac, 12e du Souvenir Duilio Pregno et 15e du Contre-la-Montre du Rouillacais.<\/p>\n<p>Retrouvez toutes les\u00a0mutations de l&rsquo;intersaison 2024-2025<strong>\u00a0<a href=\"https:\/\/www.directvelo.com\/mutations\/2024#teams-pro\" target=\"_blank\" rel=\"noopener\">en cliquant ici<\/a>.<\/strong><\/p>\n<p>            En savoir plus : coureurs et \u00e9quipes associ\u00e9s<\/p>\n<p>                Coureurs<\/p>\n<p>                    <img decoding=\"async\" src=\"https:\/\/www.europesays.com\/fr\/wp-content\/uploads\/2025\/12\/67d4508d2bf84.jpg\" height=\"auto\" loading=\"lazy\"\/><\/p>\n<p>                            Portrait de Dorian CARREAU<\/p>\n<p>                \u00c9quipes<\/p>\n","protected":false},"excerpt":{"rendered":"Cr\u00e9dit photo Zo\u00e9 Soullard \/ DirectVelo Cr\u00e9dit photo Zo\u00e9 Soullard \/ DirectVelo Par NICOLAS GACHET Le 10 d\u00e9cembre&hellip;\n","protected":false},"author":2,"featured_media":591533,"comment_status":"","ping_status":"","sticky":false,"template":"","format":"standard","meta":{"footnotes":""},"categories":[1411],"tags":[834,828,836,829,837,827,83,826,824,823,1154,207,814,817,815,816,822,821,832,211,839,1011,27,820,818,819,835,831,830,833,838,60,212,208,825],"class_list":{"0":"post-591532","1":"post","2":"type-post","3":"status-publish","4":"format-standard","5":"has-post-thumbnail","7":"category-cyclisme","8":"tag-attaque","9":"tag-belgique","10":"tag-braquet","11":"tag-bretagne","12":"tag-chute","13":"tag-competition","14":"tag-coupe-de-france","15":"tag-coureur","16":"tag-course-cyclisme","17":"tag-course-cycliste","18":"tag-cycling","19":"tag-cyclisme","20":"tag-direct","21":"tag-direct-velo","22":"tag-directvelo","23":"tag-directvelo-com","24":"tag-epreuve","25":"tag-epreuve-cycliste","26":"tag-federation-francaise-de-cyclisme","27":"tag-ffc","28":"tag-flandres","29":"tag-fr","30":"tag-france","31":"tag-live","32":"tag-live-course","33":"tag-live-epreuve","34":"tag-peloton","35":"tag-radio-peloton","36":"tag-radio-tour","37":"tag-ravitaillement","38":"tag-relance","39":"tag-sports","40":"tag-uci","41":"tag-velo","42":"tag-velos"},"share_on_mastodon":{"url":"https:\/\/pubeurope.com\/@fr\/115697644254431690","error":""},"_links":{"self":[{"href":"https:\/\/www.europesays.com\/fr\/wp-json\/wp\/v2\/posts\/591532","targetHints":{"allow":["GET"]}}],"collection":[{"href":"https:\/\/www.europesays.com\/fr\/wp-json\/wp\/v2\/posts"}],"about":[{"href":"https:\/\/www.europesays.com\/fr\/wp-json\/wp\/v2\/types\/post"}],"author":[{"embeddable":true,"href":"https:\/\/www.europesays.com\/fr\/wp-json\/wp\/v2\/users\/2"}],"replies":[{"embeddable":true,"href":"https:\/\/www.europesays.com\/fr\/wp-json\/wp\/v2\/comments?post=591532"}],"version-history":[{"count":0,"href":"https:\/\/www.europesays.com\/fr\/wp-json\/wp\/v2\/posts\/591532\/revisions"}],"wp:featuredmedia":[{"embeddable":true,"href":"https:\/\/www.europesays.com\/fr\/wp-json\/wp\/v2\/media\/591533"}],"wp:attachment":[{"href":"https:\/\/www.europesays.com\/fr\/wp-json\/wp\/v2\/media?parent=591532"}],"wp:term":[{"taxonomy":"category","embeddable":true,"href":"https:\/\/www.europesays.com\/fr\/wp-json\/wp\/v2\/categories?post=591532"},{"taxonomy":"post_tag","embeddable":true,"href":"https:\/\/www.europesays.com\/fr\/wp-json\/wp\/v2\/tags?post=591532"}],"curies":[{"name":"wp","href":"https:\/\/api.w.org\/{rel}","templated":true}]}}