{"id":591536,"date":"2025-12-10T22:33:18","date_gmt":"2025-12-10T22:33:18","guid":{"rendered":"https:\/\/www.europesays.com\/fr\/591536\/"},"modified":"2025-12-10T22:33:18","modified_gmt":"2025-12-10T22:33:18","slug":"olivier-minne-recupere-une-ancienne-emission-de-cyril-hanouna","status":"publish","type":"post","link":"https:\/\/www.europesays.com\/fr\/591536\/","title":{"rendered":"Olivier Minne r\u00e9cup\u00e8re une ancienne \u00e9mission de Cyril Hanouna"},"content":{"rendered":"<p>RTL s&rsquo;appr\u00eate \u00e0 c\u00e9l\u00e9brer les f\u00eates de fin d&rsquo;ann\u00e9e comme il se doit. La station de radio va (re)lancer plusieurs \u00e9missions le temps de la tr\u00eave des confiseurs afin de conserver ses belles audiences. <\/p>\n<p>Durant de nombreuses ann\u00e9es, Olivier Minne \u00e9tait l&rsquo;un des animateurs incontournables de France T\u00e9l\u00e9visions. En pr\u00e9sentant notamment Fort Boyard, il avait r\u00e9ussi \u00e0 se faire une place sur le service public. Mais apr\u00e8s trois d\u00e9cennies de bons et loyaux services, <a href=\"https:\/\/www.programme-tv.net\/news\/people\/386190-ce-serait-marrant-olivier-minne-ne-ferme-pas-la-porte-a-un-retour-en-tant-quanimateur-sur-fort-boyard-a-quelques-jours-de-sa-derniere-sur-france-2\/\" data-api-deeplink=\"teleloisirs:\/\/news\/386190\" target=\"_blank\" rel=\"noopener\">Olivier Minne a fait ses adieux \u00e0 France 2 l&rsquo;\u00e9t\u00e9 dernier<\/a> pour rejoindre le groupe M6. Profitant de cette nouvelle fen\u00eatre d&rsquo;exposition, il a fait ses premiers pas \u00e0 l&rsquo;animation du <a href=\"https:\/\/www.programme-tv.net\/news\/tv\/392814-elle-a-eu-des-mots-tres-tendres-pour-moi-olivier-minne-devoile-ce-que-laurence-boccolini-lui-a-dit-avant-qu-il-reprenne-le-maillon-faible\/\" data-api-deeplink=\"teleloisirs:\/\/news\/392814\" target=\"_blank\" rel=\"noopener\">Maillon faible<\/a> et les audiences ont suivi. En plus de ce programme autrefois anim\u00e9 par <a href=\"https:\/\/www.programme-tv.net\/biographie\/2112-boccolini-laurence\/\" data-link-people=\"d169a0bd-d0d8-4e52-8b38-d2af2a017074\" target=\"_blank\" rel=\"noopener\">Laurence Boccolini<\/a>, <a href=\"https:\/\/www.programme-tv.net\/news\/tv\/393234-pandore-voici-la-date-de-diffusion-du-nouveau-jeu-anime-par-olivier-minne-sur-m6\/\" data-api-deeplink=\"teleloisirs:\/\/news\/393234\" target=\"_blank\" rel=\"noopener\">Olivier Minne pr\u00e9sentera dans quelques jours Pandore<\/a>, un nouveau jeu qui sera diffus\u00e9 en prime time sur M6. Le principe est simple : il met en comp\u00e9tition douze candidats anonymes app\u00e2t\u00e9s par un gain pouvant aller jusqu&rsquo;\u00e0 100 000 euros. Pour \u00e9chapper \u00e0 l&rsquo;\u00e9limination, les candidats devront se plier \u00e0 des \u00e9preuves en tout genres, bas\u00e9s sur des mythes grecs afin de remporter la bo\u00eete de Pandore et \u00e9changer leur nom contre celui d&rsquo;un opposant. Mais cette d\u00e9cision peut avoir de lourdes cons\u00e9quences sur l&rsquo;ensemble des candidats&#8230;<\/p>\n<p>En plus du Maillon faible et de Pandore, Olivier Minne sera \u00e0 la t\u00eate d&rsquo;un nouveau programme, cette fois sur RTL. Selon les informations du <a href=\"https:\/\/www.leparisien.fr\/culture-loisirs\/tv\/rtl-louane-animatrice-et-amelie-nothomb-chroniqueuse-pour-noel-10-12-2025-Q5BWN7A5FNBZZKWHAT4TCW2UG4.php\" target=\"_blank\" rel=\"noopener\">Parisien<\/a>, pour c\u00e9l\u00e9brer les f\u00eates de fin d&rsquo;ann\u00e9e comme il se doit, la station rouge va lancer ou relancer des \u00e9missions le temps de quelques semaines, afin de conserver ses bonnes audiences des derniers mois. Durant deux semaines, RTL va diffuser le jeu La bonne touche, autrefois anim\u00e9e par <a href=\"https:\/\/www.programme-tv.net\/biographie\/4347-foucault-jean-pierre\/\" data-link-people=\"fcbc0e60-be0e-4129-98fa-77be31f16a01\" target=\"_blank\" rel=\"noopener\">Jean-Pierre Foucault<\/a> et Cyril Hanouna. Pour incarner la relance de ce jeu qui sera diffus\u00e9 entre 10h et midi, <b>la station de radio va faire confiance \u00e0 Olivier Minne<\/b>. Ce dernier va ainsi s\u00e9lectionner un candidat qui va jouer aux diff\u00e9rents jeux cach\u00e9s derri\u00e8re les touches de son t\u00e9l\u00e9phone.<\/p>\n<p>RTL c\u00e9l\u00e8bre les f\u00eates de fin d&rsquo;ann\u00e9e en (re)lan\u00e7ant des programmes inattendus<\/p>\n<p><a href=\"https:\/\/www.programme-tv.net\/biographie\/48405-nothomb-amelie\/\" data-link-people=\"137f90fb-b9ef-4293-8938-f475f0f93685\" target=\"_blank\" rel=\"noopener\">Am\u00e9lie Nothomb<\/a> va \u00e9galement intervenir sur RTL puisqu&rsquo;elle va animer une pastille tous les jours aux alentours de 6h20 du matin afin d&rsquo;\u00e9voquer ses plus beaux souvenirs de No\u00ebl. La station va aussi faire confiance \u00e0 Mika et Louane qui vont se relayer afin d&rsquo;animer La bande-son de ma vie. Jusqu&rsquo;\u00e0 12h30, les deux chanteurs vont contr\u00f4ler la programmation musicale de RTL et partager leurs coups de coeurs musicaux. <a href=\"https:\/\/www.programme-tv.net\/biographie\/208834-de-moulins-xavier\/\" data-link-people=\"e58e9dde-4874-4efb-8eb4-51f2abcabcdf\" target=\"_blank\" rel=\"noopener\">Xavier de Moulins<\/a> sera \u00e0 la t\u00eate de 1001 vies chaque soir entre 21h et 22h et accueillera des t\u00e9moins du quotidien.<\/p>\n<p>Enfin, toujours selon les informations du Parisien, <a href=\"https:\/\/www.programme-tv.net\/biographie\/63780-gazan-florian\/\" data-link-people=\"6d42d582-8ab4-4dbb-9dcc-e6d6ea58e224\" target=\"_blank\" rel=\"noopener\">Florian Gazan<\/a> animera On refait le match et accueillera <a href=\"https:\/\/www.programme-tv.net\/biographie\/25456-sotto-thomas\/\" data-link-people=\"45aaee1c-0f6c-4d58-baf2-adcadab7d4db\" target=\"_blank\" rel=\"noopener\">Thomas Sotto<\/a>, <a href=\"https:\/\/www.programme-tv.net\/biographie\/184704-vizorek-alex\/\" data-link-people=\"d8b02ec2-7f0b-4721-bb02-6f069d4f9aa9\" target=\"_blank\" rel=\"noopener\">Alex Vizorek<\/a>, et <a href=\"https:\/\/www.programme-tv.net\/biographie\/3295-deutsch-lorant\/\" data-link-people=\"d8eecc83-4b5c-409b-8abe-441c40065c79\" target=\"_blank\" rel=\"noopener\">Lor\u00e0nt Deutsch<\/a>. Martial You animera On refait le monde pour penser \u00e0 2026 et les grands enjeux de l&rsquo;ann\u00e9e.<\/p>\n","protected":false},"excerpt":{"rendered":"RTL s&rsquo;appr\u00eate \u00e0 c\u00e9l\u00e9brer les f\u00eates de fin d&rsquo;ann\u00e9e comme il se doit. La station de radio va&hellip;\n","protected":false},"author":2,"featured_media":591537,"comment_status":"","ping_status":"","sticky":false,"template":"","format":"standard","meta":{"footnotes":""},"categories":[1359],"tags":[244,1083,58,59,1011,27,17033,973,2700,1630],"class_list":{"0":"post-591536","1":"post","2":"type-post","3":"status-publish","4":"format-standard","5":"has-post-thumbnail","7":"category-people","8":"tag-commentaire","9":"tag-cyril-hanouna","10":"tag-divertissement","11":"tag-entertainment","12":"tag-fr","13":"tag-france","14":"tag-olivier-minne","15":"tag-people","16":"tag-rtl","17":"tag-zapping"},"share_on_mastodon":{"url":"https:\/\/pubeurope.com\/@fr\/115697654475730093","error":""},"_links":{"self":[{"href":"https:\/\/www.europesays.com\/fr\/wp-json\/wp\/v2\/posts\/591536","targetHints":{"allow":["GET"]}}],"collection":[{"href":"https:\/\/www.europesays.com\/fr\/wp-json\/wp\/v2\/posts"}],"about":[{"href":"https:\/\/www.europesays.com\/fr\/wp-json\/wp\/v2\/types\/post"}],"author":[{"embeddable":true,"href":"https:\/\/www.europesays.com\/fr\/wp-json\/wp\/v2\/users\/2"}],"replies":[{"embeddable":true,"href":"https:\/\/www.europesays.com\/fr\/wp-json\/wp\/v2\/comments?post=591536"}],"version-history":[{"count":0,"href":"https:\/\/www.europesays.com\/fr\/wp-json\/wp\/v2\/posts\/591536\/revisions"}],"wp:featuredmedia":[{"embeddable":true,"href":"https:\/\/www.europesays.com\/fr\/wp-json\/wp\/v2\/media\/591537"}],"wp:attachment":[{"href":"https:\/\/www.europesays.com\/fr\/wp-json\/wp\/v2\/media?parent=591536"}],"wp:term":[{"taxonomy":"category","embeddable":true,"href":"https:\/\/www.europesays.com\/fr\/wp-json\/wp\/v2\/categories?post=591536"},{"taxonomy":"post_tag","embeddable":true,"href":"https:\/\/www.europesays.com\/fr\/wp-json\/wp\/v2\/tags?post=591536"}],"curies":[{"name":"wp","href":"https:\/\/api.w.org\/{rel}","templated":true}]}}