{"id":591540,"date":"2025-12-10T22:36:22","date_gmt":"2025-12-10T22:36:22","guid":{"rendered":"https:\/\/www.europesays.com\/fr\/591540\/"},"modified":"2025-12-10T22:36:22","modified_gmt":"2025-12-10T22:36:22","slug":"star-academy-2025-jonathan-devoile-une-grande-nouvelle-star-academy","status":"publish","type":"post","link":"https:\/\/www.europesays.com\/fr\/591540\/","title":{"rendered":"Star Academy 2025 &#8211; Jonathan d\u00e9voile une grande nouvelle &#8211; Star Academy"},"content":{"rendered":"<p id=\"descriptionPanel\" class=\"text-secondary mr-2 line-clamp-2 pr-2.5 overflow-visible\">Apr\u00e8s leurs r\u00e9p\u00e9titions, les acad\u00e9miciens d\u00e9couvrent une belle surprise : leur professeur de danse, Jonathan Jenvrin, annonce qu\u2019il sera en charge de la direction artistique, de la mise en sc\u00e8ne et des chor\u00e9graphies pour la tourn\u00e9e. Son talent a marqu\u00e9 la saison et il promet un v\u00e9ritable \u00ab show \u00bb pour le Star Academy Tour 2026.&#13;<br \/>\nBONUS issu du flux live \u00ab\u00a0En direct du Ch\u00e2teau\u00a0\u00bb 2025.<\/p>\n<p>Afficher la version longue du r\u00e9sum\u00e9<a class=\"shrink-0\" href=\"https:\/\/www.tf1.fr\/tf1\/star-academy\" target=\"_blank\" rel=\"noopener\"><img decoding=\"async\" src=\"https:\/\/www.europesays.com\/fr\/wp-content\/uploads\/2025\/12\/objectif-tournee-1d4319-4099cd-0@1x.jpg\" width=\"138\" height=\"184\" alt=\"\" loading=\"eager\" fetchpriority=\"auto\" class=\"rounded-3px aspect-[3\/4] h-24 w-auto\" aria-hidden=\"true\"\/><\/a><\/p>\n","protected":false},"excerpt":{"rendered":"Apr\u00e8s leurs r\u00e9p\u00e9titions, les acad\u00e9miciens d\u00e9couvrent une belle surprise : leur professeur de danse, Jonathan Jenvrin, annonce qu\u2019il&hellip;\n","protected":false},"author":2,"featured_media":591541,"comment_status":"","ping_status":"","sticky":false,"template":"","format":"standard","meta":{"footnotes":""},"categories":[1356],"tags":[58,59,8644,67916,67917,67915,1011,27,5095,67918,67919,62746,62750,62735,62747,62751,62743,62742,62748,62749,62744,62745,252,1364,62740,62741],"class_list":{"0":"post-591540","1":"post","2":"type-post","3":"status-publish","4":"format-standard","5":"has-post-thumbnail","7":"category-television","8":"tag-divertissement","9":"tag-entertainment","10":"tag-exclu","11":"tag-exclu-star-academy","12":"tag-exclu-star-academy-tf1","13":"tag-exclu-tf1","14":"tag-fr","15":"tag-france","16":"tag-star-academy","17":"tag-star-academy-exclu","18":"tag-star-academy-exclu-tf1","19":"tag-star-academy-streaming","20":"tag-star-academy-streaming-gratuit","21":"tag-star-academy-tf1","22":"tag-star-academy-tf1-streaming","23":"tag-star-academy-tf1-streaming-gratuit","24":"tag-star-academy-tf1-video","25":"tag-star-academy-video","26":"tag-streaming-gratuit-star-academy","27":"tag-streaming-gratuit-star-academy-tf1","28":"tag-streaming-star-academy","29":"tag-streaming-star-academy-tf1","30":"tag-television","31":"tag-tv","32":"tag-video-star-academy","33":"tag-video-star-academy-tf1"},"share_on_mastodon":{"url":"","error":"Validation failed: Text character limit of 500 exceeded"},"_links":{"self":[{"href":"https:\/\/www.europesays.com\/fr\/wp-json\/wp\/v2\/posts\/591540","targetHints":{"allow":["GET"]}}],"collection":[{"href":"https:\/\/www.europesays.com\/fr\/wp-json\/wp\/v2\/posts"}],"about":[{"href":"https:\/\/www.europesays.com\/fr\/wp-json\/wp\/v2\/types\/post"}],"author":[{"embeddable":true,"href":"https:\/\/www.europesays.com\/fr\/wp-json\/wp\/v2\/users\/2"}],"replies":[{"embeddable":true,"href":"https:\/\/www.europesays.com\/fr\/wp-json\/wp\/v2\/comments?post=591540"}],"version-history":[{"count":0,"href":"https:\/\/www.europesays.com\/fr\/wp-json\/wp\/v2\/posts\/591540\/revisions"}],"wp:featuredmedia":[{"embeddable":true,"href":"https:\/\/www.europesays.com\/fr\/wp-json\/wp\/v2\/media\/591541"}],"wp:attachment":[{"href":"https:\/\/www.europesays.com\/fr\/wp-json\/wp\/v2\/media?parent=591540"}],"wp:term":[{"taxonomy":"category","embeddable":true,"href":"https:\/\/www.europesays.com\/fr\/wp-json\/wp\/v2\/categories?post=591540"},{"taxonomy":"post_tag","embeddable":true,"href":"https:\/\/www.europesays.com\/fr\/wp-json\/wp\/v2\/tags?post=591540"}],"curies":[{"name":"wp","href":"https:\/\/api.w.org\/{rel}","templated":true}]}}