{"id":591542,"date":"2025-12-10T22:37:12","date_gmt":"2025-12-10T22:37:12","guid":{"rendered":"https:\/\/www.europesays.com\/fr\/591542\/"},"modified":"2025-12-10T22:37:12","modified_gmt":"2025-12-10T22:37:12","slug":"radio-sud-manche-va-cesser-demettre","status":"publish","type":"post","link":"https:\/\/www.europesays.com\/fr\/591542\/","title":{"rendered":"Radio Sud Manche va cesser d\u2019\u00e9mettre"},"content":{"rendered":"<p>                    Par<br \/>\n        <strong><br \/>\n            <a href=\"https:\/\/actu.fr\/auteur\/redaction-gazettemanche\" title=\"Consulter tous les articles de R\u00e9daction La Gazette de la Manche\" target=\"_blank\" rel=\"noopener\">R\u00e9daction La Gazette de la Manche<\/a><br \/>\n                    <\/strong><\/p>\n<p>        Publi\u00e9 le<\/p>\n<p>            10 d\u00e9c. 2025 \u00e0 19h54        <\/p>\n<p>La <a href=\"https:\/\/actu.fr\/normandie\/pontorson_50410\/pontorson-soffre-une-webradio-de-musique-agenda-et-informations-service_60992374.html\" target=\"_blank\" rel=\"noopener\">Web Radio Sud Manche <\/a>ne f\u00eatera pas ses dix ans en 2026. Elle cessera d\u2019\u00e9mettre le 19 d\u00e9cembre 2025 et fermera officiellement ses portes le 31 d\u00e9cembre prochain.<\/p>\n<p class=\" wall-content\">Cr\u00e9\u00e9e en 2016 dans le cadre d\u2019un projet d\u2019\u00e9ducation \u00e0 la jeunesse, elle s\u2019appelait alors Avranches FM et \u00e9tait pr\u00e9sid\u00e9e, sous statut associatif, par son fondateur, Johann H\u00e9laine.<\/p>\n<p class=\" wall-content\">C\u2019est en 2018 qu\u2019elle est devenue Radio Sud Manche. Elle proposait des ateliers \u00ab\u2009m\u00e9dias\u2009\u00bb et ses animateurs se rendaient dans les \u00e9tablissements scolaires pour pr\u00e9senter le fonctionnement d\u2019une radio. \u00ab\u2009Ce projet p\u00e9dagogique \u00e9tait encadr\u00e9 par les professeurs. Les \u00e9l\u00e8ves produisaient des \u00e9l\u00e9ments qui devenaient des podcasts. Depuis deux ans, une journaliste ind\u00e9pendante travaillait avec eux sur les fake news\u2009\u00bb, a expliqu\u00e9 Jacky Szafranski, pr\u00e9sident de l\u2019association depuis six ans, lors de l\u2019assembl\u00e9e g\u00e9n\u00e9rale de cl\u00f4ture, vendredi 5\u00a0d\u00e9cembre.<\/p>\n<p>Une baisse importante de subventions<\/p>\n<p class=\" wall-content\">Radio Sud Manche, c\u2019\u00e9tait aussi des reportages sur le monde associatif et l\u2019actualit\u00e9 locale, des interviews, la mise en avant d\u2019artistes locaux et la couverture de nombreux \u00e9v\u00e9nements\u2009: <a href=\"https:\/\/actu.fr\/tag\/papillons-de-nuit\" target=\"_blank\" rel=\"noopener\">Papillons de Nuit<\/a>, Jazz sous les pommiers, Les Pluies de Juillet et Via Aeterna, entre autres.<\/p>\n<p class=\" wall-content\">Mais la Covid est pass\u00e9e par l\u00e0 et les b\u00e9n\u00e9voles ont d\u00e9sert\u00e9 le navire\u2009: de 70 au d\u00e9but, ils ne sont plus qu\u2019une vingtaine aujourd\u2019hui. Et surtout, en cinq ans, l\u2019association a subi une importante baisse de ses subventions.<\/p>\n<p>Vid\u00e9os : en ce moment sur Actu<\/p>\n<p class=\" wall-content\">\u00ab\u2009Nous travaillons sur un mod\u00e8le \u00e9conomique associatif compliqu\u00e9 \u00e0 g\u00e9rer, car nous vivons des subventions. De 70\u2009000\u00a0\u20ac allou\u00e9s, nous sommes pass\u00e9s \u00e0 30\u2009000\u00a0\u20ac en cinq ans. Cette baisse ne nous permet plus de payer un salaire complet et il nous faut quelqu\u2019un en permanence \u00e0 la radio pour la faire tourner. Nous, en tant que b\u00e9n\u00e9voles, ce n\u2019est pas notre m\u00e9tier\u2009: on fait partie du bureau, on est l\u00e0 pour soutenir le projet, mais celui-ci s\u2019est essouffl\u00e9. Nous avons donc licenci\u00e9 notre salari\u00e9, St\u00e9phane Moreau, en avril dernier. Il r\u00e9gissait la radio, la programmation, la technique, les interviews et allait sur le terrain. Nous avons eu le <b>refus d\u2019une subvention de 10\u2009000\u00a0\u20ac,<\/b> qui correspondait \u00e0 la moiti\u00e9 du salaire et des charges de St\u00e9phane, et nous savions que nous ne pourrions pas finir l\u2019ann\u00e9e. On cessera donc d\u2019\u00e9mettre le 19\u00a0d\u00e9cembre, avec <b>une salari\u00e9e deux jours <\/b>par semaine et une journaliste deux autres jours par semaine, pour donner du contenu jusqu\u2019\u00e0 la fin du projet. Ensuite, toutes deux auront droit \u00e0 leurs vacances jusqu\u2019au 31\u00a0d\u00e9cembre\u2009\u00bb, poursuit le pr\u00e9sident.<\/p>\n<p>Une belle exp\u00e9rience<\/p>\n<p class=\" wall-content\">La tr\u00e9sori\u00e8re, Sylvie Laigneau, ajoute\u2009: \u00ab\u2009Il y a aussi le changement d\u2019habitudes des consommateurs\u2009: la radio n\u2019est plus un automatisme, les personnes vont sur les podcasts, les \u00e9missions enregistr\u00e9es. La conservation de l\u2019information et du m\u00e9dia a chang\u00e9 avec la jeune g\u00e9n\u00e9ration et nous avons de moins en moins de visites par rapport \u00e0 nos contenus. C\u2019est donc un projet qui p\u00e9riclite. On est \u00e0 150 vues par mois, mais ce n\u2019est pas suffisant. Cependant, nous avons eu une belle exp\u00e9rience et nous partons sereins, dans le sens o\u00f9 nous rendons une association saine financi\u00e8rement. Nous n\u2019avons aucun remords.\u2009\u00bb<\/p>\n<p class=\" wall-content\">Personnalisez votre actualit\u00e9 en ajoutant vos villes et m\u00e9dias en favori avec <a href=\"https:\/\/moncompte.actu.fr\" title=\"D\u00e9couvez Mon Actu\" rel=\"nofollow noopener\" data-trk=\"{&quot;cta&quot;:{&quot;action&quot;:&quot;https:\\\/\\\/moncompte.actu.fr&quot;,&quot;category&quot;:&quot;mon compte&quot;,&quot;from&quot;:&quot;article footer&quot;,&quot;name&quot;:&quot;Mon actu&quot;,&quot;type&quot;:&quot;cta&quot;}}\" target=\"_blank\">Mon Actu<\/a>.<\/p>\n","protected":false},"excerpt":{"rendered":"Par R\u00e9daction La Gazette de la Manche Publi\u00e9 le 10 d\u00e9c. 2025 \u00e0 19h54 La Web Radio Sud&hellip;\n","protected":false},"author":2,"featured_media":591543,"comment_status":"","ping_status":"","sticky":false,"template":"","format":"standard","meta":{"footnotes":""},"categories":[1355],"tags":[17295,58,59,1011,27,1361,873,1825,104,23784],"class_list":{"0":"post-591542","1":"post","2":"type-post","3":"status-publish","4":"format-standard","5":"has-post-thumbnail","7":"category-musique","8":"tag-avranches","9":"tag-divertissement","10":"tag-entertainment","11":"tag-fr","12":"tag-france","13":"tag-music","14":"tag-musique","15":"tag-radio","16":"tag-societe","17":"tag-sud-manche"},"share_on_mastodon":{"url":"https:\/\/pubeurope.com\/@fr\/115697671521039788","error":""},"_links":{"self":[{"href":"https:\/\/www.europesays.com\/fr\/wp-json\/wp\/v2\/posts\/591542","targetHints":{"allow":["GET"]}}],"collection":[{"href":"https:\/\/www.europesays.com\/fr\/wp-json\/wp\/v2\/posts"}],"about":[{"href":"https:\/\/www.europesays.com\/fr\/wp-json\/wp\/v2\/types\/post"}],"author":[{"embeddable":true,"href":"https:\/\/www.europesays.com\/fr\/wp-json\/wp\/v2\/users\/2"}],"replies":[{"embeddable":true,"href":"https:\/\/www.europesays.com\/fr\/wp-json\/wp\/v2\/comments?post=591542"}],"version-history":[{"count":0,"href":"https:\/\/www.europesays.com\/fr\/wp-json\/wp\/v2\/posts\/591542\/revisions"}],"wp:featuredmedia":[{"embeddable":true,"href":"https:\/\/www.europesays.com\/fr\/wp-json\/wp\/v2\/media\/591543"}],"wp:attachment":[{"href":"https:\/\/www.europesays.com\/fr\/wp-json\/wp\/v2\/media?parent=591542"}],"wp:term":[{"taxonomy":"category","embeddable":true,"href":"https:\/\/www.europesays.com\/fr\/wp-json\/wp\/v2\/categories?post=591542"},{"taxonomy":"post_tag","embeddable":true,"href":"https:\/\/www.europesays.com\/fr\/wp-json\/wp\/v2\/tags?post=591542"}],"curies":[{"name":"wp","href":"https:\/\/api.w.org\/{rel}","templated":true}]}}