{"id":591552,"date":"2025-12-10T22:43:16","date_gmt":"2025-12-10T22:43:16","guid":{"rendered":"https:\/\/www.europesays.com\/fr\/591552\/"},"modified":"2025-12-10T22:43:16","modified_gmt":"2025-12-10T22:43:16","slug":"apple-preparerait-des-lunettes-connectees-sans-ecran-pour-2026-et-on-en-sait-un-peu-plus","status":"publish","type":"post","link":"https:\/\/www.europesays.com\/fr\/591552\/","title":{"rendered":"Apple pr\u00e9parerait des lunettes connect\u00e9es sans \u00e9cran pour 2026, et on en sait un peu plus"},"content":{"rendered":"<p>                    <b>Apr\u00e8s le Vision Pro, Apple travaillerait bien sur des lunettes connect\u00e9es plus accessibles. Pas d&rsquo;\u00e9cran int\u00e9gr\u00e9 au programme, mais des cam\u00e9ras, de l&rsquo;audio spatial et une intelligence artificielle omnipr\u00e9sente. Une approche qui rappelle fortement les Ray-Ban Meta, avec l&rsquo;\u00e9cosyst\u00e8me Apple en prime.<\/b><\/p>\n<p>                                                                                                                                                        <img decoding=\"async\" src=\"https:\/\/www.europesays.com\/fr\/wp-content\/uploads\/2025\/12\/edc99f4ecf_contrairement-a-ce-que-cette-illustration-ia-suggere-il-n-y-aurait-pas-d-ecran-integre-da.webp\" alt=\"(Contrairement \u00e0 ce que cette illustration IA sugg\u00e8re, il n'y aurait pas d'\u00e9cran int\u00e9gr\u00e9 dans les verres sur les lunettes Apple)\" width=\"1200\" height=\"662\" loading=\"lazy\"\/>                (Contrairement \u00e0 ce que cette illustration IA sugg\u00e8re, il n&rsquo;y aurait pas d&rsquo;\u00e9cran int\u00e9gr\u00e9 dans les verres sur les lunettes Apple)<\/p>\n<p>Des lunettes fa\u00e7on Ray-Ban Meta<\/p>\n<p>Selon <b>Mark Gurman de Bloomberg<\/b>, Apple d\u00e9veloppe des lunettes connect\u00e9es qui devraient \u00eatre annonc\u00e9es courant 2026, pour une commercialisation potentielle en 2027. Le projet, dont le d\u00e9veloppement aurait d\u00e9but\u00e9 d\u00e8s 2015, prendrait enfin forme apr\u00e8s des ann\u00e9es de t\u00e2tonnements sur la r\u00e9alit\u00e9 augment\u00e9e et plusieurs prototypes abandonn\u00e9s en cours de route.<\/p>\n<p>Contrairement au <a href=\"https:\/\/www.mac4ever.com\/arvr\/192460-l-apple-vision-pro-gagne-en-puissance-avec-la-puce-m5-et-son-prix-baisse\" target=\"_blank\" rel=\"noopener\">Vision Pro<\/a> et ses \u00e9crans micro-OLED, ces lunettes n&rsquo;afficheraient rien devant les yeux de l&rsquo;utilisateur. Apple miserait sur un <b>combo cam\u00e9ras et haut-parleurs int\u00e9gr\u00e9s<\/b>, exactement comme les Ray-Ban Meta de Facebook. L&rsquo;id\u00e9e serait de proposer un appareil l\u00e9ger et discret, compatible avec des verres correcteurs, qui servirait d&rsquo;extension \u00e0 l&rsquo;iPhone plut\u00f4t que de le remplacer compl\u00e8tement.<\/p>\n<p>                                                                                                                                                        <img decoding=\"async\" src=\"https:\/\/www.europesays.com\/fr\/wp-content\/uploads\/2025\/12\/111f8f39d2_apple-preparerait-des-lunettes-connectees-sans-ecran-pour-2026-et-on-en-sait-plus.webp.webp\" alt=\"Meta\" width=\"1200\" height=\"661\" loading=\"lazy\"\/>                Meta<\/p>\n<p>Une puce d\u00e9di\u00e9e et Siri boost\u00e9 \u00e0 l&rsquo;IA<\/p>\n<p>Pour faire tourner l&rsquo;ensemble, Apple d\u00e9velopperait une <b>nouvelle puce bas\u00e9e sur l&rsquo;architecture de l&rsquo;<a href=\"https:\/\/www.mac4ever.com\/watch\/193102-apple-watch-comment-apple-a-revolutionne-la-fabrication-grace-a-l-impression-3d\" target=\"_blank\" rel=\"noopener\">Apple Watch<\/a><\/b>, baptis\u00e9e s\u00e9rie S. Un choix logique pour un appareil qui doit tenir dans une monture de lunettes standard tout en g\u00e9rant la capture vid\u00e9o, le traitement audio et les fonctions d&rsquo;intelligence artificielle en temps r\u00e9el.<\/p>\n<p>Car c&rsquo;est bien l&rsquo;IA qui serait au c\u0153ur de l&rsquo;exp\u00e9rience utilisateur. Apple compterait sur un <b>Siri largement am\u00e9lior\u00e9 gr\u00e2ce \u00e0 <a href=\"https:\/\/www.mac4ever.com\/ia\/193394-apple-remplace-son-chef-de-l-ia-pour-sauver-apple-intelligence-et-siri\" target=\"_blank\" rel=\"noopener\">Apple Intelligence<\/a><\/b>, capable de d\u00e9crire ce que voit la cam\u00e9ra, d&rsquo;identifier des objets ou des personnes, et de r\u00e9pondre \u00e0 des questions contextuelles sur l&rsquo;environnement. La commande vocale serait le mode d&rsquo;interaction principal, compl\u00e9t\u00e9e par des gestes tactiles sur les branches des lunettes.<\/p>\n<p>Plusieurs styles et prix plus accessibles<\/p>\n<p>Apple proposerait <b>plusieurs designs de montures<\/b> pour s\u00e9duire un public plus large que les early adopters du Vision Pro. Les lunettes seraient vendues comme accessoire iPhone, un peu comme l&rsquo;Apple Watch \u00e0 ses d\u00e9buts, n\u00e9cessitant un iPhone pour fonctionner pleinement. C\u00f4t\u00e9 tarif, on parle d&rsquo;un positionnement nettement plus accessible que pour l&rsquo;Apple Vision Pro, Dieu merci, sans plus de pr\u00e9cisions pour l&rsquo;instant.<\/p>\n<p>                                                                                                                                                        <img decoding=\"async\" src=\"https:\/\/www.europesays.com\/fr\/wp-content\/uploads\/2025\/12\/6fb88edd3c_meta.webp.webp\" alt=\"Meta\" width=\"1200\" height=\"675\" loading=\"lazy\"\/>                Meta<\/p>\n<p>        On en dit quoi\u00a0?<\/p>\n<p>Apr\u00e8s avoir vis\u00e9 le tr\u00e8s haut de gamme avec le Vision Pro, Apple semble enfin vouloir <b>d\u00e9mocratiser sa vision de l&rsquo;informatique spatiale<\/b>. Le choix de supprimer l&rsquo;\u00e9cran est pragmatique\u00a0: impossible aujourd&rsquo;hui de miniaturiser suffisamment les composants pour obtenir des lunettes d&rsquo;apparence normale avec affichage AR int\u00e9gr\u00e9. Meta l&rsquo;a bien compris et cartonne avec ses Ray-Ban connect\u00e9es, qu&rsquo;on adore chez Mac4ever. Reste \u00e0 voir si Apple saura se diff\u00e9rencier autrement que par le prix et l&rsquo;int\u00e9gration iOS. Et surtout, si Siri sera enfin \u00e0 la hauteur pour justifier de parler \u00e0 ses lunettes en public.<\/p>\n","protected":false},"excerpt":{"rendered":"Apr\u00e8s le Vision Pro, Apple travaillerait bien sur des lunettes connect\u00e9es plus accessibles. Pas d&rsquo;\u00e9cran int\u00e9gr\u00e9 au programme,&hellip;\n","protected":false},"author":2,"featured_media":591553,"comment_status":"","ping_status":"","sticky":false,"template":"","format":"standard","meta":{"footnotes":""},"categories":[7],"tags":[1011,27,1200,70456,43,40,41,39,42,44],"class_list":{"0":"post-591552","1":"post","2":"type-post","3":"status-publish","4":"format-standard","5":"has-post-thumbnail","7":"category-sciences-et-technologies","8":"tag-fr","9":"tag-france","10":"tag-lunettes","11":"tag-lunettesar","12":"tag-science","13":"tag-science-and-technology","14":"tag-sciences","15":"tag-sciences-et-technologies","16":"tag-technologies","17":"tag-technology"},"share_on_mastodon":{"url":"https:\/\/pubeurope.com\/@fr\/115697696214389254","error":""},"_links":{"self":[{"href":"https:\/\/www.europesays.com\/fr\/wp-json\/wp\/v2\/posts\/591552","targetHints":{"allow":["GET"]}}],"collection":[{"href":"https:\/\/www.europesays.com\/fr\/wp-json\/wp\/v2\/posts"}],"about":[{"href":"https:\/\/www.europesays.com\/fr\/wp-json\/wp\/v2\/types\/post"}],"author":[{"embeddable":true,"href":"https:\/\/www.europesays.com\/fr\/wp-json\/wp\/v2\/users\/2"}],"replies":[{"embeddable":true,"href":"https:\/\/www.europesays.com\/fr\/wp-json\/wp\/v2\/comments?post=591552"}],"version-history":[{"count":0,"href":"https:\/\/www.europesays.com\/fr\/wp-json\/wp\/v2\/posts\/591552\/revisions"}],"wp:featuredmedia":[{"embeddable":true,"href":"https:\/\/www.europesays.com\/fr\/wp-json\/wp\/v2\/media\/591553"}],"wp:attachment":[{"href":"https:\/\/www.europesays.com\/fr\/wp-json\/wp\/v2\/media?parent=591552"}],"wp:term":[{"taxonomy":"category","embeddable":true,"href":"https:\/\/www.europesays.com\/fr\/wp-json\/wp\/v2\/categories?post=591552"},{"taxonomy":"post_tag","embeddable":true,"href":"https:\/\/www.europesays.com\/fr\/wp-json\/wp\/v2\/tags?post=591552"}],"curies":[{"name":"wp","href":"https:\/\/api.w.org\/{rel}","templated":true}]}}