{"id":591555,"date":"2025-12-10T22:45:20","date_gmt":"2025-12-10T22:45:20","guid":{"rendered":"https:\/\/www.europesays.com\/fr\/591555\/"},"modified":"2025-12-10T22:45:20","modified_gmt":"2025-12-10T22:45:20","slug":"donald-trump-annonce-que-les-etats-unis-ont-saisi-un-tres-grand-petrolier-au-large-du-venezuela","status":"publish","type":"post","link":"https:\/\/www.europesays.com\/fr\/591555\/","title":{"rendered":"Donald Trump annonce que les \u00c9tats-Unis ont saisi un \u00abtr\u00e8s grand\u00bb p\u00e9trolier au large du Venezuela"},"content":{"rendered":"<p>\n    \u00abNous venons tout juste de saisir un p\u00e9trolier au large du Venezuela, un grand p\u00e9trolier, tr\u00e8s grand, le plus grand jamais saisi\u00bb, a affirm\u00e9 le pr\u00e9sident am\u00e9ricain ce mercredi.<\/p>\n<p class=\"fig-paragraph\">Donald Trump a annonc\u00e9 mercredi que les\u00a0<a href=\"http:\/\/www.lefigaro.fr\/international\/les-etats-unis-assurent-qu-ils-defendront-le-guyana-en-cas-de-probleme-avec-le-venezuela-20251204\" data-fig-type=\"NewsFlash\" data-gtm-custom-categorie=\"navigation\" data-gtm-custom-action=\"crossclick\" data-gtm-custom-label=\"Contextuel\" data-gtm-event=\"customEventSPE\" data-fig-domain=\"LEFIGARO\" target=\"_blank\" rel=\"noopener\">\u00c9tats-Unis<\/a>\u00a0avaient saisi un \u00abtr\u00e8s grand\u00bb p\u00e9trolier au large du\u00a0<a href=\"http:\/\/www.lefigaro.fr\/international\/nobel-de-la-paix-le-president-nicolas-maduro-force-de-quitter-ses-fonctions-l-opposante-venezuelienne-decoree-20251210\" data-fig-type=\"NewsFlash\" data-gtm-custom-categorie=\"navigation\" data-gtm-custom-action=\"crossclick\" data-gtm-custom-label=\"Contextuel\" data-gtm-event=\"customEventSPE\" data-fig-domain=\"LEFIGARO\" target=\"_blank\" rel=\"noopener\">Venezuela<\/a>, une mani\u00e8re de faire grimper encore la tension avec Caracas.<\/p>\n<p class=\"fig-paragraph\">\u00abNous venons tout juste de saisir un p\u00e9trolier au large du Venezuela, un grand p\u00e9trolier, tr\u00e8s grand, le plus grand jamais saisi\u00bb, a affirm\u00e9 le pr\u00e9sident am\u00e9ricain. Il n&rsquo;a pas donn\u00e9 de d\u00e9tail sur le navire, son propri\u00e9taire ou sa destination.<\/p>\n<p>                                            <a class=\"fig-a11y-skip\" href=\"#fig-a11y-skip-main-inarticle\" data-module=\"a11y-skip\" data-context=\"was @visible\"><br \/>\n    Passer la publicit\u00e9<br \/>\n<\/a>            <\/p>\n<p>                                            Trump pousse pour \u00e9vincer Maduro<\/p>\n<p class=\"fig-paragraph\">Le gouvernement am\u00e9ricain multiplie les mesures, \u00e9conomiques et militaires, pour tenter d&rsquo;\u00e9vincer le dirigeant v\u00e9n\u00e9zu\u00e9lien Nicol\u00e1s Maduro. Donald Trump a estim\u00e9 que les jours de ce dernier \u00e9taient \u00abcompt\u00e9s\u00bb dans un r\u00e9cent entretien avec le site Politico.<\/p>\n<p class=\"fig-paragraph\">La principale ressource du Venezuela est le p\u00e9trole brut, qui est soumis \u00e0 un embargo. Cela oblige le pays \u00e0 \u00e9couler sa production sur le march\u00e9 noir \u00e0 des prix nettement plus bas, \u00e0 destination en particulier de pays asiatiques.<\/p>\n","protected":false},"excerpt":{"rendered":"\u00abNous venons tout juste de saisir un p\u00e9trolier au large du Venezuela, un grand p\u00e9trolier, tr\u00e8s grand, le&hellip;\n","protected":false},"author":2,"featured_media":591556,"comment_status":"","ping_status":"","sticky":false,"template":"","format":"standard","meta":{"footnotes":""},"categories":[5],"tags":[11,75,1011,27,14,12,36215,337,28],"class_list":{"0":"post-591555","1":"post","2":"type-post","3":"status-publish","4":"format-standard","5":"has-post-thumbnail","7":"category-international","8":"tag-actualites","9":"tag-donald-trump","10":"tag-fr","11":"tag-france","12":"tag-international","13":"tag-news","14":"tag-petrolier","15":"tag-venezuela","16":"tag-world"},"share_on_mastodon":{"url":"https:\/\/pubeurope.com\/@fr\/115697701729992801","error":""},"_links":{"self":[{"href":"https:\/\/www.europesays.com\/fr\/wp-json\/wp\/v2\/posts\/591555","targetHints":{"allow":["GET"]}}],"collection":[{"href":"https:\/\/www.europesays.com\/fr\/wp-json\/wp\/v2\/posts"}],"about":[{"href":"https:\/\/www.europesays.com\/fr\/wp-json\/wp\/v2\/types\/post"}],"author":[{"embeddable":true,"href":"https:\/\/www.europesays.com\/fr\/wp-json\/wp\/v2\/users\/2"}],"replies":[{"embeddable":true,"href":"https:\/\/www.europesays.com\/fr\/wp-json\/wp\/v2\/comments?post=591555"}],"version-history":[{"count":0,"href":"https:\/\/www.europesays.com\/fr\/wp-json\/wp\/v2\/posts\/591555\/revisions"}],"wp:featuredmedia":[{"embeddable":true,"href":"https:\/\/www.europesays.com\/fr\/wp-json\/wp\/v2\/media\/591556"}],"wp:attachment":[{"href":"https:\/\/www.europesays.com\/fr\/wp-json\/wp\/v2\/media?parent=591555"}],"wp:term":[{"taxonomy":"category","embeddable":true,"href":"https:\/\/www.europesays.com\/fr\/wp-json\/wp\/v2\/categories?post=591555"},{"taxonomy":"post_tag","embeddable":true,"href":"https:\/\/www.europesays.com\/fr\/wp-json\/wp\/v2\/tags?post=591555"}],"curies":[{"name":"wp","href":"https:\/\/api.w.org\/{rel}","templated":true}]}}