{"id":591557,"date":"2025-12-10T22:46:16","date_gmt":"2025-12-10T22:46:16","guid":{"rendered":"https:\/\/www.europesays.com\/fr\/591557\/"},"modified":"2025-12-10T22:46:16","modified_gmt":"2025-12-10T22:46:16","slug":"emmanuel-macron-sarrete-dejeuner-dans-une-creperie-a-saint-malo","status":"publish","type":"post","link":"https:\/\/www.europesays.com\/fr\/591557\/","title":{"rendered":"Emmanuel Macron s\u2019arr\u00eate d\u00e9jeuner dans une cr\u00eaperie \u00e0 Saint-Malo"},"content":{"rendered":"<p>                    Par<br \/>\n        <strong><br \/>\n            <a href=\"https:\/\/actu.fr\/auteur\/thomassavalle-2\" title=\"Consulter tous les articles de Thomas Savalle\" target=\"_blank\" rel=\"noopener\">Thomas Savalle<\/a><br \/>\n                    <\/strong><\/p>\n<p>        Publi\u00e9 le<\/p>\n<p>            10 d\u00e9c. 2025 \u00e0 20h03        <\/p>\n<p>\u00ab\u2009C\u2019\u00e9tait improbable. Incroyable\u2009\u00bb, racontent plusieurs clients de la cr\u00eaperie La Licorne \u00e0 <a href=\"https:\/\/actu.fr\/bretagne\/saint-malo_35288\" target=\"_blank\" rel=\"noopener\">Saint-Malo <\/a>(Ille-et-Vilaine) ce mercredi 10\u00a0d\u00e9cembre 2025.<\/p>\n<p class=\" wall-content\">Peu avant 14h, l\u2019imposant cort\u00e8ge du pr\u00e9sident de la R\u00e9publique a pris la direction d\u2019Intra-Muros o\u00f9 Emmanuel Macron a fait sa pause pour d\u00e9jeuner dans l\u2019un des \u00e9tablissements de la Maison Hector, situ\u00e9 en face de la mairie.<\/p>\n<blockquote class=\"tiktok-embed\" cite=\"https:\/\/www.tiktok.com\/@lepaysmalouin\/video\/7582229584637070614\" data-video-id=\"7582229584637070614\" data-embed-from=\"oembed\" style=\"max-width:605px; min-width:325px;\"><p>\n<a target=\"_blank\" title=\"@lepaysmalouin\" href=\"https:\/\/www.tiktok.com\/@lepaysmalouin?refer=embed\" rel=\"noopener\">@lepaysmalouin<\/a> <\/p>\n<p>L\u2019arriv\u00e9e du cort\u00e8ge du pr\u00e9sident <\/p>\n<p> <a target=\"_blank\" title=\"\u266c son original - Le Pays Malouin\" href=\"https:\/\/www.tiktok.com\/music\/son-original-7582229578639477527?refer=embed\" rel=\"noopener\">\u266c son original \u2013 Le Pays Malouin<\/a> <\/p>\n<\/blockquote>\n<p>\u00ab\u2009On a appris qu\u2019il venait 30\u00a0minutes avant\u2009\u00bb<\/p>\n<p class=\" wall-content\">\u00ab\u2009On a appris qu\u2019il venait trente minutes avant. On ne s\u2019attendait pas \u00e0 \u00e7a\u2009\u00bb, sourit Pierre Soler, le directeur de l\u2019\u00e9tablissement.<\/p>\n<p class=\" wall-content\">Le chef de l\u2019\u00c9tat \u00e9tait attendu un peu plus tard au quai St-Malo, pr\u00e8s du bassin Duguay-Trouin, o\u00f9 il devait r\u00e9pondre aux questions des lecteurs de Ouest-France, d\u2019Actu.fr (dont fait partie <a href=\"https:\/\/actu.fr\/le-pays-malouin\/\" target=\"_blank\" rel=\"noopener\">Le Pays Malouin<\/a>).<\/p>\n<p>Vid\u00e9os : en ce moment sur Actu\u00ab\u2009C\u2019\u00e9tait improbable\u2009\u00bb<\/p>\n<p class=\" wall-content\">\u00ab\u2009On a hallucin\u00e9 de le voir ici\u2009\u00bb, explique Martine qui n\u2019en croyait pas ses yeux. Le restaurant a continu\u00e9 de servir normalement et les clients ont mang\u00e9 \u00e0 c\u00f4t\u00e9 du pr\u00e9sident. \u00ab\u2009On s\u2019en souviendra\u2009\u00bb, raconte une autre cliente.<\/p>\n<p class=\" wall-content\">Dans la rue, les forces de l\u2019ordre ont quadrill\u00e9 les abords de la place Chateaubriand. On ne pouvait pas s\u2019approcher du <a href=\"https:\/\/actu.fr\/tag\/restaurant\" target=\"_blank\" rel=\"noopener\">restaurant<\/a> m\u00eame si certains ont r\u00e9ussi \u00e0 le filmer mais de loin.<\/p>\n<p>Votre r\u00e9gion, votre actu !<\/p>\n<p>Recevez chaque jour les infos qui comptent pour vous.<\/p>\n<p>\t<a href=\"https:\/\/actu.fr\/newsletter\" class=\"ac-btn ac-btn--corner ac-btn--medium ac-btn--blue800\" target=\"_blank\" rel=\"noopener\">S&rsquo;incrire<\/a><\/p>\n<p>    <img   decoding=\"async\" loading=\"lazy\" class=\"size-large\" src=\"https:\/\/www.europesays.com\/fr\/wp-content\/uploads\/2025\/12\/c3f3bdee99396c7f3bdee9939dbf3bv-960x640.jpg\" alt=\"La foule\" width=\"960\" height=\"640\"\/><br \/>\n    La foule tentait de voir Emmanuel Macron sortir du restaurant La Licorne \u00e0 Saint-Malo. \u00a9Le Pays Malouin\u00a0Il est rest\u00e9 trente minutes<\/p>\n<p class=\" wall-content\">Le chef de l\u2019\u00c9tat est rest\u00e9 environ trente minutes. Le temps de d\u00e9guster une cr\u00eape et un caf\u00e9. Il a aussi discut\u00e9 avec <a href=\"https:\/\/actu.fr\/tag\/gilles-lurton\" target=\"_blank\" rel=\"noopener\">Gilles Lurton<\/a>, le maire de Saint-Malo.<\/p>\n<p class=\" wall-content\">Les photographes de l\u2019Elys\u00e9e ont pris une photo du chef de l\u2019\u00c9tat avec l\u2019\u00e9quipe de La Licorne. C\u2019est un sacr\u00e9 moment pour toute l\u2019\u00e9quipe. \u00ab\u2009Il est rest\u00e9 tr\u00e8s ouvert et tr\u00e8s simple\u2009\u00bb, encha\u00eene Pierre Soler.<\/p>\n<p>Apr\u00e8s la pause, un \u00e9change avec sur l\u2019Ukraine<\/p>\n<p class=\" wall-content\">Apr\u00e8s cette pause express, le pr\u00e9sident de la R\u00e9publique a \u00e9chang\u00e9 par t\u00e9l\u00e9phone, dans la mairie de Saint-Malo, avec le chancelier allemand, le premier ministre britannique et Donald Trump.<\/p>\n<p class=\" wall-content\">\u00ab\u2009Les dirigeants ont discut\u00e9 des derniers d\u00e9veloppements de la m\u00e9diation engag\u00e9e par les \u00c9tats-Unis et salu\u00e9 leurs efforts pour parvenir \u00e0 une paix robuste et durable en Ukraine et mettre fin aux tueries. Ce travail intensif se poursuit et va se poursuivre dans les prochains jours. Ils ont convenu qu\u2019il s\u2019agissait d\u2019un moment critique pour l\u2019Ukraine, pour son peuple et pour la s\u00e9curit\u00e9 commune de la r\u00e9gion euro-atlantique\u2009\u00bb, souligne l\u2019Elys\u00e9e.<\/p>\n<p class=\" wall-content\">Personnalisez votre actualit\u00e9 en ajoutant vos villes et m\u00e9dias en favori avec <a href=\"https:\/\/moncompte.actu.fr\" title=\"D\u00e9couvez Mon Actu\" rel=\"nofollow noopener\" data-trk=\"{&quot;cta&quot;:{&quot;action&quot;:&quot;https:\\\/\\\/moncompte.actu.fr&quot;,&quot;category&quot;:&quot;mon compte&quot;,&quot;from&quot;:&quot;article footer&quot;,&quot;name&quot;:&quot;Mon actu&quot;,&quot;type&quot;:&quot;cta&quot;}}\" target=\"_blank\">Mon Actu<\/a>.<\/p>\n<p>                    <script async src=\"\/\/www.tiktok.com\/embed.js\"><\/script><\/p>\n","protected":false},"excerpt":{"rendered":"Par Thomas Savalle Publi\u00e9 le 10 d\u00e9c. 2025 \u00e0 20h03 \u00ab\u2009C\u2019\u00e9tait improbable. Incroyable\u2009\u00bb, racontent plusieurs clients de la&hellip;\n","protected":false},"author":2,"featured_media":591558,"comment_status":"","ping_status":"","sticky":false,"template":"","format":"standard","meta":{"footnotes":""},"categories":[4],"tags":[11,1073,1011,27,12,25,1340,70457,104],"class_list":{"0":"post-591557","1":"post","2":"type-post","3":"status-publish","4":"format-standard","5":"has-post-thumbnail","7":"category-france","8":"tag-actualites","9":"tag-emmanuel-macron","10":"tag-fr","11":"tag-france","12":"tag-news","13":"tag-republique-francaise","14":"tag-restaurant","15":"tag-restaurants-a-saint-malo","16":"tag-societe"},"share_on_mastodon":{"url":"https:\/\/pubeurope.com\/@fr\/115697706822472289","error":""},"_links":{"self":[{"href":"https:\/\/www.europesays.com\/fr\/wp-json\/wp\/v2\/posts\/591557","targetHints":{"allow":["GET"]}}],"collection":[{"href":"https:\/\/www.europesays.com\/fr\/wp-json\/wp\/v2\/posts"}],"about":[{"href":"https:\/\/www.europesays.com\/fr\/wp-json\/wp\/v2\/types\/post"}],"author":[{"embeddable":true,"href":"https:\/\/www.europesays.com\/fr\/wp-json\/wp\/v2\/users\/2"}],"replies":[{"embeddable":true,"href":"https:\/\/www.europesays.com\/fr\/wp-json\/wp\/v2\/comments?post=591557"}],"version-history":[{"count":0,"href":"https:\/\/www.europesays.com\/fr\/wp-json\/wp\/v2\/posts\/591557\/revisions"}],"wp:featuredmedia":[{"embeddable":true,"href":"https:\/\/www.europesays.com\/fr\/wp-json\/wp\/v2\/media\/591558"}],"wp:attachment":[{"href":"https:\/\/www.europesays.com\/fr\/wp-json\/wp\/v2\/media?parent=591557"}],"wp:term":[{"taxonomy":"category","embeddable":true,"href":"https:\/\/www.europesays.com\/fr\/wp-json\/wp\/v2\/categories?post=591557"},{"taxonomy":"post_tag","embeddable":true,"href":"https:\/\/www.europesays.com\/fr\/wp-json\/wp\/v2\/tags?post=591557"}],"curies":[{"name":"wp","href":"https:\/\/api.w.org\/{rel}","templated":true}]}}