{"id":591563,"date":"2025-12-10T22:50:26","date_gmt":"2025-12-10T22:50:26","guid":{"rendered":"https:\/\/www.europesays.com\/fr\/591563\/"},"modified":"2025-12-10T22:50:26","modified_gmt":"2025-12-10T22:50:26","slug":"chantage-a-saint-etienne-gael-perdriau-convoque-pour-son-incarceration-2","status":"publish","type":"post","link":"https:\/\/www.europesays.com\/fr\/591563\/","title":{"rendered":"Chantage \u00e0 Saint-\u00c9tienne : Ga\u00ebl Perdriau convoqu\u00e9 pour son incarc\u00e9ration"},"content":{"rendered":"<p><img loading=\"lazy\" decoding=\"async\" alt=\"\u00a9 Marine Gonard - Trois des protagonistes sont convoqu\u00e9s mardi par le parquet de Saint-\u00c9tienne.\" data-zoom-src=\"https:\/\/www.europesays.com\/fr\/wp-content\/uploads\/2025\/12\/initial-proces-perdriau-politique-saint-etienne-homme-costume-tribunal.jpg\" data-zoomable=\"\" height=\"702\" src=\"https:\/\/www.europesays.com\/fr\/wp-content\/uploads\/2025\/12\/initial-proces-perdriau-politique-saint-etienne-homme-costume-tribunal.jpg\" width=\"1248\"\/>  <\/p>\n<p class=\"article-desc\">\u00a9 Marine Gonard &#8211; Trois des protagonistes sont convoqu\u00e9s mardi par le parquet de Saint-\u00c9tienne. <\/p>\n<p><strong>Ga\u00ebl Perdriau<\/strong>, son ex-directeur de cabinet <strong>Pierre Gauttieri<\/strong>, et <strong>Gilles Rossary-Lenglet<\/strong> sont convoqu\u00e9s mardi 16 d\u00e9cembre par le parquet de <strong>Saint-\u00c9tienne<\/strong> pour prendre connaissance de la date et du lieu de leur incarc\u00e9ration. L\u2019ancien adjoint \u00e0 l\u2019\u00c9ducation de la Ville de Saint-\u00c9tienne, <strong>Samy K\u00e9fi-J\u00e9r\u00f4me<\/strong> est de son c\u00f4t\u00e9 \u00e9galement convoqu\u00e9 la semaine prochaine pour les m\u00eames motifs par le parquet de Clermont-Ferrand, \u00e0 proximit\u00e9 de son lieu de r\u00e9sidence. <\/p>\n<p>Tous les quatre <a href=\"https:\/\/mesinfos.fr\/42000-saint-etienne\/chantage-a-la-mairie-de-saint-etienne-gael-perdriau-reconnu-coupable-235030.html\" rel=\"noopener\" target=\"_blank\">ont \u00e9t\u00e9 condamn\u00e9s<\/a> le 1er d\u00e9cembre \u00e0 des peines de prison ferme, avec ex\u00e9cution provisoire, par le tribunal correctionnel de Lyon, \u00e0 l\u2019issue du proc\u00e8s pour <a href=\"https:\/\/mesinfos.fr\/dossier-chantage-a-la-mairie-de-saint-etienne-un-proces-tant-attendu-297\" rel=\"noopener\" target=\"_blank\">chantage \u00e0 la vid\u00e9o intime<\/a> exerc\u00e9 contre l\u2019ex-premier adjoint centriste Gilles Artigues. <\/p>\n<p>Affaire Perdriau : K\u00e9fi-J\u00e9r\u00f4me et Rossary-Lenglet font eux aussi appel\u00a0 <\/p>\n<p>Par ailleurs, \u00e0 l\u2019instar de l\u2019ex-maire de Saint-\u00c9tienne, Samy K\u00e9fi-J\u00e9r\u00f4me et Gilles Rossary-Lenglet ont \u00e0 leur tour fait appel du jugement rendu. Les avocats des quatre hommes condamn\u00e9s \u00e0 des peines de deux \u00e0 quatre ans de prison ferme d\u00e9plorent en \u00ab\u00a0ignorer les motivations\u00a0\u00bb, car le jugement d\u2019une centaine de pages ne leur avait \u00ab\u00a0toujours pas \u00e9t\u00e9 transmis\u00a0\u00bb\u00a0mercredi 10 d\u00e9cembre. <\/p>\n<p>Le parquet de Lyon a de son c\u00f4t\u00e9 fait des appels incidents, afin de se m\u00e9nager la possibilit\u00e9 de requ\u00e9rir une peine sup\u00e9rieure \u00e0 celle prononc\u00e9e en premi\u00e8re instance.<\/p>\n<p>Les avocats de l\u2019ex-maire de Saint-\u00c9tienne ont annonc\u00e9 mercredi qu\u2019ils feront \u00ab\u00a0une demande de mise en libert\u00e9\u00a0\u00bb de leur client \u00ab\u00a0le jour de son incarc\u00e9ration, car aucun des crit\u00e8res pouvant justifier son maintien en d\u00e9tention ne s\u2019applique \u00e0 lui\u00a0\u00bb. <\/p>\n<p>Gilles Rossary-Lenglet et Pierre Gauttieri ont quant \u00e0 eux tous deux indiqu\u00e9 qu\u2019ils feront une \u00ab\u00a0demande d\u2019am\u00e9nagement de peine\u00a0\u00bb pour ne pas \u00eatre maintenus en d\u00e9tention, eu \u00e9gard \u00e0 leur \u00e9tat de sant\u00e9 pr\u00e9caire et aux soins qu\u2019il n\u00e9cessite. <\/p>\n<p>Selon l&rsquo;avocate de Gilles Rossary-Lenglet \u00ab\u00a0la peine manque de personnalisation\u00a0\u00bb <\/p>\n<p>Me Vicky Mazoyer, avocate de Gilles Rossary-Lenglet, d\u00e9clare ne pas vouloir \u00ab\u00a0prendre le risque de laisser les autres protagonistes de l\u2019affaire dire tout et n\u2019importe quoi sur mon client, sans pouvoir y r\u00e9pondre, ni plaider\u00a0\u00bb. <\/p>\n<p>Elle estime que la peine de trois ans de prison ferme de son client \u00ab\u00a0manque de personnalisation\u00a0(\u2026) car lui n\u2019\u00e9tait pas \u00e9lu et n\u2019avait pas de responsabilit\u00e9 \u00e0 la mairie de Saint-\u00c9tienne. Il est par ailleurs le seul dont la version n\u2019a pas vari\u00e9 depuis trois ans et c\u2019est gr\u00e2ce \u00e0 lui que les faits de chantage ont \u00e9t\u00e9 r\u00e9v\u00e9l\u00e9s\u00a0\u00bb.<\/p>\n","protected":false},"excerpt":{"rendered":"\u00a9 Marine Gonard &#8211; Trois des protagonistes sont convoqu\u00e9s mardi par le parquet de Saint-\u00c9tienne. Ga\u00ebl Perdriau, son&hellip;\n","protected":false},"author":2,"featured_media":591207,"comment_status":"","ping_status":"","sticky":false,"template":"","format":"standard","meta":{"footnotes":""},"categories":[9653],"tags":[1111,11,2430,54968,1777,674,1011,27,27954,12,25,4001,56157,15880],"class_list":{"0":"post-591563","1":"post","2":"type-post","3":"status-publish","4":"format-standard","5":"has-post-thumbnail","7":"category-saint-etienne","8":"tag-actu","9":"tag-actualites","10":"tag-auvergne-rhone-alpes","11":"tag-chantage-u00e0-la-video-intime","12":"tag-eu","13":"tag-europe","14":"tag-fr","15":"tag-france","16":"tag-gau00ebl-perdriau","17":"tag-news","18":"tag-republique-francaise","19":"tag-saint-etienne","20":"tag-tribunaux","21":"tag-ville-de-saint-etienne"},"share_on_mastodon":{"url":"https:\/\/pubeurope.com\/@fr\/115697722142743618","error":""},"_links":{"self":[{"href":"https:\/\/www.europesays.com\/fr\/wp-json\/wp\/v2\/posts\/591563","targetHints":{"allow":["GET"]}}],"collection":[{"href":"https:\/\/www.europesays.com\/fr\/wp-json\/wp\/v2\/posts"}],"about":[{"href":"https:\/\/www.europesays.com\/fr\/wp-json\/wp\/v2\/types\/post"}],"author":[{"embeddable":true,"href":"https:\/\/www.europesays.com\/fr\/wp-json\/wp\/v2\/users\/2"}],"replies":[{"embeddable":true,"href":"https:\/\/www.europesays.com\/fr\/wp-json\/wp\/v2\/comments?post=591563"}],"version-history":[{"count":0,"href":"https:\/\/www.europesays.com\/fr\/wp-json\/wp\/v2\/posts\/591563\/revisions"}],"wp:featuredmedia":[{"embeddable":true,"href":"https:\/\/www.europesays.com\/fr\/wp-json\/wp\/v2\/media\/591207"}],"wp:attachment":[{"href":"https:\/\/www.europesays.com\/fr\/wp-json\/wp\/v2\/media?parent=591563"}],"wp:term":[{"taxonomy":"category","embeddable":true,"href":"https:\/\/www.europesays.com\/fr\/wp-json\/wp\/v2\/categories?post=591563"},{"taxonomy":"post_tag","embeddable":true,"href":"https:\/\/www.europesays.com\/fr\/wp-json\/wp\/v2\/tags?post=591563"}],"curies":[{"name":"wp","href":"https:\/\/api.w.org\/{rel}","templated":true}]}}