{"id":591564,"date":"2025-12-10T22:51:20","date_gmt":"2025-12-10T22:51:20","guid":{"rendered":"https:\/\/www.europesays.com\/fr\/591564\/"},"modified":"2025-12-10T22:51:20","modified_gmt":"2025-12-10T22:51:20","slug":"saint-nicolas-rejoindra-son-bateau-sur-le-quai-sainte-catherine","status":"publish","type":"post","link":"https:\/\/www.europesays.com\/fr\/591564\/","title":{"rendered":"Saint Nicolas rejoindra son bateau sur le Quai Sainte-Catherine"},"content":{"rendered":"<p>\u00c9loignons-nous de la comptine et de l\u2019histoire bien connues pour retrouver saint Nicolas sur l\u2019eau, car il est \u00e9galement patron des bateliers et des mariniers.<\/p>\n<p>Cette ann\u00e9e, la f\u00eate se d\u00e9ploie entre le parvis de l\u2019\u00e9cole d\u2019architecture et le quai Sainte-Catherine, dans un d\u00e9cor lumineux tr\u00e8s chic et une ambiance musicale, entre la folie latine de Habemus Banda et la bonne humeur contagieuse de la Fanfare des Enfants du Boucher.<\/p>\n<p><strong>Au programme<\/strong><\/p>\n<p>16\u00a0h\u00a030\u00a0: Sur le parvis de l\u2019\u00e9cole d\u2019architecture, ambiance musicale avec la fanfare Habemus banda, atelier de s\u00e9rigraphie participatif, food truck, bar et une surprise de la Fanfare des enfants du boucher.<\/p>\n<p>17\u00a0h\u00a0: Dj Set de Maka Legba.<\/p>\n<p>17\u00a0h\u00a045\u00a0: arriv\u00e9e en musique du cort\u00e8ge des enfants.<\/p>\n<p>18\u00a0h\u00a0: spectacle sur le quai Sainte-Catherine ambianc\u00e9 par le com\u00e9dien Fran\u00e7ois Barthelemy, avec la Fanfare des enfants du boucher, l\u2019arriv\u00e9e de saint Nicolas en bateau et un feu d\u2019artifice.<\/p>\n<p>19\u00a0h\u00a015\u00a0: Sur le parvis de l\u2019\u00e9cole d\u2019architecture avec le DJ set de Maka Legba, des s\u00e9ances photos de saint Nicolas, un atelier de s\u00e9rigraphie, food trucks, bar et \u00e0 20\u00a0h le concert de Las Baklavas (musique des balkans) propos\u00e9 par l\u2019Autre canal.<\/p>\n<p class=\"note\">Quai Sainte-Catherine \u00e0 Nancy et parvis de l\u2019\u00e9cole d\u2019architecture samedi 13\u00a0d\u00e9cembre de 16\u00a0h\u00a030 \u00e0 21\u00a0h.<\/p>\n","protected":false},"excerpt":{"rendered":"\u00c9loignons-nous de la comptine et de l\u2019histoire bien connues pour retrouver saint Nicolas sur l\u2019eau, car il est&hellip;\n","protected":false},"author":2,"featured_media":591565,"comment_status":"","ping_status":"","sticky":false,"template":"","format":"standard","meta":{"footnotes":""},"categories":[9635],"tags":[1111,11,1687,1704,1777,674,3326,1011,27,775,1702,1703,12,25],"class_list":{"0":"post-591564","1":"post","2":"type-post","3":"status-publish","4":"format-standard","5":"has-post-thumbnail","7":"category-nancy","8":"tag-actu","9":"tag-actualites","10":"tag-culture-loisirs","11":"tag-edition-nancy-et-agglomeration","12":"tag-eu","13":"tag-europe","14":"tag-fete-locale","15":"tag-fr","16":"tag-france","17":"tag-grand-est","18":"tag-nancy","19":"tag-nancy-ville-54b","20":"tag-news","21":"tag-republique-francaise"},"share_on_mastodon":{"url":"https:\/\/pubeurope.com\/@fr\/115697725289811497","error":""},"_links":{"self":[{"href":"https:\/\/www.europesays.com\/fr\/wp-json\/wp\/v2\/posts\/591564","targetHints":{"allow":["GET"]}}],"collection":[{"href":"https:\/\/www.europesays.com\/fr\/wp-json\/wp\/v2\/posts"}],"about":[{"href":"https:\/\/www.europesays.com\/fr\/wp-json\/wp\/v2\/types\/post"}],"author":[{"embeddable":true,"href":"https:\/\/www.europesays.com\/fr\/wp-json\/wp\/v2\/users\/2"}],"replies":[{"embeddable":true,"href":"https:\/\/www.europesays.com\/fr\/wp-json\/wp\/v2\/comments?post=591564"}],"version-history":[{"count":0,"href":"https:\/\/www.europesays.com\/fr\/wp-json\/wp\/v2\/posts\/591564\/revisions"}],"wp:featuredmedia":[{"embeddable":true,"href":"https:\/\/www.europesays.com\/fr\/wp-json\/wp\/v2\/media\/591565"}],"wp:attachment":[{"href":"https:\/\/www.europesays.com\/fr\/wp-json\/wp\/v2\/media?parent=591564"}],"wp:term":[{"taxonomy":"category","embeddable":true,"href":"https:\/\/www.europesays.com\/fr\/wp-json\/wp\/v2\/categories?post=591564"},{"taxonomy":"post_tag","embeddable":true,"href":"https:\/\/www.europesays.com\/fr\/wp-json\/wp\/v2\/tags?post=591564"}],"curies":[{"name":"wp","href":"https:\/\/api.w.org\/{rel}","templated":true}]}}