{"id":591566,"date":"2025-12-10T22:52:38","date_gmt":"2025-12-10T22:52:38","guid":{"rendered":"https:\/\/www.europesays.com\/fr\/591566\/"},"modified":"2025-12-10T22:52:38","modified_gmt":"2025-12-10T22:52:38","slug":"nationale-2-la-belle-serie-de-lasptt-nancy-tomblaine-basket-2","status":"publish","type":"post","link":"https:\/\/www.europesays.com\/fr\/591566\/","title":{"rendered":"Nationale 2 : la belle s\u00e9rie de l&rsquo;ASPTT Nancy Tomblaine Basket"},"content":{"rendered":"<p>Les basketteuses de l&rsquo;ASPTT Nancy Tomblaine en pleine euphorie\u00a0! Apr\u00e8s une victoire pleine de promesses \u00e0 Strasbourg face \u00e0 la SIG (63-73), elles signent leur 3e succ\u00e8s cons\u00e9cutif et se replacent au milieu de tableau. Prochain d\u00e9fi \u00e0 domicile le 10 janvier contre Templeuve.<\/p>\n<p>L&rsquo;ASPTT Nancy Tomblaine Basket traverse actuellement <strong>une p\u00e9riode de forme exceptionnelle.<\/strong> L&rsquo;\u00e9quipe f\u00e9minine, dirig\u00e9e par Bertrand Ternard, vient d&rsquo;encha\u00eener une troisi\u00e8me victoire cons\u00e9cutive, un \u00e9lan qui r\u00e9jouit les supporters et repositionne le club au\u00a0<a target=\"_blank\" rel=\"nofollow noopener noreferrer\" class=\"IciLink ici-link IciArticleLink g-ici-body-regular-1 underline brand svelte-1chfe2s\" href=\"https:\/\/www.bienpublic.com\/sport\/classement\/basket-ball\/national-nationale-2-feminine-poule-d\">classement<\/a>\u00a0dans sa poule D de National 2.<\/p>\n<p>Le dernier coup d&rsquo;\u00e9clat s&rsquo;est d\u00e9roul\u00e9 \u00e0 l&rsquo;ext\u00e9rieur, en terre alsacienne, face \u00e0 la SIG, \u00e0 Strasbourg (63-73). Dans une rencontre o\u00f9 l&rsquo;intensit\u00e9 n&rsquo;a jamais faibli, les Meurthe-et-Mosellanes ont su faire preuve de sang-froid et de d\u00e9termination collective pour s&rsquo;imposer. Cette victoire pr\u00e9cieuse est un marqueur fort de la progression et de la confiance retrouv\u00e9e au sein du groupe.<\/p>\n<p>Gr\u00e2ce \u00e0 cette s\u00e9rie positive, l&rsquo;ASPTT Nancy Tomblaine quitte la zone de turbulence et se retrouve d\u00e9sormais solidement install\u00e9e au milieu de tableau. Cette position est un point de d\u00e9part id\u00e9al pour atteindre la tr\u00eave hivernale et aborder la suite de la saison avec ambition et s\u00e9r\u00e9nit\u00e9.<\/p>\n<p>Le d\u00e9fi ne s&rsquo;arr\u00eate pas l\u00e0. L&rsquo;ASPTT Nancy Tomblaine se pr\u00e9pare maintenant \u00e0 retrouver son\u00a0 public. Le prochain rendez-vous est fix\u00e9 le 10 janvier, face \u00e0 Templeuve, l&rsquo;avant dernier du classement. Une occasion en or de confirmer cette dynamique devant ses supporters et de continuer \u00e0 grimper au classement. Le coach, Bertrand Ternard\u00a0 est dans <strong>100% SPORTS.<\/strong><\/p>\n<p>\u00c0 lire aussi   <img decoding=\"async\" src=\"https:\/\/www.europesays.com\/fr\/wp-content\/uploads\/2025\/12\/1765407158_78_400x400\" alt=\"\" style=\"--_image-preview:url('data:image\/jpeg;base64,\/9j\/2wBDACgcHiMeGSgjISMtKygwPGRBPDc3PHtYXUlkkYCZlo+AjIqgtObDoKrarYqMyP\/L2u71\/\/\/\/m8H\/\/\/\/6\/+b9\/\/j\/2wBDASstLTw1PHZBQXb4pYyl+Pj4+Pj4+Pj4+Pj4+Pj4+Pj4+Pj4+Pj4+Pj4+Pj4+Pj4+Pj4+Pj4+Pj4+Pj4+Pj4+Pj\/wAARCAAXACoDASIAAhEBAxEB\/8QAGAAAAwEBAAAAAAAAAAAAAAAAAAECAwX\/xAAYEAEBAQEBAAAAAAAAAAAAAAAAAQIREv\/EABYBAQEBAAAAAAAAAAAAAAAAAAEAAv\/EABYRAQEBAAAAAAAAAAAAAAAAAAABEf\/aAAwDAQACEQMRAD8A6VK1N0z1opd0jVRdpukD0g7U9WBtds9aAUbZ3Q9AFkdLoBZf\/9k=');\" loading=\"lazy\" fetchpriority=\"low\" aria-hidden=\"true\" class=\"svelte-1cksh76 rounded\" onload=\"this.__e=event\" onerror=\"this.__e=event\"\/><\/p>\n","protected":false},"excerpt":{"rendered":"Les basketteuses de l&rsquo;ASPTT Nancy Tomblaine en pleine euphorie\u00a0! Apr\u00e8s une victoire pleine de promesses \u00e0 Strasbourg face&hellip;\n","protected":false},"author":2,"featured_media":591211,"comment_status":"","ping_status":"","sticky":false,"template":"","format":"standard","meta":{"footnotes":""},"categories":[9635],"tags":[1111,11,1777,674,1011,27,775,1702,12,25],"class_list":{"0":"post-591566","1":"post","2":"type-post","3":"status-publish","4":"format-standard","5":"has-post-thumbnail","7":"category-nancy","8":"tag-actu","9":"tag-actualites","10":"tag-eu","11":"tag-europe","12":"tag-fr","13":"tag-france","14":"tag-grand-est","15":"tag-nancy","16":"tag-news","17":"tag-republique-francaise"},"share_on_mastodon":{"url":"https:\/\/pubeurope.com\/@fr\/115697729935470695","error":""},"_links":{"self":[{"href":"https:\/\/www.europesays.com\/fr\/wp-json\/wp\/v2\/posts\/591566","targetHints":{"allow":["GET"]}}],"collection":[{"href":"https:\/\/www.europesays.com\/fr\/wp-json\/wp\/v2\/posts"}],"about":[{"href":"https:\/\/www.europesays.com\/fr\/wp-json\/wp\/v2\/types\/post"}],"author":[{"embeddable":true,"href":"https:\/\/www.europesays.com\/fr\/wp-json\/wp\/v2\/users\/2"}],"replies":[{"embeddable":true,"href":"https:\/\/www.europesays.com\/fr\/wp-json\/wp\/v2\/comments?post=591566"}],"version-history":[{"count":0,"href":"https:\/\/www.europesays.com\/fr\/wp-json\/wp\/v2\/posts\/591566\/revisions"}],"wp:featuredmedia":[{"embeddable":true,"href":"https:\/\/www.europesays.com\/fr\/wp-json\/wp\/v2\/media\/591211"}],"wp:attachment":[{"href":"https:\/\/www.europesays.com\/fr\/wp-json\/wp\/v2\/media?parent=591566"}],"wp:term":[{"taxonomy":"category","embeddable":true,"href":"https:\/\/www.europesays.com\/fr\/wp-json\/wp\/v2\/categories?post=591566"},{"taxonomy":"post_tag","embeddable":true,"href":"https:\/\/www.europesays.com\/fr\/wp-json\/wp\/v2\/tags?post=591566"}],"curies":[{"name":"wp","href":"https:\/\/api.w.org\/{rel}","templated":true}]}}