{"id":591569,"date":"2025-12-10T22:55:17","date_gmt":"2025-12-10T22:55:17","guid":{"rendered":"https:\/\/www.europesays.com\/fr\/591569\/"},"modified":"2025-12-10T22:55:17","modified_gmt":"2025-12-10T22:55:17","slug":"sur-le-sol-de-lancien-bidonville-va-pousser-un-nouveau-groupe-scolaire-au-nord-de-montpellier","status":"publish","type":"post","link":"https:\/\/www.europesays.com\/fr\/591569\/","title":{"rendered":"Sur le sol de l\u2019ancien bidonville va pousser un nouveau groupe scolaire au nord de Montpellier"},"content":{"rendered":"<p>\n                                                                La premi\u00e8re pierre symbolique du futur \u00e9tablissement (la maternelle Tomi-Ungerer et l\u2019\u00e9cole \u00e9l\u00e9mentaire Milan-Kundera) fera \u00e9cho au futur h\u00f4tel des s\u00e9curit\u00e9s de Montpellier, sur un terrain dit de Parc 2000, longeant la rue du Pilory et situ\u00e9 entre les quartiers de la Mosson, Celleneuve et du Petit-Bard. D\u00e9but des travaux en 2026.\n                            <\/p>\n<p>\u00ab\u00a0Pourquoi ces d\u00e9nominations\u00a0? Parce que nous sommes ardemment engag\u00e9s dans un combat de civilisation pour le livre\u00a0!\u00a0\u00bb a l\u00e2ch\u00e9, offensif, Micha\u00ebl Delafosse. Ce 10\u00a0d\u00e9cembre en fin de\u00a0matin\u00e9e, le maire de Montpellier a donc livr\u00e9 les noms (ceux de Tomi Ungerer et\u00a0Milan Kundera) de ceux qui orneront, d\u2019ici 2030, le groupe scolaire b\u00e2ti \u00e0 Parc\u00a02000. \u00c0 la crois\u00e9e des quartiers de Celleneuve, de La Mosson, d\u2019Alco et du Petit-Bard. <a href=\"https:\/\/www.midilibre.fr\/2022\/04\/25\/montpellier-au-bidonville-de-celleneuve-la-fin-de-dix-ans-dinsalubrite-10258190.php\" target=\"_blank\" rel=\"noopener\">Sur un terrain ayant, sept ann\u00e9es durant, abrit\u00e9 un bidonville<\/a>.<\/p>\n<p>Une\u00a0\u00ab\u00a0tache pour la\u00a0ville\u00a0\u00bb que l\u2019\u00e9dile entend bien finir d\u2019effacer. Cela a d\u00e9j\u00e0 \u00e9t\u00e9 le cas avec la prise en charge des familles qui vivaient l\u00e0 dans des conditions aussi infamantes que d\u00e9plorables. Puis, avec la d\u00e9pollution du site. Mais encore et plus r\u00e9cemment avec le lancement du <a href=\"https:\/\/www.midilibre.fr\/2025\/06\/27\/lhotel-des-securites-sinstallera-sur-le-site-de-lancien-bidonville-de-celleneuve-a-montpellier-12788580.php\" target=\"_blank\" rel=\"noopener\">chantier du futur h\u00f4tel des s\u00e9curit\u00e9s (ouverture pr\u00e9vue en 2029 et qui regroupera le central de la police municipale montpelli\u00e9raine et le centre de supervision urbaine<\/a>, NDLR). Avec, enfin, le lancement du chantier de ce nouveau groupe scolaire auquel sera adjoint un projet immobilier port\u00e9 par le bailleur social et\u00a0am\u00e9nageur m\u00e9tropolitain Alt\u00e9med et portant sur la construction de <strong>soixante logements au profit des plus modestes<\/strong>.<\/p>\n<p>Vingt-deux classes dont huit d\u00e9doubl\u00e9es, un restaurant scolaire, deux biblioth\u00e8ques, un jardin p\u00e9dagogique\u2026<\/p>\n<p>C\u00f4t\u00e9 \u00e9ducation, le futur groupe scolaire de 4\u00a0365m2 s\u2019articulera\u00a0dans un b\u00e2timent (R +\u00a01) dans lequel se trouveront vingt-deux classes (dont huit d\u00e9doubl\u00e9es CP-CE1), deux biblioth\u00e8ques, un restaurant scolaire et\u00a0une salle d\u2019activit\u00e9s.<\/p>\n<p>Les logements prenants, eux, les \u00e9tages sup\u00e9rieurs (du deuxi\u00e8me au quatri\u00e8me sur\u00a03\u00a0907\u00a0m2 de surface plancher).<\/p>\n<p>Au sol enfin, deux cours de r\u00e9cr\u00e9ation et un jardin p\u00e9dagogique seront cr\u00e9\u00e9s. Concernant la construction, dudit groupe scolaire, le choix de l\u2019architecte\u00a0s\u2019est port\u00e9 sur le b\u00e9ton, des fa\u00e7ades \u00e0 ossatures bois et isolants en paille, un enduit \u00e0 la chaux, des cours v\u00e9g\u00e9talis\u00e9es\u2026 Sachant que certains\u00a0des mat\u00e9riaux utilis\u00e9s lors de la construction seront issus du r\u00e9emploi.<\/p>\n<p>Le co\u00fbt total de ce chantier se chiffre \u00e0 quelque 24\u00a0M\u20ac pour la Ville.<\/p>\n","protected":false},"excerpt":{"rendered":"La premi\u00e8re pierre symbolique du futur \u00e9tablissement (la maternelle Tomi-Ungerer et l\u2019\u00e9cole \u00e9l\u00e9mentaire Milan-Kundera) fera \u00e9cho au futur&hellip;\n","protected":false},"author":2,"featured_media":591570,"comment_status":"","ping_status":"","sticky":false,"template":"","format":"standard","meta":{"footnotes":""},"categories":[9599],"tags":[1111,11,1057,70461,1777,674,1011,27,7089,2208,12,2680,25],"class_list":{"0":"post-591569","1":"post","2":"type-post","3":"status-publish","4":"format-standard","5":"has-post-thumbnail","7":"category-montpellier","8":"tag-actu","9":"tag-actualites","10":"tag-education","11":"tag-enseignement-et-formation","12":"tag-eu","13":"tag-europe","14":"tag-fr","15":"tag-france","16":"tag-herault","17":"tag-montpellier","18":"tag-news","19":"tag-occitanie","20":"tag-republique-francaise"},"share_on_mastodon":{"url":"https:\/\/pubeurope.com\/@fr\/115697741003615795","error":""},"_links":{"self":[{"href":"https:\/\/www.europesays.com\/fr\/wp-json\/wp\/v2\/posts\/591569","targetHints":{"allow":["GET"]}}],"collection":[{"href":"https:\/\/www.europesays.com\/fr\/wp-json\/wp\/v2\/posts"}],"about":[{"href":"https:\/\/www.europesays.com\/fr\/wp-json\/wp\/v2\/types\/post"}],"author":[{"embeddable":true,"href":"https:\/\/www.europesays.com\/fr\/wp-json\/wp\/v2\/users\/2"}],"replies":[{"embeddable":true,"href":"https:\/\/www.europesays.com\/fr\/wp-json\/wp\/v2\/comments?post=591569"}],"version-history":[{"count":0,"href":"https:\/\/www.europesays.com\/fr\/wp-json\/wp\/v2\/posts\/591569\/revisions"}],"wp:featuredmedia":[{"embeddable":true,"href":"https:\/\/www.europesays.com\/fr\/wp-json\/wp\/v2\/media\/591570"}],"wp:attachment":[{"href":"https:\/\/www.europesays.com\/fr\/wp-json\/wp\/v2\/media?parent=591569"}],"wp:term":[{"taxonomy":"category","embeddable":true,"href":"https:\/\/www.europesays.com\/fr\/wp-json\/wp\/v2\/categories?post=591569"},{"taxonomy":"post_tag","embeddable":true,"href":"https:\/\/www.europesays.com\/fr\/wp-json\/wp\/v2\/tags?post=591569"}],"curies":[{"name":"wp","href":"https:\/\/api.w.org\/{rel}","templated":true}]}}