{"id":591579,"date":"2025-12-10T23:03:14","date_gmt":"2025-12-10T23:03:14","guid":{"rendered":"https:\/\/www.europesays.com\/fr\/591579\/"},"modified":"2025-12-10T23:03:14","modified_gmt":"2025-12-10T23:03:14","slug":"a-rennes-une-dedicace-du-roman-jeunesse-un-si-long-voyage-laureat-du-prix-ouest-france-dimoitou","status":"publish","type":"post","link":"https:\/\/www.europesays.com\/fr\/591579\/","title":{"rendered":"\u00c0 Rennes, une d\u00e9dicace du roman jeunesse Un si long voyage, laur\u00e9at du Prix Ouest-France Dimoitou"},"content":{"rendered":"<p>Samedi 13\u00a0d\u00e9cembre 2025, la Maif de Rennes, en partenariat avec Ouest-France et la Librairie Le Failler, accueillera Ya\u00ebl Hassan et Rachel Hausfater, <a href=\"https:\/\/rennes.maville.com\/actu\/actudet_-prix-ouest-france-dimoitou-2025.-un-prix-hommage-aux-enfants-caches-de-la-seconde-guerre-mondiale-_54135-7005544_actu.Htm\" target=\"_self\" rel=\"noopener\">les autrices du roman jeunesse<\/a>  <a href=\"https:\/\/rennes.maville.com\/actu\/actudet_-prix-ouest-france-dimoitou-2025.-un-prix-hommage-aux-enfants-caches-de-la-seconde-guerre-mondiale-_54135-7005544_actu.Htm\" target=\"_self\" rel=\"noopener\"> Un si long voyage<\/a>, qui a remport\u00e9 <a href=\"https:\/\/rennes.maville.com\/actu\/actudet_-prix-ouest-france-dimoitou-2025.-participe-au-jury-pour-recompenser-ton-livre-prefere-_53511-6782471_actu.Htm\" target=\"_self\" rel=\"noopener\">le Prix Ouest-France Dimoitou, au mois d\u2019octobre.<\/a> Le livre a \u00e9t\u00e9 choisi par un jury\u00a0de dix enfants, \u00e2g\u00e9s de 8 \u00e0 10\u00a0ans.<\/p>\n<p>Une histoire inspir\u00e9e de leur vie<\/p>\n<p>L\u2019histoire se d\u00e9roule en 1942 alors que Paris est occup\u00e9 par les Allemands. Trois enfants juifs se lancent dans un long et p\u00e9rilleux voyage sur les routes de France. Ce livre, \u00e9crit en duo par les ins\u00e9parables Ya\u00ebl Hassan et Rachel Hausfater, est largement inspir\u00e9 par leurs propres histoires.<\/p>\n<p>Samedi 13\u00a0d\u00e9cembre 2025, de 10\u00a0h \u00e0 12\u00a0h\u00a030 et de 14\u00a0h \u00e0 16\u00a0h, \u00e0 l\u2019espace Maif de Rennes, 5,\u00a0rue du Mar\u00e9chal-Joffre. Entr\u00e9e libre.<\/p>\n<p>\u00a0<\/p>\n","protected":false},"excerpt":{"rendered":"Samedi 13\u00a0d\u00e9cembre 2025, la Maif de Rennes, en partenariat avec Ouest-France et la Librairie Le Failler, accueillera Ya\u00ebl&hellip;\n","protected":false},"author":2,"featured_media":591580,"comment_status":"","ping_status":"","sticky":false,"template":"","format":"standard","meta":{"footnotes":""},"categories":[2821],"tags":[1111,11,829,21073,70462,1777,674,1011,27,4075,10496,65602,12,7418,2141,584,25,2004,586],"class_list":{"0":"post-591579","1":"post","2":"type-post","3":"status-publish","4":"format-standard","5":"has-post-thumbnail","7":"category-rennes","8":"tag-actu","9":"tag-actualites","10":"tag-bretagne","11":"tag-dedicace","12":"tag-dimoitou","13":"tag-eu","14":"tag-europe","15":"tag-fr","16":"tag-france","17":"tag-jeunesse","18":"tag-long","19":"tag-laureat","20":"tag-news","21":"tag-ouest-france","22":"tag-prix","23":"tag-rennes","24":"tag-republique-francaise","25":"tag-roman","26":"tag-voyage"},"share_on_mastodon":{"url":"https:\/\/pubeurope.com\/@fr\/115697772425102502","error":""},"_links":{"self":[{"href":"https:\/\/www.europesays.com\/fr\/wp-json\/wp\/v2\/posts\/591579","targetHints":{"allow":["GET"]}}],"collection":[{"href":"https:\/\/www.europesays.com\/fr\/wp-json\/wp\/v2\/posts"}],"about":[{"href":"https:\/\/www.europesays.com\/fr\/wp-json\/wp\/v2\/types\/post"}],"author":[{"embeddable":true,"href":"https:\/\/www.europesays.com\/fr\/wp-json\/wp\/v2\/users\/2"}],"replies":[{"embeddable":true,"href":"https:\/\/www.europesays.com\/fr\/wp-json\/wp\/v2\/comments?post=591579"}],"version-history":[{"count":0,"href":"https:\/\/www.europesays.com\/fr\/wp-json\/wp\/v2\/posts\/591579\/revisions"}],"wp:featuredmedia":[{"embeddable":true,"href":"https:\/\/www.europesays.com\/fr\/wp-json\/wp\/v2\/media\/591580"}],"wp:attachment":[{"href":"https:\/\/www.europesays.com\/fr\/wp-json\/wp\/v2\/media?parent=591579"}],"wp:term":[{"taxonomy":"category","embeddable":true,"href":"https:\/\/www.europesays.com\/fr\/wp-json\/wp\/v2\/categories?post=591579"},{"taxonomy":"post_tag","embeddable":true,"href":"https:\/\/www.europesays.com\/fr\/wp-json\/wp\/v2\/tags?post=591579"}],"curies":[{"name":"wp","href":"https:\/\/api.w.org\/{rel}","templated":true}]}}