{"id":591581,"date":"2025-12-10T23:04:41","date_gmt":"2025-12-10T23:04:41","guid":{"rendered":"https:\/\/www.europesays.com\/fr\/591581\/"},"modified":"2025-12-10T23:04:41","modified_gmt":"2025-12-10T23:04:41","slug":"au-sud-de-rennes-un-jeune-poignarde-a-la-jambe-par-lhomme-qui-lhebergeait","status":"publish","type":"post","link":"https:\/\/www.europesays.com\/fr\/591581\/","title":{"rendered":"Au sud de Rennes, un jeune poignard\u00e9 \u00e0 la jambe par l\u2019homme qui l\u2019h\u00e9bergeait"},"content":{"rendered":"<p>Ce mercredi, un jeune homme d\u2019une vingtaine d\u2019ann\u00e9es a \u00e9t\u00e9 retrouv\u00e9 gri\u00e8vement bless\u00e9 dans un appartement \u00e0 Chantepie. Selon nos informations, la victime a re\u00e7u un coup de couteau \u00e0 la jambe par un homme qui l\u2019h\u00e9bergeait et qui est beaucoup plus \u00e2g\u00e9e que lui. L&rsquo;auteur du coup de couteau a \u00e9t\u00e9 interpell\u00e9. Comme l\u2019indique<a href=\"https:\/\/www.ouest-france.fr\/societe\/faits-divers\/un-jeune-homme-grievement-blesse-apres-avoir-ete-poignarde-au-sud-de-rennes-un-individu-interpelle-d1593bb0-d5a3-11f0-b394-5c54c9d4355d\" target=\"_blank\" rel=\"noopener\"> Ouest-France<\/a>, la victime a \u00e9t\u00e9 transport\u00e9e \u00e0 l\u2019h\u00f4pital et son pronostic vital \u00e9tait engag\u00e9.<\/p>\n","protected":false},"excerpt":{"rendered":"Ce mercredi, un jeune homme d\u2019une vingtaine d\u2019ann\u00e9es a \u00e9t\u00e9 retrouv\u00e9 gri\u00e8vement bless\u00e9 dans un appartement \u00e0 Chantepie.&hellip;\n","protected":false},"author":2,"featured_media":591582,"comment_status":"","ping_status":"","sticky":false,"template":"","format":"standard","meta":{"footnotes":""},"categories":[2821],"tags":[1111,11,829,1777,674,3383,1011,27,848,12,584,25],"class_list":{"0":"post-591581","1":"post","2":"type-post","3":"status-publish","4":"format-standard","5":"has-post-thumbnail","7":"category-rennes","8":"tag-actu","9":"tag-actualites","10":"tag-bretagne","11":"tag-eu","12":"tag-europe","13":"tag-faits-divers-a-rennes","14":"tag-fr","15":"tag-france","16":"tag-ille-et-vilaine","17":"tag-news","18":"tag-rennes","19":"tag-republique-francaise"},"share_on_mastodon":{"url":"https:\/\/pubeurope.com\/@fr\/115697776313038038","error":""},"_links":{"self":[{"href":"https:\/\/www.europesays.com\/fr\/wp-json\/wp\/v2\/posts\/591581","targetHints":{"allow":["GET"]}}],"collection":[{"href":"https:\/\/www.europesays.com\/fr\/wp-json\/wp\/v2\/posts"}],"about":[{"href":"https:\/\/www.europesays.com\/fr\/wp-json\/wp\/v2\/types\/post"}],"author":[{"embeddable":true,"href":"https:\/\/www.europesays.com\/fr\/wp-json\/wp\/v2\/users\/2"}],"replies":[{"embeddable":true,"href":"https:\/\/www.europesays.com\/fr\/wp-json\/wp\/v2\/comments?post=591581"}],"version-history":[{"count":0,"href":"https:\/\/www.europesays.com\/fr\/wp-json\/wp\/v2\/posts\/591581\/revisions"}],"wp:featuredmedia":[{"embeddable":true,"href":"https:\/\/www.europesays.com\/fr\/wp-json\/wp\/v2\/media\/591582"}],"wp:attachment":[{"href":"https:\/\/www.europesays.com\/fr\/wp-json\/wp\/v2\/media?parent=591581"}],"wp:term":[{"taxonomy":"category","embeddable":true,"href":"https:\/\/www.europesays.com\/fr\/wp-json\/wp\/v2\/categories?post=591581"},{"taxonomy":"post_tag","embeddable":true,"href":"https:\/\/www.europesays.com\/fr\/wp-json\/wp\/v2\/tags?post=591581"}],"curies":[{"name":"wp","href":"https:\/\/api.w.org\/{rel}","templated":true}]}}