{"id":591583,"date":"2025-12-10T23:06:28","date_gmt":"2025-12-10T23:06:28","guid":{"rendered":"https:\/\/www.europesays.com\/fr\/591583\/"},"modified":"2025-12-10T23:06:28","modified_gmt":"2025-12-10T23:06:28","slug":"le-capitaine-sprutz-jean-luc-falbriard-createur-de-lespace-k-a-strasbourg","status":"publish","type":"post","link":"https:\/\/www.europesays.com\/fr\/591583\/","title":{"rendered":"Le capitaine Spr\u00fctz, Jean Luc Falbriard, cr\u00e9ateur de l&rsquo;espace K \u00e0 Strasbourg"},"content":{"rendered":"<p><img loading=\"lazy\" decoding=\"async\" class=\"\" src=\"https:\/\/www.europesays.com\/fr\/wp-content\/uploads\/2025\/12\/b1d2258c-677a-48f9-89a4-ba79e6061d75.jpg\" alt=\"TOP MUSIC\" width=\"1\" height=\"1\"\/><\/p>\n<p class=\"date\">10 d\u00e9cembre 2025 &#8211; 11 min<\/p>\n<p>Le capitaine Spr\u00fctz, Jean Luc Falbriard, cr\u00e9ateur de l&rsquo;espace K \u00e0 Strasbourg<\/p>\n<p>Les personnalit\u00e9s qui font vivre, bouger et danser l\u2019Alsace, vous donnent rendez-vous tous les soirs, 19-21h dans la Top Family !<\/p>\n<p>Le capitaine Spr\u00fctz, Jean Luc Falbriard, cr\u00e9ateur de l&rsquo;espace K \u00e0 Strasbourg !<\/p>\n<p>Retrouvez plus d&rsquo;infos sur notre site internet<\/p>\n<p>Interview r\u00e9alis\u00e9e par Erwan Le Guilloux.<\/p>\n","protected":false},"excerpt":{"rendered":"10 d\u00e9cembre 2025 &#8211; 11 min Le capitaine Spr\u00fctz, Jean Luc Falbriard, cr\u00e9ateur de l&rsquo;espace K \u00e0 Strasbourg&hellip;\n","protected":false},"author":2,"featured_media":591584,"comment_status":"","ping_status":"","sticky":false,"template":"","format":"standard","meta":{"footnotes":""},"categories":[2820],"tags":[1111,11,2389,1777,674,1011,27,775,2173,12,25,640],"class_list":{"0":"post-591583","1":"post","2":"type-post","3":"status-publish","4":"format-standard","5":"has-post-thumbnail","7":"category-strasbourg","8":"tag-actu","9":"tag-actualites","10":"tag-alsace","11":"tag-eu","12":"tag-europe","13":"tag-fr","14":"tag-france","15":"tag-grand-est","16":"tag-interview","17":"tag-news","18":"tag-republique-francaise","19":"tag-strasbourg"},"share_on_mastodon":{"url":"https:\/\/pubeurope.com\/@fr\/115697785559205473","error":""},"_links":{"self":[{"href":"https:\/\/www.europesays.com\/fr\/wp-json\/wp\/v2\/posts\/591583","targetHints":{"allow":["GET"]}}],"collection":[{"href":"https:\/\/www.europesays.com\/fr\/wp-json\/wp\/v2\/posts"}],"about":[{"href":"https:\/\/www.europesays.com\/fr\/wp-json\/wp\/v2\/types\/post"}],"author":[{"embeddable":true,"href":"https:\/\/www.europesays.com\/fr\/wp-json\/wp\/v2\/users\/2"}],"replies":[{"embeddable":true,"href":"https:\/\/www.europesays.com\/fr\/wp-json\/wp\/v2\/comments?post=591583"}],"version-history":[{"count":0,"href":"https:\/\/www.europesays.com\/fr\/wp-json\/wp\/v2\/posts\/591583\/revisions"}],"wp:featuredmedia":[{"embeddable":true,"href":"https:\/\/www.europesays.com\/fr\/wp-json\/wp\/v2\/media\/591584"}],"wp:attachment":[{"href":"https:\/\/www.europesays.com\/fr\/wp-json\/wp\/v2\/media?parent=591583"}],"wp:term":[{"taxonomy":"category","embeddable":true,"href":"https:\/\/www.europesays.com\/fr\/wp-json\/wp\/v2\/categories?post=591583"},{"taxonomy":"post_tag","embeddable":true,"href":"https:\/\/www.europesays.com\/fr\/wp-json\/wp\/v2\/tags?post=591583"}],"curies":[{"name":"wp","href":"https:\/\/api.w.org\/{rel}","templated":true}]}}