{"id":591585,"date":"2025-12-10T23:07:38","date_gmt":"2025-12-10T23:07:38","guid":{"rendered":"https:\/\/www.europesays.com\/fr\/591585\/"},"modified":"2025-12-10T23:07:38","modified_gmt":"2025-12-10T23:07:38","slug":"5-vehicules-impliques-dans-un-accident-dimportants-bouchons-signales-sur-la4","status":"publish","type":"post","link":"https:\/\/www.europesays.com\/fr\/591585\/","title":{"rendered":"5 v\u00e9hicules impliqu\u00e9s dans un accident, d&rsquo;importants bouchons signal\u00e9s sur l&rsquo;A4"},"content":{"rendered":"<p>                    Par<br \/>\n        <strong><br \/>\n            <a href=\"https:\/\/actu.fr\/auteur\/thomas-blanc\" title=\"Consulter tous les articles de Thomas Blanc\" target=\"_blank\" rel=\"noopener\">Thomas Blanc<\/a><br \/>\n                    <\/strong><\/p>\n<p>        Publi\u00e9 le<\/p>\n<p>            10 d\u00e9c. 2025 \u00e0 19h38        <\/p>\n<p><strong>D\u2019importants bouchons<\/strong> impactent la <a href=\"https:\/\/actu.fr\/tag\/circulation\" target=\"_blank\" rel=\"noopener\">circulation<\/a> sur l\u2019A4, au nord de <a href=\"https:\/\/actu.fr\/strasbourg\/\" target=\"_blank\" rel=\"noopener\">Strasbourg<\/a>, ce mercredi 10\u00a0d\u00e9cembre en soir\u00e9e. \u00c0 l\u2019origine des embouteillages, un <a href=\"https:\/\/actu.fr\/tag\/accident\" target=\"_blank\" rel=\"noopener\">accident<\/a> au niveau de la commune de <strong>Brumath<\/strong> impliquant <strong>cinq v\u00e9hicules<\/strong>.<\/p>\n<p>Des bouchons jusqu\u2019\u00e0 l\u2019entr\u00e9e de Strasbourg<\/p>\n<p class=\" wall-content\">Entre 17h et 18h, un accident impliquant cinq v\u00e9hicules a eu lieu sur l\u2019autoroute A4 <strong>dans le sens Strasbourg \u2013 Paris<\/strong>. \u00c0 cet horaire de fin de journ\u00e9e, l\u2019\u00e9v\u00e8nement a engendr\u00e9 des bouchons tr\u00e8s importants s\u2019\u00e9tendant du secteur de Brumath \u00e0 l\u2019entr\u00e9e de Strasbourg.<\/p>\n<p class=\" wall-content\">\u00c0 19h10, la Sanef a fait savoir \u00e0 Actu Strasbourg que l\u2019intervention des d\u00e9panneuses pour <strong>remorquer deux des v\u00e9hicules accident\u00e9s<\/strong> \u00e9tait termin\u00e9e mais que le bouchon, au vu de sa taille, allait prendre du temps \u00e0 r\u00e9sorber.<\/p>\n<p>    <img   decoding=\"async\" loading=\"lazy\" src=\"https:\/\/www.europesays.com\/fr\/wp-content\/uploads\/2025\/12\/capture-decran-2025-12-10-192606-960x640.png\" alt=\"La circulation au nord de Strasbourg \u00e0 19h10.\" width=\"960\" height=\"640\"\/><br \/>\n    La circulation au nord de Strasbourg \u00e0 19h10. (\u00a9Waze)<\/p>\n<p class=\" wall-content\">\u00c0 la m\u00eame heure sur l\u2019application de navigation Waze, <strong>plus d\u2019une dizaine de kilom\u00e8tres d\u2019embouteillage<\/strong> \u00e9tait signal\u00e9e.<\/p>\n<p class=\" wall-content\">Personnalisez votre actualit\u00e9 en ajoutant vos villes et m\u00e9dias en favori avec <a href=\"https:\/\/moncompte.actu.fr\" title=\"D\u00e9couvez Mon Actu\" rel=\"nofollow noopener\" data-trk=\"{&quot;cta&quot;:{&quot;action&quot;:&quot;https:\\\/\\\/moncompte.actu.fr&quot;,&quot;category&quot;:&quot;mon compte&quot;,&quot;from&quot;:&quot;article footer&quot;,&quot;name&quot;:&quot;Mon actu&quot;,&quot;type&quot;:&quot;cta&quot;}}\" target=\"_blank\">Mon Actu<\/a>.<\/p>\n","protected":false},"excerpt":{"rendered":"Par Thomas Blanc Publi\u00e9 le 10 d\u00e9c. 2025 \u00e0 19h38 D\u2019importants bouchons impactent la circulation sur l\u2019A4, au&hellip;\n","protected":false},"author":2,"featured_media":591586,"comment_status":"","ping_status":"","sticky":false,"template":"","format":"standard","meta":{"footnotes":""},"categories":[2820],"tags":[119,1111,11,3542,1777,674,118,1011,27,775,12,25,640],"class_list":{"0":"post-591585","1":"post","2":"type-post","3":"status-publish","4":"format-standard","5":"has-post-thumbnail","7":"category-strasbourg","8":"tag-accident","9":"tag-actu","10":"tag-actualites","11":"tag-circulation","12":"tag-eu","13":"tag-europe","14":"tag-faits-divers","15":"tag-fr","16":"tag-france","17":"tag-grand-est","18":"tag-news","19":"tag-republique-francaise","20":"tag-strasbourg"},"share_on_mastodon":{"url":"https:\/\/pubeurope.com\/@fr\/115697789136159935","error":""},"_links":{"self":[{"href":"https:\/\/www.europesays.com\/fr\/wp-json\/wp\/v2\/posts\/591585","targetHints":{"allow":["GET"]}}],"collection":[{"href":"https:\/\/www.europesays.com\/fr\/wp-json\/wp\/v2\/posts"}],"about":[{"href":"https:\/\/www.europesays.com\/fr\/wp-json\/wp\/v2\/types\/post"}],"author":[{"embeddable":true,"href":"https:\/\/www.europesays.com\/fr\/wp-json\/wp\/v2\/users\/2"}],"replies":[{"embeddable":true,"href":"https:\/\/www.europesays.com\/fr\/wp-json\/wp\/v2\/comments?post=591585"}],"version-history":[{"count":0,"href":"https:\/\/www.europesays.com\/fr\/wp-json\/wp\/v2\/posts\/591585\/revisions"}],"wp:featuredmedia":[{"embeddable":true,"href":"https:\/\/www.europesays.com\/fr\/wp-json\/wp\/v2\/media\/591586"}],"wp:attachment":[{"href":"https:\/\/www.europesays.com\/fr\/wp-json\/wp\/v2\/media?parent=591585"}],"wp:term":[{"taxonomy":"category","embeddable":true,"href":"https:\/\/www.europesays.com\/fr\/wp-json\/wp\/v2\/categories?post=591585"},{"taxonomy":"post_tag","embeddable":true,"href":"https:\/\/www.europesays.com\/fr\/wp-json\/wp\/v2\/tags?post=591585"}],"curies":[{"name":"wp","href":"https:\/\/api.w.org\/{rel}","templated":true}]}}