{"id":591593,"date":"2025-12-10T23:12:26","date_gmt":"2025-12-10T23:12:26","guid":{"rendered":"https:\/\/www.europesays.com\/fr\/591593\/"},"modified":"2025-12-10T23:12:26","modified_gmt":"2025-12-10T23:12:26","slug":"angers-sco-fc-nantes-analyse-de-ladversaire","status":"publish","type":"post","link":"https:\/\/www.europesays.com\/fr\/591593\/","title":{"rendered":"Angers SCO &#8211; FC Nantes : Analyse de l&rsquo;adversaire"},"content":{"rendered":"\n<p class=\"has-text-align-center\"><strong>Angers SCO re\u00e7oit le FC Nantes pour un Derby, qui compte pour la 16\u00e8me journ\u00e9e de Ligue 1 McDonald\u2019s.<\/strong><\/p>\n<p><a href=\"https:\/\/angers-sco.fr\/wp-content\/uploads\/2025\/12\/iconsport_239974_0065-scaled.jpg\" target=\"_blank\" rel=\"noopener\"><img fetchpriority=\"high\" decoding=\"async\" width=\"1024\" height=\"683\" src=\"https:\/\/www.europesays.com\/fr\/wp-content\/uploads\/2025\/12\/iconsport_239974_0065-1024x683.jpg\" alt=\"\" class=\"wp-image-53987\"  \/><\/a><\/p>\n<p><strong>Fiche technique :<\/strong><\/p>\n<p><strong>Angers SCO \u2013 FC Nantes<\/strong><\/p>\n<p>Vendredi 12 d\u00e9cembre 2025, 20h45, Stade Raymond-Kopa<\/p>\n<p>J16 Ligue 1 McDonald\u2019s<\/p>\n<p><strong>L\u2019adversaire :<\/strong><\/p>\n<p>Actuel 17\u00e8me de Ligue 1 McDonald\u2019s, le FC Nantes traverse une p\u00e9riode difficile. Les pensionnaires de La Beaujoire n\u2019ont pas gagn\u00e9 depuis le 24 octobre dernier et ne comptent que deux victoires \u00e0 leur compteur. Les Jaunes et Verts ont cependant pris plus de la moiti\u00e9 de leurs points \u00e0 l\u2019ext\u00e9rieur, avec six points sur onze engrang\u00e9s (une victoire et trois matchs nuls).<\/p>\n<p><strong>Le joueur \u00e0 suivre : Matthis Abline<\/strong><\/p>\n<p><a href=\"https:\/\/angers-sco.fr\/wp-content\/uploads\/2025\/12\/iconsport_278616_0208-scaled.jpg\" target=\"_blank\" rel=\"noopener\"><img loading=\"lazy\" decoding=\"async\" width=\"1024\" height=\"683\" src=\"https:\/\/www.europesays.com\/fr\/wp-content\/uploads\/2025\/12\/iconsport_278616_0208-1024x683.jpg\" alt=\"\" class=\"wp-image-54010\"  \/><\/a><\/p>\n<p>\u00c9l\u00e9ment fort du secteur offensif nantais, Matthis Abline a r\u00e9alis\u00e9 un exercice plein l\u2019an pass\u00e9, avec neuf buts inscrits et deux passes d\u00e9cisives d\u00e9livr\u00e9es. Moins en vue cette saison, o\u00f9 il s\u2019est montr\u00e9 d\u00e9cisif \u00e0 quatre reprises (deux buts et deux passes d\u00e9cisives) en quinze matchs, il n\u2019en reste pas moins un danger pour les d\u00e9fenses adverses.<\/p>\n<p><strong>L\u2019arbitre de la rencontre<\/strong><\/p>\n<p>Madame St\u00e9phanie FRAPPART sera l\u2019arbitre au sifflet du Derby vendredi. Elle sera assist\u00e9e de Messieurs Steven TORREGROSSA et Gwena\u00ebl PASQUALOTTI. Monsieur Alexandre PERREAU NIEL sera le 4\u00e8me arbitre tandis que Mehdi MOKHTARI et Dominique JULIEN seront les assistants vid\u00e9o.<\/p>\n<p><strong>Les stats\u2019<\/strong><\/p>\n<p>Angers n\u2019a perdu que deux de ses huit derniers matches de Ligue 1 (4V 2N), apr\u00e8s s\u2019\u00eatre inclin\u00e9 lors des<br \/>trois pr\u00e9c\u00e9dents. Le SCO a ainsi engrang\u00e9 14 points lors de cette s\u00e9rie, seuls Lens (21), Lille (18) et le<br \/>Paris SG (17) font mieux depuis le retour de la tr\u00eave internationale d\u2019octobre.<\/p>\n<p>Yassine Belkhdim a \u00e9t\u00e9 impliqu\u00e9 sur un but lors de deux de ses trois derniers matches de Ligue 1 (2 buts). Ce week-end, il pourrait \u00eatre d\u00e9cisif deux fois de suite pour la premi\u00e8re fois dans l\u2019\u00e9lite.<\/p>\n<p>Jordan Lefort et Matthis Abline pourraient jouer leur 50\u00e8me match chacun depuis le d\u00e9but<br \/>de la saison derni\u00e8re en Ligue 1. Ce sont deux des trois joueurs de champ ayant disput\u00e9 tous les matches de leur \u00e9quipe actuelle sur la p\u00e9riode, aux c\u00f4t\u00e9s de Lassine Sinayoko, Lefort \u00e9tant m\u00eame le seul \u00e0 avoir \u00e9t\u00e9 titulaire \u00e0 chaque rencontre et \u00e0 n\u2019avoir manqu\u00e9 aucune minute sur la p\u00e9riode.<\/p>\n<p><strong>Le derni\u00e8re confrontation \u00e0 Raymond-Kopa<\/strong><\/p>\n<p>Le dernier Derby au Stade Raymond-Kopa en championnat a eu lieu lors de la cinqui\u00e8me journ\u00e9e de Ligue 1 McDonald\u2019s 2024-2025. Les Noir&amp;Blanc y ont r\u00e9colt\u00e9 leur premier point de la saison \u00e0 domicile en obtenant le match nul (1-1) Himad Abdelli avait r\u00e9pondu sur p\u00e9nalty \u00e0 l\u2019ouverture du score des Johann Lepenant.<\/p>\n<p><strong>Tous \u00e0 Raymond-Kopa !<\/strong><\/p>\n<p><a href=\"https:\/\/angers-sco.fr\/wp-content\/uploads\/2025\/12\/scoxaja-44-scaled.jpg\" target=\"_blank\" rel=\"noopener\"><img loading=\"lazy\" decoding=\"async\" width=\"1024\" height=\"683\" src=\"https:\/\/www.europesays.com\/fr\/wp-content\/uploads\/2025\/12\/scoxaja-44-1024x683.jpg\" alt=\"\" class=\"wp-image-53992\"  \/><\/a><\/p>\n<p>Un Derby \u00e0 la maison, \u00e7a ne se regarde pas, \u00e7a se vit. Tous au Stade pour pousser les Noir&amp;Blanc vers la victoire pour cette derni\u00e8re de l\u2019ann\u00e9e 2025 \u00e0 Raymond-Kopa !<\/p>\n","protected":false},"excerpt":{"rendered":"Angers SCO re\u00e7oit le FC Nantes pour un Derby, qui compte pour la 16\u00e8me journ\u00e9e de Ligue 1&hellip;\n","protected":false},"author":2,"featured_media":591594,"comment_status":"","ping_status":"","sticky":false,"template":"","format":"standard","meta":{"footnotes":""},"categories":[2818],"tags":[1111,11,1777,674,1011,27,766,12,2636,25],"class_list":{"0":"post-591593","1":"post","2":"type-post","3":"status-publish","4":"format-standard","5":"has-post-thumbnail","7":"category-nantes","8":"tag-actu","9":"tag-actualites","10":"tag-eu","11":"tag-europe","12":"tag-fr","13":"tag-france","14":"tag-nantes","15":"tag-news","16":"tag-pays-de-la-loire","17":"tag-republique-francaise"},"share_on_mastodon":{"url":"https:\/\/pubeurope.com\/@fr\/115697808708186816","error":""},"_links":{"self":[{"href":"https:\/\/www.europesays.com\/fr\/wp-json\/wp\/v2\/posts\/591593","targetHints":{"allow":["GET"]}}],"collection":[{"href":"https:\/\/www.europesays.com\/fr\/wp-json\/wp\/v2\/posts"}],"about":[{"href":"https:\/\/www.europesays.com\/fr\/wp-json\/wp\/v2\/types\/post"}],"author":[{"embeddable":true,"href":"https:\/\/www.europesays.com\/fr\/wp-json\/wp\/v2\/users\/2"}],"replies":[{"embeddable":true,"href":"https:\/\/www.europesays.com\/fr\/wp-json\/wp\/v2\/comments?post=591593"}],"version-history":[{"count":0,"href":"https:\/\/www.europesays.com\/fr\/wp-json\/wp\/v2\/posts\/591593\/revisions"}],"wp:featuredmedia":[{"embeddable":true,"href":"https:\/\/www.europesays.com\/fr\/wp-json\/wp\/v2\/media\/591594"}],"wp:attachment":[{"href":"https:\/\/www.europesays.com\/fr\/wp-json\/wp\/v2\/media?parent=591593"}],"wp:term":[{"taxonomy":"category","embeddable":true,"href":"https:\/\/www.europesays.com\/fr\/wp-json\/wp\/v2\/categories?post=591593"},{"taxonomy":"post_tag","embeddable":true,"href":"https:\/\/www.europesays.com\/fr\/wp-json\/wp\/v2\/tags?post=591593"}],"curies":[{"name":"wp","href":"https:\/\/api.w.org\/{rel}","templated":true}]}}