{"id":591599,"date":"2025-12-10T23:15:21","date_gmt":"2025-12-10T23:15:21","guid":{"rendered":"https:\/\/www.europesays.com\/fr\/591599\/"},"modified":"2025-12-10T23:15:21","modified_gmt":"2025-12-10T23:15:21","slug":"a-toulouse-jerome-bayle-demande-a-changer-de-strategie-sur-labattage-des-bovins","status":"publish","type":"post","link":"https:\/\/www.europesays.com\/fr\/591599\/","title":{"rendered":"\u00e0 Toulouse, J\u00e9r\u00f4me Bayle demande \u00e0 \u00ab\u00a0changer de strat\u00e9gie\u00a0\u00bb sur l&rsquo;abattage des bovins"},"content":{"rendered":"<p>                    Par<br \/>\n        <strong><br \/>\n            <a href=\"https:\/\/actu.fr\/auteur\/marie-lamarque\" title=\"Consulter tous les articles de Marie Lamarque\" target=\"_blank\" rel=\"noopener\">Marie Lamarque<\/a><br \/>\n                    <\/strong><\/p>\n<p>        Publi\u00e9 le<\/p>\n<p>            10 d\u00e9c. 2025 \u00e0 20h50        <\/p>\n<p>T\u00e9l\u00e9phone \u00e0 la main, <strong>J\u00e9r\u00f4me Bayle <\/strong>rejoint <strong>\u00c9douard Bergeon<\/strong> dans un caf\u00e9 de <a href=\"https:\/\/actu.fr\/toulouse\/\" target=\"_blank\" rel=\"noopener\">Toulouse<\/a>, non loin de L\u2019American Cosmograph. <a href=\"https:\/\/actu.fr\/occitanie\/montesquieu-volvestre_31375\/figure-de-la-colere-agricole-jerome-bayle-a-l-affiche-d-un-nouveau-film-ou-le-voir-a-toulouse_63523235.html\" target=\"_blank\" rel=\"noopener\">L\u2019agriculteur, devenu figure de la col\u00e8re paysanne<\/a> en Haute-Garonne d\u2019abord, puis tr\u00e8s vite \u00e0 l\u2019\u00e9chelle nationale, est \u00e0 l\u2019affiche du nouveau film du r\u00e9alisateur.<\/p>\n<p class=\" wall-content\">\u00c9douard Bergeon a ce stress de l\u2019avant-premi\u00e8re. Quel est le profil des habitu\u00e9s de ce cin\u00e9ma d\u2019art et d\u2019essai situ\u00e9 au centre de la Ville rose ? Comment Rural\u00a0sera-t-il accueilli par les urbains, ici, au c\u0153ur de <a href=\"https:\/\/actu.fr\/occitanie\/toulouse_31555\/population-toulouse-compte-desormais-511-684-habitants-et-va-devenir-3e-ville-de-france-tres-rapidement_62022339.html\" target=\"_blank\" rel=\"noopener\">la future 3\u1d49 ville de France<\/a> ? Des questions qui r\u00e9veillent le souvenir d\u2019un accueil mitig\u00e9 \u00e0 Paris lors de la sortie d\u2019Au nom de la terre, avec <strong>Guillaume Canet<\/strong>, il y a six ans. Le film avait, au total, presque enregistr\u00e9 2 millions d\u2019entr\u00e9es, mais \u00e0 peine 200 000 dans la capitale. \u00ab\u00a0\u00c0 croire qu\u2019\u00e0 Paris, ils ne mangent pas comme nous\u00a0\u00bb, lan\u00e7ait encore \u00c9douard Bergeon ce mardi 9 d\u00e9cembre 2025.<\/p>\n<p class=\" wall-content\">Rires dans la salle comble de L\u2019American Cosmograph. De quoi finalement rassurer le r\u00e9alisateur. J\u00e9r\u00f4me Bayle, lui, se montre inquiet. Il vient d\u2019apprendre <a href=\"https:\/\/actu.fr\/societe\/un-deuxieme-departement-d-occitanie-touche-par-la-dermatose-nodulaire-des-blocages-de-routes-en-ariege_63555492.html\" target=\"_blank\" rel=\"noopener\">l\u2019apparition d\u2019un foyer de dermatose nodulaire contagieuse (DNC)<\/a> \u2013 cette maladie qui touche les bovins \u2013 en Ari\u00e8ge. La profession est en alerte. \u00ab\u00a0Ce que je peux vous dire, c\u2019est que<strong> la r\u00e9gion Occitanie va faire parler d\u2019elle<\/strong> dans les jours \u00e0 venir\u00a0\u00bb, lance l\u2019agriculteur.<\/p>\n<p>295 communes de Haute-Garonne sous surveillance<\/p>\n<p class=\" wall-content\">Ce mardi soir, J\u00e9r\u00f4me peine \u00e0 quitter son t\u00e9l\u00e9phone des yeux. Les messages de d\u00e9tresse se multiplient. Car les agriculteurs situ\u00e9s dans un rayon de 50 km autour du foyer \u2013 d\u00e9tect\u00e9 dans la commune de<strong> Les-Bordes-sur-Arize<\/strong> \u2013 sont eux aussi impact\u00e9s.\u00a0<\/p>\n<p class=\" wall-content\"><strong>295 communes de Haute-Garonne<\/strong> sont concern\u00e9es par des <a href=\"https:\/\/actu.fr\/societe\/nouveau-foyer-de-dermatose-nodulaire-la-menace-est-aux-portes-de-toulouse-295-communes-sous-surveillance_63555912.html\" target=\"_blank\" rel=\"noopener\">mesures de protection impos\u00e9es par la pr\u00e9fecture<\/a> dans l\u2019objectif d\u2019\u00e9viter la propagation de la maladie. Le pr\u00e9fet interdit, notamment, tout mouvement d\u2019animaux, et les bovins doivent \u00eatre syst\u00e9matiquement vaccin\u00e9s.<\/p>\n<p>Vid\u00e9os : en ce moment sur Actu\u00ab\u00a0Je ne sais pas comment je vais rembourser mon cr\u00e9dit\u00a0\u00bb<\/p>\n<p class=\" wall-content\">Install\u00e9 \u00e0 <strong>Montesquieu-Volvestre<\/strong>, J\u00e9r\u00f4me fait partie des impact\u00e9s. \u00ab\u00a0Le foyer, il est \u00e0 10 bornes de chez moi\u00a0\u00bb, explique-t-il \u00e0 \u00c9douard Bergeon.<\/p>\n<p class=\" wall-content\">D\u00e9j\u00e0, <strong>il mesure les pertes \u00e9conomiques<\/strong> que ces mesures vont engendrer. \u00ab\u00a0J\u2019ai 35 veaux que je devais vendre, mais je ne pourrai pas. Pour moi, c\u2019est 90 jours minimum sans rentr\u00e9e d\u2019argent. Je ne sais pas comment je vais pouvoir rembourser mon cr\u00e9dit au d\u00e9but de l\u2019ann\u00e9e.\u00a0\u00bb<\/p>\n<p>Votre r\u00e9gion, votre actu !<\/p>\n<p>Recevez chaque jour les infos qui comptent pour vous.<\/p>\n<p>\t<a href=\"https:\/\/actu.fr\/newsletter\" class=\"ac-btn ac-btn--corner ac-btn--medium ac-btn--blue800\" target=\"_blank\" rel=\"noopener\">S&rsquo;incrire<\/a><br \/>\n\u00ab\u00a0Il faut changer de strat\u00e9gie\u00a0\u00bb, selon J\u00e9r\u00f4me Bayle<\/p>\n<p class=\" wall-content\">Pour l\u2019exploitation ari\u00e9geoise touch\u00e9e par la DNC, ce sont <strong>208 Blondes d\u2019Aquitaine<\/strong> qui vont \u00eatre abattues ce mercredi 10 d\u00e9cembre. \u00ab\u00a0C\u2019est leur histoire qui va partir. [\u2026] Cette histoire g\u00e9n\u00e9tique, on y tient\u00a0\u00bb, d\u00e9plore J\u00e9r\u00f4me Bayle.<\/p>\n<p class=\" wall-content\">Face au public toulousain, il l\u2019admet, il a d\u2019abord soutenu <strong>la politique d\u2019abattage syst\u00e9matique des bovins malades<\/strong>. \u00ab\u00a0Mais la strat\u00e9gie ne marche plus. Il faut la changer. Comme au rugby, quand on teste une strat\u00e9gie, que l\u2019on se prend 30 points dans les premi\u00e8res minutes de jeu, on change\u00a0\u00bb, prend-il en exemple.\u00a0<\/p>\n<p>    <img   decoding=\"async\" loading=\"lazy\" src=\"https:\/\/www.europesays.com\/fr\/wp-content\/uploads\/2025\/12\/jerome-bayle-toulouse-agriculture-960x640.jpg\" alt=\"J\u00e9r\u00f4me Bayle (\u00e0 gauche) explique aux spectateurs toulousains la d\u00e9tresse de sa profession.\" width=\"960\" height=\"640\"\/><br \/>\n    J\u00e9r\u00f4me Bayle (\u00e0 gauche) explique aux spectateurs toulousains la d\u00e9tresse de sa profession. (\u00a9Marie Lamarque \/ Actu Toulouse)Les agriculteurs attendent la ministre<\/p>\n<p class=\" wall-content\">\u00c0 la t\u00eate des \u00ab\u00a0Ultras de l\u2019A64\u00a0\u00bb, l\u2019association <a href=\"https:\/\/actu.fr\/societe\/haute-garonne-la-liste-des-ultras-de-l-a64-et-de-jerome-bayle-gagne-les-elections-a-la-chambre-d-agriculture_62220295.html\" target=\"_blank\" rel=\"noopener\">aux commandes de la chambre d\u2019agriculture en Haute-Garonne<\/a>, il n\u2019exclut pas une nouvelle mobilisation de la profession. <strong>Plusieurs blocages ont \u00e9t\u00e9 organis\u00e9s<\/strong> sur les routes de l\u2019Ari\u00e8ge ce mercredi matin.<\/p>\n<p class=\" wall-content\">Les agriculteurs attendaient la venue de la ministre de l\u2019Agriculture, <strong>Annie Genevard<\/strong>, sur place. \u00ab\u00a0Il faut arr\u00eater de ramener du poids et du stress sur les exploitations\u00a0\u00bb, concluait J\u00e9r\u00f4me Bayle, ce mardi soir, sous les applaudissements des spectateurs toulousains.<\/p>\n<p class=\" wall-content\">Personnalisez votre actualit\u00e9 en ajoutant vos villes et m\u00e9dias en favori avec <a href=\"https:\/\/moncompte.actu.fr\" title=\"D\u00e9couvez Mon Actu\" rel=\"nofollow noopener\" data-trk=\"{&quot;cta&quot;:{&quot;action&quot;:&quot;https:\\\/\\\/moncompte.actu.fr&quot;,&quot;category&quot;:&quot;mon compte&quot;,&quot;from&quot;:&quot;article footer&quot;,&quot;name&quot;:&quot;Mon actu&quot;,&quot;type&quot;:&quot;cta&quot;}}\" target=\"_blank\">Mon Actu<\/a>.<\/p>\n","protected":false},"excerpt":{"rendered":"Par Marie Lamarque Publi\u00e9 le 10 d\u00e9c. 2025 \u00e0 20h50 T\u00e9l\u00e9phone \u00e0 la main, J\u00e9r\u00f4me Bayle rejoint \u00c9douard&hellip;\n","protected":false},"author":2,"featured_media":591600,"comment_status":"","ping_status":"","sticky":false,"template":"","format":"standard","meta":{"footnotes":""},"categories":[2816],"tags":[1111,11,327,650,1777,674,1011,27,12,2680,25,104,2312],"class_list":{"0":"post-591599","1":"post","2":"type-post","3":"status-publish","4":"format-standard","5":"has-post-thumbnail","7":"category-toulouse","8":"tag-actu","9":"tag-actualites","10":"tag-agriculture","11":"tag-cinema","12":"tag-eu","13":"tag-europe","14":"tag-fr","15":"tag-france","16":"tag-news","17":"tag-occitanie","18":"tag-republique-francaise","19":"tag-societe","20":"tag-toulouse"},"share_on_mastodon":{"url":"https:\/\/pubeurope.com\/@fr\/115697820264562082","error":""},"_links":{"self":[{"href":"https:\/\/www.europesays.com\/fr\/wp-json\/wp\/v2\/posts\/591599","targetHints":{"allow":["GET"]}}],"collection":[{"href":"https:\/\/www.europesays.com\/fr\/wp-json\/wp\/v2\/posts"}],"about":[{"href":"https:\/\/www.europesays.com\/fr\/wp-json\/wp\/v2\/types\/post"}],"author":[{"embeddable":true,"href":"https:\/\/www.europesays.com\/fr\/wp-json\/wp\/v2\/users\/2"}],"replies":[{"embeddable":true,"href":"https:\/\/www.europesays.com\/fr\/wp-json\/wp\/v2\/comments?post=591599"}],"version-history":[{"count":0,"href":"https:\/\/www.europesays.com\/fr\/wp-json\/wp\/v2\/posts\/591599\/revisions"}],"wp:featuredmedia":[{"embeddable":true,"href":"https:\/\/www.europesays.com\/fr\/wp-json\/wp\/v2\/media\/591600"}],"wp:attachment":[{"href":"https:\/\/www.europesays.com\/fr\/wp-json\/wp\/v2\/media?parent=591599"}],"wp:term":[{"taxonomy":"category","embeddable":true,"href":"https:\/\/www.europesays.com\/fr\/wp-json\/wp\/v2\/categories?post=591599"},{"taxonomy":"post_tag","embeddable":true,"href":"https:\/\/www.europesays.com\/fr\/wp-json\/wp\/v2\/tags?post=591599"}],"curies":[{"name":"wp","href":"https:\/\/api.w.org\/{rel}","templated":true}]}}