{"id":591601,"date":"2025-12-10T23:16:13","date_gmt":"2025-12-10T23:16:13","guid":{"rendered":"https:\/\/www.europesays.com\/fr\/591601\/"},"modified":"2025-12-10T23:16:13","modified_gmt":"2025-12-10T23:16:13","slug":"jai-peur-des-trottinettes-electriques-pres-de-toulouse-les-mobilites-douces-sous-surveillance","status":"publish","type":"post","link":"https:\/\/www.europesays.com\/fr\/591601\/","title":{"rendered":"\u00ab\u00a0J\u2019ai peur des trottinettes \u00e9lectriques\u00a0\u00bb\u00a0: pr\u00e8s de Toulouse, les mobilit\u00e9s douces sous surveillance"},"content":{"rendered":"<p>\n                                                                    l&rsquo;essentiel<br \/>\n                                                                Les trottinettes \u00e9lectriques suscitent des inqui\u00e9tudes croissantes en Haute-Garonne. La pr\u00e9fecture intensifie les contr\u00f4les pour sensibiliser aux r\u00e8gles de s\u00e9curit\u00e9. Depuis 2021, 398 accidents ont \u00e9t\u00e9 recens\u00e9s.\n                            <\/p>\n<p>Paul regarde sa trottinette\u00a0comme un objet dont il ne saurait que faire. \u00ab\u00a0Je l\u2019utilise depuis lundi seulement\u2026 C\u2019est celle de ma femme. J\u2019ai un peu peur, avoue-t-il. Sur les pistes cyclables, les voitures roulent n\u2019importe comment. Et comme pi\u00e9ton, j\u2019ai peur aussi des trottinettes \u00e9lectriques\u00a0: certains les trafiquent, \u00e7a file \u00e0 toute allure.\u00a0\u00bb<\/p>\n<p>Ce mercredi apr\u00e8s-midi, les passants sont rares. Les contr\u00f4les, eux, ne passent pas inaper\u00e7us sur la place Georges-Brassens, \u00e0 Blagnac. Alors que les f\u00eates de fin d\u2019ann\u00e9e approchent et qu\u2019en janvier de nouveaux utilisateurs rejoindront les voies de circulation \u00e0 v\u00e9los ou en engins de d\u00e9placement personnel motoris\u00e9s (trottinettes \u00e9lectriques, gyropodes, monoroues\u2026), la pr\u00e9fecture de Haute-Garonne veut rappeler les r\u00e8gles de s\u00e9curit\u00e9.<\/p>\n<p class=\"std-elt__inline\">\n        <strong>\u00c0 lire aussi :<\/strong><br \/>\n        <a href=\"https:\/\/www.ladepeche.fr\/2025\/11\/25\/accident-de-trottinette-un-homme-de-30-ans-heliporte-apres-une-chute-nocturne-sur-une-route-nationale-13072670.php\" target=\"_blank\" rel=\"noopener\">Accident de trottinette\u00a0: un homme de 30 ans h\u00e9liport\u00e9 apr\u00e8s une chute nocturne sur une route nationale<\/a>\n    <\/p>\n<p>Un policier a arr\u00eat\u00e9 Paul quelques minutes plus t\u00f4t, sourire calme, ton p\u00e9dagogue. L\u2019homme sur sa trottinette \u00e9lectrique d\u00e9couvre alors une r\u00e8gle qu\u2019il ignorait\u00a0: l\u2019assurance obligatoire. \u00ab\u00a0Il faut vous rapprocher de votre assureur. C\u2019est depuis plus d\u2019un an, explique le fonctionnaire. \u00c7a ne vous co\u00fbtera qu\u2019une dizaine d\u2019euros par mois. Aujourd\u2019hui, c\u2019est juste de la sensibilisation.\u00a0\u00bb<\/p>\n<p>\u00ab\u00a0Il y a une m\u00e9connaissance des r\u00e8gles\u2026\u00a0\u00bb<\/p>\n<p>\u00c0 quelques m\u00e8tres, Houda Vernhet, directrice de cabinet du pr\u00e9fet de la r\u00e9gion Occitanie, observe la sc\u00e8ne. La pr\u00e9fecture a choisi Blagnac, hors de Toulouse, \u00ab\u00a0pour faire passer des messages\u00a0\u00bb, dit-elle. \u00ab\u00a0\u00c0 l\u2019approche des f\u00eates, il faut rappeler les r\u00e8gles\u00a0: casque fortement recommand\u00e9, pas d\u2019\u00e9couteurs, pas d\u2019alcool, pas de conduite avant 14 ans, jamais \u00e0 deux sur une trottinette, et priorit\u00e9 aux pistes cyclables.\u00a0\u00bb\u00a0Elle souligne une hausse continue des accidents\u00a0: en Haute-Garonne, 398 accidents li\u00e9s aux mobilit\u00e9s douces ont \u00e9t\u00e9 recens\u00e9s depuis 2021. 380 personnes ont \u00e9t\u00e9 bless\u00e9s. \u00ab\u00a0Entre\u00a02024 et\u00a02025, les accidents ont presque doubl\u00e9, avec quatre morts pour ces engins. Cette m\u00e9connaissance des r\u00e8gles, chez les n\u00e9ophytes comme chez les habitu\u00e9s, est un vrai sujet.\u00a0\u00bb<\/p>\n<p>Derri\u00e8re elle, une jeune femme, tout sourire, se fait \u00e0 son tour contr\u00f4ler. \u00ab\u00a0Je l\u2019ai eue il y a deux mois\u2026 Pas encore assur\u00e9e, mais c\u2019\u00e9tait pr\u00e9vu\u00a0\u00bb, dit-elle. Pas de surprise, pas d\u2019agacement\u00a0: \u00ab\u00a0C\u2019est bien qu\u2019ils nous contr\u00f4lent. Les trottinettes peuvent \u00eatre dangereuses, beaucoup ne font pas attention. Je me suis d\u00e9j\u00e0 fait une entorse.\u00a0\u00bb\u00a0Elle repart avec le guide des bonnes pratiques gliss\u00e9 dans son sac.<\/p>\n<p data-is-last-node=\"\" data-is-only-node=\"\">Au total, 55 personnes sont mortes sur les routes du d\u00e9partement depuis janvier, dont 58\u00a0% class\u00e9es \u00ab\u00a0vuln\u00e9rables\u00a0\u00bb\u00a0: pi\u00e9tons, deux-roues, engins de mobilit\u00e9 douce.<\/p>\n","protected":false},"excerpt":{"rendered":"l&rsquo;essentiel Les trottinettes \u00e9lectriques suscitent des inqui\u00e9tudes croissantes en Haute-Garonne. La pr\u00e9fecture intensifie les contr\u00f4les pour sensibiliser aux&hellip;\n","protected":false},"author":2,"featured_media":591602,"comment_status":"","ping_status":"","sticky":false,"template":"","format":"standard","meta":{"footnotes":""},"categories":[2816],"tags":[1111,11,55766,33,1777,674,1011,27,2722,12,2680,25,2312,800],"class_list":{"0":"post-591601","1":"post","2":"type-post","3":"status-publish","4":"format-standard","5":"has-post-thumbnail","7":"category-toulouse","8":"tag-actu","9":"tag-actualites","10":"tag-blagnac","11":"tag-economie","12":"tag-eu","13":"tag-europe","14":"tag-fr","15":"tag-france","16":"tag-haute-garonne","17":"tag-news","18":"tag-occitanie","19":"tag-republique-francaise","20":"tag-toulouse","21":"tag-transports"},"share_on_mastodon":{"url":"https:\/\/pubeurope.com\/@fr\/115697823524179140","error":""},"_links":{"self":[{"href":"https:\/\/www.europesays.com\/fr\/wp-json\/wp\/v2\/posts\/591601","targetHints":{"allow":["GET"]}}],"collection":[{"href":"https:\/\/www.europesays.com\/fr\/wp-json\/wp\/v2\/posts"}],"about":[{"href":"https:\/\/www.europesays.com\/fr\/wp-json\/wp\/v2\/types\/post"}],"author":[{"embeddable":true,"href":"https:\/\/www.europesays.com\/fr\/wp-json\/wp\/v2\/users\/2"}],"replies":[{"embeddable":true,"href":"https:\/\/www.europesays.com\/fr\/wp-json\/wp\/v2\/comments?post=591601"}],"version-history":[{"count":0,"href":"https:\/\/www.europesays.com\/fr\/wp-json\/wp\/v2\/posts\/591601\/revisions"}],"wp:featuredmedia":[{"embeddable":true,"href":"https:\/\/www.europesays.com\/fr\/wp-json\/wp\/v2\/media\/591602"}],"wp:attachment":[{"href":"https:\/\/www.europesays.com\/fr\/wp-json\/wp\/v2\/media?parent=591601"}],"wp:term":[{"taxonomy":"category","embeddable":true,"href":"https:\/\/www.europesays.com\/fr\/wp-json\/wp\/v2\/categories?post=591601"},{"taxonomy":"post_tag","embeddable":true,"href":"https:\/\/www.europesays.com\/fr\/wp-json\/wp\/v2\/tags?post=591601"}],"curies":[{"name":"wp","href":"https:\/\/api.w.org\/{rel}","templated":true}]}}